{"id":4062,"date":"2016-03-29T16:29:56","date_gmt":"2016-03-29T15:29:56","guid":{"rendered":"http:\/\/www.ac-germania.com\/?p=4062"},"modified":"2016-03-29T16:29:56","modified_gmt":"2016-03-29T15:29:56","slug":"oldrich-varga-vom-tschechischen-verband-fuer-u23-em-nominiert","status":"publish","type":"post","link":"https:\/\/www.ac-germania.com\/?p=4062","title":{"rendered":"Oldrich Varga vom Tschechischen-Verband f\u00fcr U23-EM nominiert"},"content":{"rendered":"<p>Nicht \u00fcberraschend kam die Meldung, dass der tschechische Punktgarant des AC Germania Artern von seinem Landesverband f\u00fcr die U23-Europameisterschaft in Ruse \/ Bulgarien nominiert wurde.<\/p>\n<p><img loading=\"lazy\" decoding=\"async\" class=\"alignnone size-full wp-image-3611\" src=\"https:\/\/www.ac-germania.com\/A_ACG\/wordpress\/wp-content\/uploads\/2015\/10\/2015-10-11-001.jpg\" alt=\"2015-10-11-001\" width=\"800\" height=\"467\" srcset=\"https:\/\/www.ac-germania.com\/A_ACG\/wordpress\/wp-content\/uploads\/2015\/10\/2015-10-11-001.jpg 800w, https:\/\/www.ac-germania.com\/A_ACG\/wordpress\/wp-content\/uploads\/2015\/10\/2015-10-11-001-300x175.jpg 300w, https:\/\/www.ac-germania.com\/A_ACG\/wordpress\/wp-content\/uploads\/2015\/10\/2015-10-11-001-150x88.jpg 150w\" sizes=\"auto, (max-width: 800px) 100vw, 800px\" \/><\/p>\n<p>Damit ist \u201eOlda\u201c nach Markus Knobel der zweite Arterner Bundesligaathlet der die Kleinstadt im Kyffh\u00e4userkreis bei der ab heute beginnenden U23-EM vertritt. Mit seinen 22 Jahren kann Oldrich dabei auf eine unglaubliche sportliche Vita zur\u00fcckblicken, bereits siebenmal vertrat er Tschechien bei einer Europameisterschaft, zweimal durfte er an Weltmeisterschaften teilnehmen.<\/p>\n<p>Im Bundesligateam des AC Germania z\u00e4hlt \u201eOlda\u201c seit einigen Jahren zu den erfolgreichsten Punktesammlern und in der letzten Bundesligasaison schaffte er es sogar unter die Top6-Athleten der gesamten Liga. Trotz einiger sehr lukrativer Angebote entschied sich Oldrich auch in dieser Saison f\u00fcr den ACG aufzulaufen.<\/p>\n<p>Am heutigen Dienstag muss \u201eOlda\u201c \u00fcber die Waage, sein Limit bis 75kg ist mit 25 gemeldeten Athleten stark besetzt, der Wettkampf beginnt morgen fr\u00fch.<\/p>\n<p><img loading=\"lazy\" decoding=\"async\" class=\"alignnone size-full wp-image-3579\" src=\"https:\/\/www.ac-germania.com\/A_ACG\/wordpress\/wp-content\/uploads\/2015\/09\/2015-0-13-001.jpg\" alt=\"2015-0-13-001\" width=\"800\" height=\"392\" srcset=\"https:\/\/www.ac-germania.com\/A_ACG\/wordpress\/wp-content\/uploads\/2015\/09\/2015-0-13-001.jpg 800w, https:\/\/www.ac-germania.com\/A_ACG\/wordpress\/wp-content\/uploads\/2015\/09\/2015-0-13-001-300x147.jpg 300w, https:\/\/www.ac-germania.com\/A_ACG\/wordpress\/wp-content\/uploads\/2015\/09\/2015-0-13-001-150x74.jpg 150w\" sizes=\"auto, (max-width: 800px) 100vw, 800px\" \/><\/p>\n","protected":false},"excerpt":{"rendered":"<p>Nicht \u00fcberraschend kam die Meldung, dass der tschechische Punktgarant des AC Germania Artern von seinem Landesverband f\u00fcr die U23-Europameisterschaft in Ruse \/ Bulgarien nominiert wurde. Damit ist \u201eOlda\u201c nach Markus Knobel der zweite Arterner Bundesligaathlet der die Kleinstadt im Kyffh\u00e4userkreis bei der ab heute beginnenden U23-EM vertritt. Mit seinen 22 \u2026 <a class=\"continue-reading-link\" href=\"https:\/\/www.ac-germania.com\/?p=4062\">Weiterlesen <span class=\"meta-nav\">&rarr; <\/span><\/a><\/p>\n","protected":false},"author":1,"featured_media":3611,"comment_status":"open","ping_status":"open","sticky":false,"template":"","format":"standard","meta":{"footnotes":""},"categories":[9],"tags":[],"class_list":["post-4062","post","type-post","status-publish","format-standard","has-post-thumbnail","hentry","category-news-2016"],"_links":{"self":[{"href":"https:\/\/www.ac-germania.com\/index.php?rest_route=\/wp\/v2\/posts\/4062","targetHints":{"allow":["GET"]}}],"collection":[{"href":"https:\/\/www.ac-germania.com\/index.php?rest_route=\/wp\/v2\/posts"}],"about":[{"href":"https:\/\/www.ac-germania.com\/index.php?rest_route=\/wp\/v2\/types\/post"}],"author":[{"embeddable":true,"href":"https:\/\/www.ac-germania.com\/index.php?rest_route=\/wp\/v2\/users\/1"}],"replies":[{"embeddable":true,"href":"https:\/\/www.ac-germania.com\/index.php?rest_route=%2Fwp%2Fv2%2Fcomments&post=4062"}],"version-history":[{"count":0,"href":"https:\/\/www.ac-germania.com\/index.php?rest_route=\/wp\/v2\/posts\/4062\/revisions"}],"wp:featuredmedia":[{"embeddable":true,"href":"https:\/\/www.ac-germania.com\/index.php?rest_route=\/wp\/v2\/media\/3611"}],"wp:attachment":[{"href":"https:\/\/www.ac-germania.com\/index.php?rest_route=%2Fwp%2Fv2%2Fmedia&parent=4062"}],"wp:term":[{"taxonomy":"category","embeddable":true,"href":"https:\/\/www.ac-germania.com\/index.php?rest_route=%2Fwp%2Fv2%2Fcategories&post=4062"},{"taxonomy":"post_tag","embeddable":true,"href":"https:\/\/www.ac-germania.com\/index.php?rest_route=%2Fwp%2Fv2%2Ftags&post=4062"}],"curies":[{"name":"wp","href":"https:\/\/api.w.org\/{rel}","templated":true}]}}