{"id":406,"date":"2012-06-16T10:35:58","date_gmt":"2012-06-16T08:35:58","guid":{"rendered":"http:\/\/www.ac-germania.com\/A_ACG\/wordpress\/?p=406"},"modified":"2012-06-16T10:35:58","modified_gmt":"2012-06-16T08:35:58","slug":"kids-in-action-projekttag-beim-acg","status":"publish","type":"post","link":"https:\/\/www.ac-germania.com\/?p=406","title":{"rendered":"Kids in Action &#8211; Projekttag beim ACG"},"content":{"rendered":"<p>Am 5. Juni 2012 fand der nun schon fast zur Tradition gewordene Sport-Projekttag des AC Germania Artern mit den Arterner Kindertagesst\u00e4tten statt. Der Einladung folgten fast 100 bewegungsfreudige Kids mit ihren ebenso sportbegeisterten Betreuerinnen der KITA\u2019s \u201eBummi\u201c, \u201eRegenbogen\u201c, der Magdalenenstra\u00dfe und dem Kalbsriether \u201eZwergenland\u201c. Trotz eher miesepetrigem Wetters an diesem Tag waren alle guter Stimmung. Und letztendlich hatte der Wettergott auch ein Herz f\u00fcr Kinder und so konnte am sp\u00e4ten Vormittag das gro\u00dfe, seit langem f\u00fcr diesen Tag gesammelte Lagerfeuer, entz\u00fcndet werden. Nebenbei konnten die Kinder unter Aufsicht der ACG \u00dcbungsleiter und den Mitarbeiterinnen der Kinderg\u00e4rten bei kleinen Spielen in der Halle und auf einer kunterbunten H\u00fcpfburg ihren Bewegungsdrang freien Lauf lassen. Die Kids lie\u00dfen sich nicht lange bitten und erst\u00fcrmten Freude strahlend die gro\u00dfe H\u00fcpfburg. Aber auch Ringerpuppen, Kletterwand und B\u00e4lle blieben nicht ungenutzt und wurden von vielen kleinen H\u00e4nden begeistert ausprobiert. Mit Getr\u00e4nken und einem kleinen Imbiss klang der fr\u00f6hliche Projekttag in der Mittagsstunden aus. Einige der Kleinen waren zum ersten Mal im Ringerhaus, viele andere der KITA-Kids sind regelm\u00e4\u00dfig G\u00e4ste, des immer am Dienstag Nachmittag stattfindenden Kindertrainings der Arterner Ringer. Mit diesem Projekttag geht eine weitere KITA-Trainingssaison zu Ende und der AC Germania verabschiedet sich damit bei den Kleinsten in die Sommerpause. Die n\u00e4chsten Sportnachmittage finden dann wieder, wie gewohnt, im September statt. Dank gilt der Stadt f\u00fcr die Unterst\u00fctzung, den Mitarbeiterinnen der Kindertagesst\u00e4tten f\u00fcr die Betreuung, den flei\u00dfigen ACG Frauen f\u00fcr die Organisation im Hintergrund und die Versorgung, aber auch den \u00dcbungsleitern Hartmut Fleischhauer, Heidi Reinhardt, Uwe Kausch, Rainer Getschmann, Michael Kinitz, Dieter Mattke, Hartmut Jahnke und Gerhard G\u00fcnther, welche sich regelm\u00e4\u00dfig um die Betreuung und die Sportstunden mit den J\u00fcngsten k\u00fcmmern. Weitere Bilder vom erlebnisreichen Vormittag finden Eltrern und Kids im Schaukasten des AC Germania Artern auf dem Marktplatz in Artern.<\/p>\n<p style=\"text-align: center;\"><a href=\"https:\/\/www.ac-germania.com\/A_ACG\/wordpress\/wp-content\/uploads\/2012\/06\/2012-06-16-00111.jpg\" target=\"_blank\"><img loading=\"lazy\" decoding=\"async\" class=\"aligncenter size-medium wp-image-576\" style=\"border: 1px solid black;\" alt=\"2012-06-16-001\" src=\"https:\/\/www.ac-germania.com\/A_ACG\/wordpress\/wp-content\/uploads\/2012\/06\/2012-06-16-0011-300x263.jpg\" width=\"300\" height=\"263\" srcset=\"https:\/\/www.ac-germania.com\/A_ACG\/wordpress\/wp-content\/uploads\/2012\/06\/2012-06-16-0011-300x263.jpg 300w, https:\/\/www.ac-germania.com\/A_ACG\/wordpress\/wp-content\/uploads\/2012\/06\/2012-06-16-0011-170x150.jpg 170w, https:\/\/www.ac-germania.com\/A_ACG\/wordpress\/wp-content\/uploads\/2012\/06\/2012-06-16-0011.jpg 500w\" sizes=\"auto, (max-width: 300px) 100vw, 300px\" \/><\/a><\/p>\n","protected":false},"excerpt":{"rendered":"<p>Am 5. Juni 2012 fand der nun schon fast zur Tradition gewordene Sport-Projekttag des AC Germania Artern mit den Arterner Kindertagesst\u00e4tten statt. Der Einladung folgten fast 100 bewegungsfreudige Kids mit ihren ebenso sportbegeisterten Betreuerinnen der KITA\u2019s \u201eBummi\u201c, \u201eRegenbogen\u201c, der Magdalenenstra\u00dfe und dem Kalbsriether \u201eZwergenland\u201c. Trotz eher miesepetrigem Wetters an diesem \u2026 <a class=\"continue-reading-link\" href=\"https:\/\/www.ac-germania.com\/?p=406\">Weiterlesen <span class=\"meta-nav\">&rarr; <\/span><\/a><\/p>\n","protected":false},"author":1,"featured_media":576,"comment_status":"open","ping_status":"open","sticky":false,"template":"","format":"standard","meta":{"footnotes":""},"categories":[5],"tags":[],"class_list":["post-406","post","type-post","status-publish","format-standard","has-post-thumbnail","hentry","category-news-2012"],"_links":{"self":[{"href":"https:\/\/www.ac-germania.com\/index.php?rest_route=\/wp\/v2\/posts\/406","targetHints":{"allow":["GET"]}}],"collection":[{"href":"https:\/\/www.ac-germania.com\/index.php?rest_route=\/wp\/v2\/posts"}],"about":[{"href":"https:\/\/www.ac-germania.com\/index.php?rest_route=\/wp\/v2\/types\/post"}],"author":[{"embeddable":true,"href":"https:\/\/www.ac-germania.com\/index.php?rest_route=\/wp\/v2\/users\/1"}],"replies":[{"embeddable":true,"href":"https:\/\/www.ac-germania.com\/index.php?rest_route=%2Fwp%2Fv2%2Fcomments&post=406"}],"version-history":[{"count":0,"href":"https:\/\/www.ac-germania.com\/index.php?rest_route=\/wp\/v2\/posts\/406\/revisions"}],"wp:featuredmedia":[{"embeddable":true,"href":"https:\/\/www.ac-germania.com\/index.php?rest_route=\/wp\/v2\/media\/576"}],"wp:attachment":[{"href":"https:\/\/www.ac-germania.com\/index.php?rest_route=%2Fwp%2Fv2%2Fmedia&parent=406"}],"wp:term":[{"taxonomy":"category","embeddable":true,"href":"https:\/\/www.ac-germania.com\/index.php?rest_route=%2Fwp%2Fv2%2Fcategories&post=406"},{"taxonomy":"post_tag","embeddable":true,"href":"https:\/\/www.ac-germania.com\/index.php?rest_route=%2Fwp%2Fv2%2Ftags&post=406"}],"curies":[{"name":"wp","href":"https:\/\/api.w.org\/{rel}","templated":true}]}}