{"id":4055,"date":"2016-03-27T17:16:18","date_gmt":"2016-03-27T16:16:18","guid":{"rendered":"http:\/\/www.ac-germania.com\/?p=4055"},"modified":"2016-03-27T17:16:18","modified_gmt":"2016-03-27T16:16:18","slug":"markus-knobel-fuer-u23-em-nominiert","status":"publish","type":"post","link":"https:\/\/www.ac-germania.com\/?p=4055","title":{"rendered":"Markus Knobel f\u00fcr U23-EM nominiert"},"content":{"rendered":"<p>Nachdem Jan Zizka (CZE) Mitte M\u00e4rz die Germanenfarben bereits bei den Europameisterschaften der M\u00e4nner im lettischen Riga vertreten hat wurde nun vom Deutschen Ringerbund Markus Knobel f\u00fcr die Titelk\u00e4mpfe der U23-Athleten im bulgarischen Ruse nominiert.<\/p>\n<p><img loading=\"lazy\" decoding=\"async\" class=\"alignnone size-full wp-image-3865\" src=\"https:\/\/www.ac-germania.com\/A_ACG\/wordpress\/wp-content\/uploads\/2015\/12\/2015-12-15-002.jpg\" alt=\"2015-12-15-002\" width=\"800\" height=\"394\" srcset=\"https:\/\/www.ac-germania.com\/A_ACG\/wordpress\/wp-content\/uploads\/2015\/12\/2015-12-15-002.jpg 800w, https:\/\/www.ac-germania.com\/A_ACG\/wordpress\/wp-content\/uploads\/2015\/12\/2015-12-15-002-300x148.jpg 300w, https:\/\/www.ac-germania.com\/A_ACG\/wordpress\/wp-content\/uploads\/2015\/12\/2015-12-15-002-768x378.jpg 768w, https:\/\/www.ac-germania.com\/A_ACG\/wordpress\/wp-content\/uploads\/2015\/12\/2015-12-15-002-150x74.jpg 150w\" sizes=\"auto, (max-width: 800px) 100vw, 800px\" \/><\/p>\n<p>Markus wechselte 2015 zum AC Germania Artern und konnte nach anf\u00e4nglichen Startschwierigkeiten im Saisonverlauf zur erhofften Verst\u00e4rkung avancieren. Besonders bei seinem 11:4 Punktsieg gegen den starken Robert Olle (SVK) von Erzgebirge Aue zeigte der Wahlleipziger in der letzten Bundesligasaison was er auf dem Kasten hat.<\/p>\n<p><em>\u201eDie ersten K\u00e4mpfe liefen nicht wirklich gut f\u00fcr mich, eine Erkl\u00e4rung daf\u00fcr habe ich nicht. Am ACG hat es nicht gelegen, ich wurde von allen sehr freundlich aufgenommen und habe mich in Artern sofort wohlgef\u00fchlt. Umso mehr hat es mich gefreut, dass ich dem Team im Saisonverlauf mit einigen Siegen weiterhelfen konnte.\u201c<\/em> so der 22-j\u00e4hrige Knobel.<\/p>\n<p><img loading=\"lazy\" decoding=\"async\" class=\"alignnone size-full wp-image-3565\" src=\"https:\/\/www.ac-germania.com\/A_ACG\/wordpress\/wp-content\/uploads\/2015\/09\/2015-09-11-001.jpg\" alt=\"2015-09-11-001\" width=\"800\" height=\"439\" srcset=\"https:\/\/www.ac-germania.com\/A_ACG\/wordpress\/wp-content\/uploads\/2015\/09\/2015-09-11-001.jpg 800w, https:\/\/www.ac-germania.com\/A_ACG\/wordpress\/wp-content\/uploads\/2015\/09\/2015-09-11-001-300x165.jpg 300w, https:\/\/www.ac-germania.com\/A_ACG\/wordpress\/wp-content\/uploads\/2015\/09\/2015-09-11-001-150x82.jpg 150w\" sizes=\"auto, (max-width: 800px) 100vw, 800px\" \/><\/p>\n<p>International konnte der zweifache Deutsche Meister bereits 2011 mit seinem f\u00fcnften Platz bei der Kadetten-Europameisterschaft in Warschau (POL) \u00fcberzeugen. In den letzten Wochen weilte Markus mit dem Nationalteam zum Trainingslager in Kaliningrad (RUS), den letzten Schliff holt er sich aktuell am Olympiast\u00fctzpunkt in Leipzig und im heimischen Aalen.<\/p>\n<p>Die EM beginnt am 29.03. in der Bulstrad Arena in Ruse \/ Bulgarien, Markus geht im Limit bis 74kg an den Start.<\/p>\n<p><span style=\"text-decoration: underline;\"><strong>Die DRB-Nominierungen im Einzelnen:<\/strong><\/span><\/p>\n<p><strong>Frauen:<\/strong><br \/>\n53kg Sandra Paruszewski<br \/>\n55kg Eva Sauer<br \/>\n75kg Anna Schell<\/p>\n<p><strong>Freistil:<\/strong><br \/>\n57kg Nico Zarcone<br \/>\n61kg Manuel Wolfer<br \/>\n65kg Alexander Semisorov<br \/>\n70kg Stefan K\u00e4ppeler<br \/>\n<strong>74kg Markus Knobel<\/strong><br \/>\n86kg Benjamin Opitz<br \/>\n97kg Wladimir Remel<br \/>\n125kg Robin Ferdinand<\/p>\n<p><strong>Gr.R\u00f6m.:<\/strong><br \/>\n59kg Etienne Kinsinger<br \/>\n66kg Mohammad Yasin Yeter<br \/>\n80kg Hannes Wagner<br \/>\n98kg Etka Sever<br \/>\n130kg Christian John<\/p>\n","protected":false},"excerpt":{"rendered":"<p>Nachdem Jan Zizka (CZE) Mitte M\u00e4rz die Germanenfarben bereits bei den Europameisterschaften der M\u00e4nner im lettischen Riga vertreten hat wurde nun vom Deutschen Ringerbund Markus Knobel f\u00fcr die Titelk\u00e4mpfe der U23-Athleten im bulgarischen Ruse nominiert. Markus wechselte 2015 zum AC Germania Artern und konnte nach anf\u00e4nglichen Startschwierigkeiten im Saisonverlauf zur \u2026 <a class=\"continue-reading-link\" href=\"https:\/\/www.ac-germania.com\/?p=4055\">Weiterlesen <span class=\"meta-nav\">&rarr; <\/span><\/a><\/p>\n","protected":false},"author":1,"featured_media":3865,"comment_status":"open","ping_status":"open","sticky":false,"template":"","format":"standard","meta":{"footnotes":""},"categories":[9],"tags":[],"class_list":["post-4055","post","type-post","status-publish","format-standard","has-post-thumbnail","hentry","category-news-2016"],"_links":{"self":[{"href":"https:\/\/www.ac-germania.com\/index.php?rest_route=\/wp\/v2\/posts\/4055","targetHints":{"allow":["GET"]}}],"collection":[{"href":"https:\/\/www.ac-germania.com\/index.php?rest_route=\/wp\/v2\/posts"}],"about":[{"href":"https:\/\/www.ac-germania.com\/index.php?rest_route=\/wp\/v2\/types\/post"}],"author":[{"embeddable":true,"href":"https:\/\/www.ac-germania.com\/index.php?rest_route=\/wp\/v2\/users\/1"}],"replies":[{"embeddable":true,"href":"https:\/\/www.ac-germania.com\/index.php?rest_route=%2Fwp%2Fv2%2Fcomments&post=4055"}],"version-history":[{"count":0,"href":"https:\/\/www.ac-germania.com\/index.php?rest_route=\/wp\/v2\/posts\/4055\/revisions"}],"wp:featuredmedia":[{"embeddable":true,"href":"https:\/\/www.ac-germania.com\/index.php?rest_route=\/wp\/v2\/media\/3865"}],"wp:attachment":[{"href":"https:\/\/www.ac-germania.com\/index.php?rest_route=%2Fwp%2Fv2%2Fmedia&parent=4055"}],"wp:term":[{"taxonomy":"category","embeddable":true,"href":"https:\/\/www.ac-germania.com\/index.php?rest_route=%2Fwp%2Fv2%2Fcategories&post=4055"},{"taxonomy":"post_tag","embeddable":true,"href":"https:\/\/www.ac-germania.com\/index.php?rest_route=%2Fwp%2Fv2%2Ftags&post=4055"}],"curies":[{"name":"wp","href":"https:\/\/api.w.org\/{rel}","templated":true}]}}