{"id":4048,"date":"2016-03-24T09:57:42","date_gmt":"2016-03-24T08:57:42","guid":{"rendered":"http:\/\/www.ac-germania.com\/?p=4048"},"modified":"2016-03-24T09:57:42","modified_gmt":"2016-03-24T08:57:42","slug":"enviam-gruppe-unterstuetzt-projekt-fuer-fluechtlinge-beim-ac-germania","status":"publish","type":"post","link":"https:\/\/www.ac-germania.com\/?p=4048","title":{"rendered":"enviaM-Gruppe unterst\u00fctzt Projekt f\u00fcr Fl\u00fcchtlinge beim AC Germania"},"content":{"rendered":"<p>Die enviaM-Gruppe unterst\u00fctzt ein Projekt f\u00fcr Fl\u00fcchtlinge in Artern. Der Athletenclub Germania Artern 1900 integriert asylsuchende Fl\u00fcchtlinge in das Vereinsleben und erh\u00e4lt daf\u00fcr 500 Euro sowie einen Trikotsatz. Der Energiedienstleister f\u00f6rdert das Vorhaben im Rahmen des \u201eIntegrationsfonds\u201c. Dieser kann von Vereinen mit speziellen Aktivit\u00e4ten zur Integration von Fl\u00fcchtlingen in Anspruch genommen werden.<\/p>\n<p><img loading=\"lazy\" decoding=\"async\" class=\"alignnone size-full wp-image-4049\" src=\"https:\/\/www.ac-germania.com\/A_ACG\/wordpress\/wp-content\/uploads\/2016\/03\/2016-03-24-001.jpg\" alt=\"2016-03-24-001\" width=\"800\" height=\"413\" srcset=\"https:\/\/www.ac-germania.com\/A_ACG\/wordpress\/wp-content\/uploads\/2016\/03\/2016-03-24-001.jpg 800w, https:\/\/www.ac-germania.com\/A_ACG\/wordpress\/wp-content\/uploads\/2016\/03\/2016-03-24-001-300x155.jpg 300w, https:\/\/www.ac-germania.com\/A_ACG\/wordpress\/wp-content\/uploads\/2016\/03\/2016-03-24-001-768x396.jpg 768w, https:\/\/www.ac-germania.com\/A_ACG\/wordpress\/wp-content\/uploads\/2016\/03\/2016-03-24-001-150x77.jpg 150w\" sizes=\"auto, (max-width: 800px) 100vw, 800px\" \/><\/p>\n<p>Der Arterner Athletenclub bietet Trainingsm\u00f6glichkeiten f\u00fcr die traditionsbehaftete Sportart Ringen. Derzeit trainieren auch 15 Fl\u00fcchtlinge zwischen 8 und 18 Jahren gemeinsam mit weiteren Sportbegeisterten. Vereinsvorstand Lothar Finke m\u00f6chte noch mehr asylsuchende Kinder und Jugendliche integrieren: <em>\u201eWir engagieren uns stark im Nachwuchsbereich und schaffen nicht nur ein sportliches, sondern auch ein soziales Umfeld. Jugendlichen eine Perspektive bieten, steht f\u00fcr uns an oberster Stelle. Die Herkunft spielt dabei keine Rolle. Bei uns darf jeder mitringen.\u201c<\/em><\/p>\n<p><img loading=\"lazy\" decoding=\"async\" class=\"alignnone size-full wp-image-4050\" src=\"https:\/\/www.ac-germania.com\/A_ACG\/wordpress\/wp-content\/uploads\/2016\/03\/2016-03-24-002.jpg\" alt=\"2016-03-24-002\" width=\"800\" height=\"486\" srcset=\"https:\/\/www.ac-germania.com\/A_ACG\/wordpress\/wp-content\/uploads\/2016\/03\/2016-03-24-002.jpg 800w, https:\/\/www.ac-germania.com\/A_ACG\/wordpress\/wp-content\/uploads\/2016\/03\/2016-03-24-002-300x182.jpg 300w, https:\/\/www.ac-germania.com\/A_ACG\/wordpress\/wp-content\/uploads\/2016\/03\/2016-03-24-002-768x467.jpg 768w, https:\/\/www.ac-germania.com\/A_ACG\/wordpress\/wp-content\/uploads\/2016\/03\/2016-03-24-002-150x91.jpg 150w\" sizes=\"auto, (max-width: 800px) 100vw, 800px\" \/><\/p>\n<p>Die enviaM-Gruppe ist sich den gesellschaftlichen Herausforderungen durch die steigende Zahl von Asylbewerbern in den Kommunen bewusst und macht sich f\u00fcr ihre Integration stark. Vereine, die an einer F\u00f6rderung durch den Fonds des Unternehmens interessiert sind, werden gebeten, \u00fcber ihre Kommunen einen entsprechenden Antrag zu stellen. Dieser ist bei den jeweiligen Kommunalbetreuern der enviaM-Gruppe oder im Internet unter <a href=\"http:\/\/www.energie-bewegt.de\/soziales\">www.energie-bewegt.de\/soziales<\/a> erh\u00e4ltlich.<\/p>\n<p><em>\u201eIn den Vereinen bieten sich viele M\u00f6glichkeiten f\u00fcr ein gelebtes Miteinander der verschiedenen Kulturen. Mit dem \u201aIntegrationsfonds\u2018 leisten wir unseren Beitrag zur Willkommenskultur f\u00fcr asylsuchende Fl\u00fcchtlinge\u201c<\/em>, so Michael Scheffler, Kommunalbetreuer bei enviaM.<\/p>\n<p>Der Fonds hat ein Volumen von 55.000 Euro. Antragsberechtigt sind St\u00e4dte und Gemeinden im Grundversorgungsgebiet der enviaM-Gruppe, das sich \u00fcber Teile der Bundesl\u00e4nder Brandenburg, Sachsen, Sachsen-Anhalt und Th\u00fcringen erstreckt.<\/p>\n<p><img loading=\"lazy\" decoding=\"async\" class=\"alignnone size-full wp-image-4051\" src=\"https:\/\/www.ac-germania.com\/A_ACG\/wordpress\/wp-content\/uploads\/2016\/03\/2016-03-24-003.jpg\" alt=\"2016-03-24-003\" width=\"800\" height=\"289\" srcset=\"https:\/\/www.ac-germania.com\/A_ACG\/wordpress\/wp-content\/uploads\/2016\/03\/2016-03-24-003.jpg 800w, https:\/\/www.ac-germania.com\/A_ACG\/wordpress\/wp-content\/uploads\/2016\/03\/2016-03-24-003-300x108.jpg 300w, https:\/\/www.ac-germania.com\/A_ACG\/wordpress\/wp-content\/uploads\/2016\/03\/2016-03-24-003-768x277.jpg 768w, https:\/\/www.ac-germania.com\/A_ACG\/wordpress\/wp-content\/uploads\/2016\/03\/2016-03-24-003-150x54.jpg 150w\" sizes=\"auto, (max-width: 800px) 100vw, 800px\" \/><\/p>\n","protected":false},"excerpt":{"rendered":"<p>Die enviaM-Gruppe unterst\u00fctzt ein Projekt f\u00fcr Fl\u00fcchtlinge in Artern. Der Athletenclub Germania Artern 1900 integriert asylsuchende Fl\u00fcchtlinge in das Vereinsleben und erh\u00e4lt daf\u00fcr 500 Euro sowie einen Trikotsatz. Der Energiedienstleister f\u00f6rdert das Vorhaben im Rahmen des \u201eIntegrationsfonds\u201c. Dieser kann von Vereinen mit speziellen Aktivit\u00e4ten zur Integration von Fl\u00fcchtlingen in Anspruch \u2026 <a class=\"continue-reading-link\" href=\"https:\/\/www.ac-germania.com\/?p=4048\">Weiterlesen <span class=\"meta-nav\">&rarr; <\/span><\/a><\/p>\n","protected":false},"author":1,"featured_media":4049,"comment_status":"open","ping_status":"open","sticky":false,"template":"","format":"standard","meta":{"footnotes":""},"categories":[9],"tags":[],"class_list":["post-4048","post","type-post","status-publish","format-standard","has-post-thumbnail","hentry","category-news-2016"],"_links":{"self":[{"href":"https:\/\/www.ac-germania.com\/index.php?rest_route=\/wp\/v2\/posts\/4048","targetHints":{"allow":["GET"]}}],"collection":[{"href":"https:\/\/www.ac-germania.com\/index.php?rest_route=\/wp\/v2\/posts"}],"about":[{"href":"https:\/\/www.ac-germania.com\/index.php?rest_route=\/wp\/v2\/types\/post"}],"author":[{"embeddable":true,"href":"https:\/\/www.ac-germania.com\/index.php?rest_route=\/wp\/v2\/users\/1"}],"replies":[{"embeddable":true,"href":"https:\/\/www.ac-germania.com\/index.php?rest_route=%2Fwp%2Fv2%2Fcomments&post=4048"}],"version-history":[{"count":0,"href":"https:\/\/www.ac-germania.com\/index.php?rest_route=\/wp\/v2\/posts\/4048\/revisions"}],"wp:featuredmedia":[{"embeddable":true,"href":"https:\/\/www.ac-germania.com\/index.php?rest_route=\/wp\/v2\/media\/4049"}],"wp:attachment":[{"href":"https:\/\/www.ac-germania.com\/index.php?rest_route=%2Fwp%2Fv2%2Fmedia&parent=4048"}],"wp:term":[{"taxonomy":"category","embeddable":true,"href":"https:\/\/www.ac-germania.com\/index.php?rest_route=%2Fwp%2Fv2%2Fcategories&post=4048"},{"taxonomy":"post_tag","embeddable":true,"href":"https:\/\/www.ac-germania.com\/index.php?rest_route=%2Fwp%2Fv2%2Ftags&post=4048"}],"curies":[{"name":"wp","href":"https:\/\/api.w.org\/{rel}","templated":true}]}}