{"id":404,"date":"2012-05-12T10:30:12","date_gmt":"2012-05-12T08:30:12","guid":{"rendered":"http:\/\/www.ac-germania.com\/A_ACG\/wordpress\/?p=404"},"modified":"2012-05-12T10:30:12","modified_gmt":"2012-05-12T08:30:12","slug":"erster-trainingslehrgang-fur-regionalligateam","status":"publish","type":"post","link":"https:\/\/www.ac-germania.com\/?p=404","title":{"rendered":"Erster Trainingslehrgang f\u00fcr Regionalligateam"},"content":{"rendered":"<p>Vergangenes Wochenende luden Cheftrainer Michael Getschmann und Manschaftsbetreuer Lothar Finke zum ersten gemeinsamen Trainingslehrgang f\u00fcr die im August beginnende Regionalligasaison ein. Der Einladung waren aus verschiedenen Gr\u00fcnden nicht alle Kaderathleten nachgekommen, dennoch konnte gerade in den unteren Gewichtsklassen von 55- bis 66kg alles aufgeboten werden was auch im August beim scharfen Start auf und an der Matte stehen wird. Los ging es am Freitag mit einer 2,5-Stunden langen Einheit wo es nach der Erw\u00e4rmung direkt mit Kampf\u00fcbungen und anschlie\u00dfenden Dauerringen weiterging. Samstag morgen stand eine 45 min\u00fctige Laufeinheit mit Treppensprints auf Arterns Freilichtb\u00fchne auf dem Programm. Hier stimmte der Teamchef schon mal auf den Saisonbeginn gegen Luftfahrt Berlin am 25.08. ein denn wenn das Wetter mitspielt werden die Germanen Ihren Auftaktkampf erneut aus der Unstruthalle hierher verlegen. Anschlie\u00dfend ging es wieder auf die Matte wo der Fokus auf technisch-taktischen \u00dcbungen lag. Vor der Mittagspause stand dann noch mal Dauerringen und Kampf\u00fcbungen auf dem Plan. \u201eMeine Sportler pr\u00e4sentierten sich hier zum gr\u00f6\u00dften Teil in einer f\u00fcr diesen Zeitpunkt sehr guten Form, die Einsatzbereitschaft vor allem beim Ringen war bei allen sehr gut und macht mir f\u00fcr die weitere Saisonvorbereitung Hoffnung\u201c meinte Michael Getschmann w\u00e4hrend der Mittagspause. Nach dem Essen wurden die Sportler in einen Kraft-Ausdauer-Parcours mit acht Stationen geschickt, welcher insgesamt dreimal durchlaufen werden musste. Gegen 15.00 Uhr war dann auch diese Einheit zu Ende und die Sportler wurden ins verdiente Wochenende geschickt. Das n\u00e4chste Trainingslager findet am 22. und 23.06. statt.<\/p>\n","protected":false},"excerpt":{"rendered":"<p>Vergangenes Wochenende luden Cheftrainer Michael Getschmann und Manschaftsbetreuer Lothar Finke zum ersten gemeinsamen Trainingslehrgang f\u00fcr die im August beginnende Regionalligasaison ein. Der Einladung waren aus verschiedenen Gr\u00fcnden nicht alle Kaderathleten nachgekommen, dennoch konnte gerade in den unteren Gewichtsklassen von 55- bis 66kg alles aufgeboten werden was auch im August beim \u2026 <a class=\"continue-reading-link\" href=\"https:\/\/www.ac-germania.com\/?p=404\">Weiterlesen <span class=\"meta-nav\">&rarr; <\/span><\/a><\/p>\n","protected":false},"author":1,"featured_media":0,"comment_status":"open","ping_status":"open","sticky":false,"template":"","format":"standard","meta":{"footnotes":""},"categories":[5],"tags":[],"class_list":["post-404","post","type-post","status-publish","format-standard","hentry","category-news-2012"],"_links":{"self":[{"href":"https:\/\/www.ac-germania.com\/index.php?rest_route=\/wp\/v2\/posts\/404","targetHints":{"allow":["GET"]}}],"collection":[{"href":"https:\/\/www.ac-germania.com\/index.php?rest_route=\/wp\/v2\/posts"}],"about":[{"href":"https:\/\/www.ac-germania.com\/index.php?rest_route=\/wp\/v2\/types\/post"}],"author":[{"embeddable":true,"href":"https:\/\/www.ac-germania.com\/index.php?rest_route=\/wp\/v2\/users\/1"}],"replies":[{"embeddable":true,"href":"https:\/\/www.ac-germania.com\/index.php?rest_route=%2Fwp%2Fv2%2Fcomments&post=404"}],"version-history":[{"count":0,"href":"https:\/\/www.ac-germania.com\/index.php?rest_route=\/wp\/v2\/posts\/404\/revisions"}],"wp:attachment":[{"href":"https:\/\/www.ac-germania.com\/index.php?rest_route=%2Fwp%2Fv2%2Fmedia&parent=404"}],"wp:term":[{"taxonomy":"category","embeddable":true,"href":"https:\/\/www.ac-germania.com\/index.php?rest_route=%2Fwp%2Fv2%2Fcategories&post=404"},{"taxonomy":"post_tag","embeddable":true,"href":"https:\/\/www.ac-germania.com\/index.php?rest_route=%2Fwp%2Fv2%2Ftags&post=404"}],"curies":[{"name":"wp","href":"https:\/\/api.w.org\/{rel}","templated":true}]}}