{"id":4016,"date":"2016-03-12T21:27:44","date_gmt":"2016-03-12T20:27:44","guid":{"rendered":"http:\/\/www.ac-germania.com\/?p=4016"},"modified":"2016-03-14T10:28:43","modified_gmt":"2016-03-14T09:28:43","slug":"jan-ziska-vertritt-acg-zur-ringer-em-in-riga-litauen","status":"publish","type":"post","link":"https:\/\/www.ac-germania.com\/?p=4016","title":{"rendered":"Jan Ziska vertritt ACG zur Ringer-EM in Riga \/ Litauen"},"content":{"rendered":"<p>Zum Abschluss eines f\u00fcr den AC Germania sehr ereignisreichen Wochenendes mit dem Mitteldeutschen Meistertitel durch Alexander Lehmann (Bericht folgt) steht f\u00fcr Jan Ziska am morgigen Sonntag der bisher gr\u00f6\u00dfte Karriereh\u00f6hepunkt auf dem Programm.<\/p>\n<div id=\"attachment_4017\" style=\"width: 810px\" class=\"wp-caption alignnone\"><img loading=\"lazy\" decoding=\"async\" aria-describedby=\"caption-attachment-4017\" class=\"wp-image-4017 size-full\" src=\"https:\/\/www.ac-germania.com\/A_ACG\/wordpress\/wp-content\/uploads\/2016\/03\/2016-03-12-001.jpg\" alt=\"2016-03-12-001\" width=\"800\" height=\"512\" srcset=\"https:\/\/www.ac-germania.com\/A_ACG\/wordpress\/wp-content\/uploads\/2016\/03\/2016-03-12-001.jpg 800w, https:\/\/www.ac-germania.com\/A_ACG\/wordpress\/wp-content\/uploads\/2016\/03\/2016-03-12-001-300x192.jpg 300w, https:\/\/www.ac-germania.com\/A_ACG\/wordpress\/wp-content\/uploads\/2016\/03\/2016-03-12-001-768x492.jpg 768w, https:\/\/www.ac-germania.com\/A_ACG\/wordpress\/wp-content\/uploads\/2016\/03\/2016-03-12-001-150x96.jpg 150w\" sizes=\"auto, (max-width: 800px) 100vw, 800px\" \/><p id=\"caption-attachment-4017\" class=\"wp-caption-text\">David Vala (130kg\/RSK Gelenau) und Jan Ziska bei der EM in Riga.<\/p><\/div>\n<p>Nach der erfolgreichen Saison in der 2. Bundesliga mit dem AC Germania Artern folgte f\u00fcr den sympathischen Tschechen im Januar und Februar international ein erfolgreicher Jahresauftakt. Bronze bei den Zagreb-Open (Kroatien) und ein starker f\u00fcnfter Platz beim Grand Prix von Ungarn \u00fcberzeugten den Tschechischen Nationaltrainer Jan im Limit bis 71kg f\u00fcr die Europameisterschaft in Riga (Litauen) zu nominieren.<\/p>\n<p>Jan steigt im 1\/8-Finale in das Turnier ein und trifft dort auf den Sieger der Qualifikationsrunde Kristaps KALNAKARKLIS (Litauen) oder Hasan ALIYEV (Aserbaidschan, 5. Olympia 2012, 3. European-Games Baku 2015). Mit dem deutschen Frank St\u00e4bler startet in dieser Gewichtsklasse auch der aktuelle Weltmeister im 66kg-Limit.<\/p>\n<p>ACG Neuzugang Matous Morbitzer (CZE) muss aufgrund einer Verletzung passen und startet nicht wie geplant im Limit bis 66kg in Riga.<\/p>\n<p>Wir werden euch am Sonntag \u00fcber unsere <a href=\"https:\/\/www.facebook.com\/acgartern\/\" target=\"_blank\">Facebookseite<\/a> aktuell auf dem Laufenden halten.<\/p>\n<p><a href=\"https:\/\/unitedworldwrestling.org\/event\/European-championship-senior-1\" target=\"_blank\">&gt;&gt; Hier gibts Ergebnisse und Videos zur EM in Riga<\/a><\/p>\n","protected":false},"excerpt":{"rendered":"<p>Zum Abschluss eines f\u00fcr den AC Germania sehr ereignisreichen Wochenendes mit dem Mitteldeutschen Meistertitel durch Alexander Lehmann (Bericht folgt) steht f\u00fcr Jan Ziska am morgigen Sonntag der bisher gr\u00f6\u00dfte Karriereh\u00f6hepunkt auf dem Programm. Nach der erfolgreichen Saison in der 2. Bundesliga mit dem AC Germania Artern folgte f\u00fcr den sympathischen \u2026 <a class=\"continue-reading-link\" href=\"https:\/\/www.ac-germania.com\/?p=4016\">Weiterlesen <span class=\"meta-nav\">&rarr; <\/span><\/a><\/p>\n","protected":false},"author":1,"featured_media":4017,"comment_status":"open","ping_status":"open","sticky":false,"template":"","format":"standard","meta":{"footnotes":""},"categories":[9],"tags":[],"class_list":["post-4016","post","type-post","status-publish","format-standard","has-post-thumbnail","hentry","category-news-2016"],"_links":{"self":[{"href":"https:\/\/www.ac-germania.com\/index.php?rest_route=\/wp\/v2\/posts\/4016","targetHints":{"allow":["GET"]}}],"collection":[{"href":"https:\/\/www.ac-germania.com\/index.php?rest_route=\/wp\/v2\/posts"}],"about":[{"href":"https:\/\/www.ac-germania.com\/index.php?rest_route=\/wp\/v2\/types\/post"}],"author":[{"embeddable":true,"href":"https:\/\/www.ac-germania.com\/index.php?rest_route=\/wp\/v2\/users\/1"}],"replies":[{"embeddable":true,"href":"https:\/\/www.ac-germania.com\/index.php?rest_route=%2Fwp%2Fv2%2Fcomments&post=4016"}],"version-history":[{"count":0,"href":"https:\/\/www.ac-germania.com\/index.php?rest_route=\/wp\/v2\/posts\/4016\/revisions"}],"wp:featuredmedia":[{"embeddable":true,"href":"https:\/\/www.ac-germania.com\/index.php?rest_route=\/wp\/v2\/media\/4017"}],"wp:attachment":[{"href":"https:\/\/www.ac-germania.com\/index.php?rest_route=%2Fwp%2Fv2%2Fmedia&parent=4016"}],"wp:term":[{"taxonomy":"category","embeddable":true,"href":"https:\/\/www.ac-germania.com\/index.php?rest_route=%2Fwp%2Fv2%2Fcategories&post=4016"},{"taxonomy":"post_tag","embeddable":true,"href":"https:\/\/www.ac-germania.com\/index.php?rest_route=%2Fwp%2Fv2%2Ftags&post=4016"}],"curies":[{"name":"wp","href":"https:\/\/api.w.org\/{rel}","templated":true}]}}