{"id":401,"date":"2012-04-02T10:24:33","date_gmt":"2012-04-02T08:24:33","guid":{"rendered":"http:\/\/www.ac-germania.com\/A_ACG\/wordpress\/?p=401"},"modified":"2012-04-02T10:24:33","modified_gmt":"2012-04-02T08:24:33","slug":"erfolgreiches-abschneiden-der-germanen-bei-sportlerwahl-2011","status":"publish","type":"post","link":"https:\/\/www.ac-germania.com\/?p=401","title":{"rendered":"Erfolgreiches Abschneiden der Germanen bei Sportlerwahl 2011"},"content":{"rendered":"<p>Am 30.03.2012 war es so weit, die Sieger der Sportlerwahl sollten verk\u00fcndet werden. \u00dcber 7500 Stimmzettel der diesj\u00e4hrigen Sportlerwahl des Kyffh\u00e4userkreises wurden durch die sportbegeisterten Einwohner, Freunde und Vereinskameraden eingesandt und beim Kreissportbund durch flei\u00dfige H\u00e4nde ausgewertet und die Stimmen f\u00fcr die Lieblinge zusammengez\u00e4hlt. Auch eine 35-k\u00f6pfige Germanencrew folgte der Einladung zur Festveranstaltung und wurde schon am Einlass herzlich mit, sogar gr\u00fcn-gelben Willkommenstrunk, durch die Mitarbeiter des Kreissportbundes begr\u00fc\u00dft.<\/p>\n<p>Der Burghof auf dem Kyffh\u00e4user bot einen w\u00fcrdigen Rahmen f\u00fcr eine gelungene und gut vorbereitete Veranstaltung zu Ehren der Sportler. Nach einleitenden Worten und stimmungsvollen Schlachtrufen der Arterner Germanen, sowie der wortgewaltigen Fu\u00dfaller aus Westerengel und Begr\u00fc\u00dfungsreden des Landrates und der Pr\u00e4sidenten des Kreis- und Landessportbundes wurden mit einem kr\u00e4ftigen \u201eSport frei!\u201c die sportlichen Lieblinge des Kyffh\u00e4userkreises gek\u00fcrt. Moderator Heiko Grimm f\u00fchrte hierbei fr\u00f6hlich und wortgewandt durchs Programm. F\u00fcr die Arterner Germanen waren als Nachwuchssportler Katharina Gilewitsch und Alexander Lehmann angetreten, dazu wurde bei den Sportlern Mario Panitzsch, bei den Nachwuchsmannschaften die Jugendmannschaft um Trainer Gerhard G\u00fcnther und die Oberliaga-M\u00e4nnermanschaft bei den Mannschaftssportlern nominiert. Und niemand sollte an diesem Abend leer ausgehen. So sicherten sich Katharina und Mario in ihrer Kategorie den 1. Platz und wurden mit lauten \u201eAC, AC, AC! \u2013 Rufen\u201c zu den Beliebtesten Sportlern 2011 gek\u00fcrt. Leider konnte \u201ePanik\u201c seine Auszeichnung nicht pers\u00f6nlich in Empfang, da er beruflich verhindert war. Alexander sicherte sich den 3. Platz, ebenso wie die M\u00e4nnermannschaft, welche sich nur knapp den Westerengelner Fu\u00dfballern und den attraktiven M\u00e4dels der Volleyballmannschaft vom Empor Sondershausen geschlagen geben musste. Die Mattenf\u00fcchse um Coach G\u00fcnther wurden mit einem tollen 2. Platz hinter der Jugend vom Badminton-Verein aus Bad Frankenhausen belohnt. Auszeichnungen und Gl\u00fcckw\u00fcnsche wurden von allen Ausgezeichneten gern entgegen genommen und die gute Stimmung, welche auch durch Tanzauftritte des Arterner Turnvereins und einer Karate-Vorf\u00fchrung des Sondersh\u00e4user Clubs angeheizt wurde, wurde nebenbei auch zum Tanz, zu Gespr\u00e4chen mit anderen Sportlern und G\u00e4sten, sowie leckerem Essen der Burghofcrew genutzt. Alles in allem war es eine w\u00fcrdige Veranstaltung in lockerer Umgebung deren gesellschaftliche Stellung daran zu erkennen war, dass neben Vertretern der Presse und vielen B\u00fcrgermeistern der umliegenden St\u00e4dte und Gemeinden, neben dem Landrat auch Mitglieder von Land- und Bundestag, sowie Vertreter der Sponsoren und F\u00f6rderer der Vereine den Weg zum Kyffh\u00e4user fanden. Das letzte Jahr positiv bilanzierend und hoffnungsvoll auf das kommende Sportjahr schauend, wurde der Abend abgeschlossen und noch einige Veranstaltungsteilnehmer mit tollen Geschenken nach der Aufl\u00f6sung des Preisr\u00e4tsels belohnt. Die gute Stimmung und die Auszeichnungen bei der Festveranstaltung sind hoffentlich f\u00fcr alle Germanen Ansporn genug auch in 2012 ihr Bestes zu geben. Denn die n\u00e4chste Sportlerwahl kommt bestimmt.<\/p>\n","protected":false},"excerpt":{"rendered":"<p>Am 30.03.2012 war es so weit, die Sieger der Sportlerwahl sollten verk\u00fcndet werden. \u00dcber 7500 Stimmzettel der diesj\u00e4hrigen Sportlerwahl des Kyffh\u00e4userkreises wurden durch die sportbegeisterten Einwohner, Freunde und Vereinskameraden eingesandt und beim Kreissportbund durch flei\u00dfige H\u00e4nde ausgewertet und die Stimmen f\u00fcr die Lieblinge zusammengez\u00e4hlt. Auch eine 35-k\u00f6pfige Germanencrew folgte der \u2026 <a class=\"continue-reading-link\" href=\"https:\/\/www.ac-germania.com\/?p=401\">Weiterlesen <span class=\"meta-nav\">&rarr; <\/span><\/a><\/p>\n","protected":false},"author":1,"featured_media":0,"comment_status":"open","ping_status":"open","sticky":false,"template":"","format":"standard","meta":{"footnotes":""},"categories":[5],"tags":[],"class_list":["post-401","post","type-post","status-publish","format-standard","hentry","category-news-2012"],"_links":{"self":[{"href":"https:\/\/www.ac-germania.com\/index.php?rest_route=\/wp\/v2\/posts\/401","targetHints":{"allow":["GET"]}}],"collection":[{"href":"https:\/\/www.ac-germania.com\/index.php?rest_route=\/wp\/v2\/posts"}],"about":[{"href":"https:\/\/www.ac-germania.com\/index.php?rest_route=\/wp\/v2\/types\/post"}],"author":[{"embeddable":true,"href":"https:\/\/www.ac-germania.com\/index.php?rest_route=\/wp\/v2\/users\/1"}],"replies":[{"embeddable":true,"href":"https:\/\/www.ac-germania.com\/index.php?rest_route=%2Fwp%2Fv2%2Fcomments&post=401"}],"version-history":[{"count":0,"href":"https:\/\/www.ac-germania.com\/index.php?rest_route=\/wp\/v2\/posts\/401\/revisions"}],"wp:attachment":[{"href":"https:\/\/www.ac-germania.com\/index.php?rest_route=%2Fwp%2Fv2%2Fmedia&parent=401"}],"wp:term":[{"taxonomy":"category","embeddable":true,"href":"https:\/\/www.ac-germania.com\/index.php?rest_route=%2Fwp%2Fv2%2Fcategories&post=401"},{"taxonomy":"post_tag","embeddable":true,"href":"https:\/\/www.ac-germania.com\/index.php?rest_route=%2Fwp%2Fv2%2Ftags&post=401"}],"curies":[{"name":"wp","href":"https:\/\/api.w.org\/{rel}","templated":true}]}}