{"id":400,"date":"2012-03-05T10:23:06","date_gmt":"2012-03-05T08:23:06","guid":{"rendered":"http:\/\/www.ac-germania.com\/A_ACG\/wordpress\/?p=400"},"modified":"2012-03-05T10:23:06","modified_gmt":"2012-03-05T08:23:06","slug":"5-jahreszeit-nun-auch-bei-den-ringern-vorbei","status":"publish","type":"post","link":"https:\/\/www.ac-germania.com\/?p=400","title":{"rendered":"5. Jahreszeit nun auch bei den Ringern vorbei"},"content":{"rendered":"<p>Am Samstag abend hatten die Arterner Ringer zum gemeinsamen Tanzvergn\u00fcgen mit lustigem Faschingsprogramm geladen. Wie in jedem Jahr terminlich etwas zu sp\u00e4t, aber nicht minder kreativ und farbenfroh folgten zahlreiche n\u00e4rrische Germanen und Freunde des Karnevals der Einladung. Schnell f\u00fcllte sich die festlich geschm\u00fcckte Turnhalle in der Unstrutstra\u00dfe mit Marienk\u00e4fern, putzigen Igeln, R\u00f6mern, k\u00e4mpferischen Wikingern und Schotten, selbst Che Guevara und Udo Lindenberg feat. Jan Delay gaben sich die Ehre. Der n\u00e4rrischen Vielfalt waren bei diesem Fest keine Grenzen gesetzt. Er\u00f6ffnet wurde der Abend, ganz dem sportlichen Gedanken getreu, mit einer angesagten Tanz-Einlage. Unter professioneller Anleitung von Coach Michaela erw\u00e4rmte sich das Narrenwolk nicht mit einer Polon\u00e4se, sondern dynamisch nach Zumbarhythmen. Danach sorgte Thomas, wortgewandt und das Germanen-, welt- und lokalpolitische Jahr zusammenfassend, mit seiner schon traditionellen B\u00fctt f\u00fcr die Erw\u00e4rmung der Bauchmuskulatur. In den folgenden Stimmungsstunden mit Tanz und Musik zeigten auch die anderen Germanen ihr k\u00fcstlerisches und kom\u00f6diantisches Talent. So kam es zur Welturauff\u00fchrung der Olympiak\u00fcr der deutschen M\u00e4nnersychronschwimmnationalmannschaft in der Ringerhalle, einem tiefen Einblick in das aufopferungsvolle und wohl nicht einfache Leben in einer Seniorenresidenz und einer Neuauflage von Grimms M\u00e4rchen \u201eH\u00e4nsel und Gretel\u201c. Sportlich fit zeigte sich erneut auch wieder die Frauensportgruppe. Ihre lila-pinke Auforderung zum Tanz in sexy Strumpfhosen wurde begeistert aufgenommen. Zur sp\u00e4ten Stunde pr\u00e4sentierten dann Freunde vom HV 90 Artern e.V. was in ihnen steckt. Schwungvoll und Freude ausstrahlend tanzten, rappten, rocken und steppten sie minutenlang und Beifall haschend \u00fcber den Parketboden. Den Abschlu\u00df nach Mitternacht bildeten wieder die \u201eKleinsten der Germanen\u201c. Mit einem furios t\u00e4nzerischen Vortrag brachten diese Bambinos fast die Dekoration zum Einsturz. So wurde ein weiteres Mal in der Unstrutstra\u00dfe z\u00fcnftig und fr\u00f6hlich gemeinsam bis in die fr\u00fchen Morgenstunden gefeiert. Der Dank f\u00fcr diesen heiteren Abend gilt dem flei\u00dfigen Auf- und Abbauhelfern, dem Theken- und Kassenteam, Heiko Grimm mit seiner Musiktechnik und selbstverst\u00e4ndlich den engagierten Darstellern und Organisatoren. AC, AC, AC!!!<\/p>\n","protected":false},"excerpt":{"rendered":"<p>Am Samstag abend hatten die Arterner Ringer zum gemeinsamen Tanzvergn\u00fcgen mit lustigem Faschingsprogramm geladen. Wie in jedem Jahr terminlich etwas zu sp\u00e4t, aber nicht minder kreativ und farbenfroh folgten zahlreiche n\u00e4rrische Germanen und Freunde des Karnevals der Einladung. Schnell f\u00fcllte sich die festlich geschm\u00fcckte Turnhalle in der Unstrutstra\u00dfe mit Marienk\u00e4fern, \u2026 <a class=\"continue-reading-link\" href=\"https:\/\/www.ac-germania.com\/?p=400\">Weiterlesen <span class=\"meta-nav\">&rarr; <\/span><\/a><\/p>\n","protected":false},"author":1,"featured_media":0,"comment_status":"open","ping_status":"open","sticky":false,"template":"","format":"standard","meta":{"footnotes":""},"categories":[5],"tags":[],"class_list":["post-400","post","type-post","status-publish","format-standard","hentry","category-news-2012"],"_links":{"self":[{"href":"https:\/\/www.ac-germania.com\/index.php?rest_route=\/wp\/v2\/posts\/400","targetHints":{"allow":["GET"]}}],"collection":[{"href":"https:\/\/www.ac-germania.com\/index.php?rest_route=\/wp\/v2\/posts"}],"about":[{"href":"https:\/\/www.ac-germania.com\/index.php?rest_route=\/wp\/v2\/types\/post"}],"author":[{"embeddable":true,"href":"https:\/\/www.ac-germania.com\/index.php?rest_route=\/wp\/v2\/users\/1"}],"replies":[{"embeddable":true,"href":"https:\/\/www.ac-germania.com\/index.php?rest_route=%2Fwp%2Fv2%2Fcomments&post=400"}],"version-history":[{"count":0,"href":"https:\/\/www.ac-germania.com\/index.php?rest_route=\/wp\/v2\/posts\/400\/revisions"}],"wp:attachment":[{"href":"https:\/\/www.ac-germania.com\/index.php?rest_route=%2Fwp%2Fv2%2Fmedia&parent=400"}],"wp:term":[{"taxonomy":"category","embeddable":true,"href":"https:\/\/www.ac-germania.com\/index.php?rest_route=%2Fwp%2Fv2%2Fcategories&post=400"},{"taxonomy":"post_tag","embeddable":true,"href":"https:\/\/www.ac-germania.com\/index.php?rest_route=%2Fwp%2Fv2%2Ftags&post=400"}],"curies":[{"name":"wp","href":"https:\/\/api.w.org\/{rel}","templated":true}]}}