{"id":3991,"date":"2016-02-23T13:08:54","date_gmt":"2016-02-23T12:08:54","guid":{"rendered":"http:\/\/www.ac-germania.com\/?p=3991"},"modified":"2016-02-23T13:08:54","modified_gmt":"2016-02-23T12:08:54","slug":"ac-germania-in-allen-kategorien-zur-sportlerwahl-kyffhaeuserkreis-vertreten","status":"publish","type":"post","link":"https:\/\/www.ac-germania.com\/?p=3991","title":{"rendered":"AC Germania in allen Kategorien zur Sportlerwahl Kyffh\u00e4userkreis vertreten"},"content":{"rendered":"<p>Wie schon in den vergangenen Jahren sucht der Sportbund des Kyffh\u00e4userkreises die beliebtesten Sportler des Vorjahres. Dazu gibt es seit einigen Wochen in der Th\u00fcringer Allgemeine Stimmzettel welche im Original zum Kyffh\u00e4user-Kreissportbund gesendet werden m\u00fcssen. Als Neuerung gibt es erstmals in diesem Jahr die M\u00f6glichkeit auch im <a href=\"http:\/\/www.kyffhaeuser-sport.de\/\" target=\"_blank\">Internet abzustimmen<\/a>.<\/p>\n<p>Nachdem der AC Germania Artern in den letzten Jahren durchweg sehr gut abgeschnitten hat und 2014 sogar in allen Kategorien die Sieger stellen konnte sind auch f\u00fcr dieses Jahr Sportler der Germanen in jeder Kategorie vertreten.<\/p>\n<div id=\"attachment_3992\" style=\"width: 810px\" class=\"wp-caption alignnone\"><img loading=\"lazy\" decoding=\"async\" aria-describedby=\"caption-attachment-3992\" class=\"wp-image-3992 size-full\" src=\"https:\/\/www.ac-germania.com\/A_ACG\/wordpress\/wp-content\/uploads\/2016\/02\/2016-02-23-001.jpg\" alt=\"2016-02-23-001\" width=\"800\" height=\"443\" srcset=\"https:\/\/www.ac-germania.com\/A_ACG\/wordpress\/wp-content\/uploads\/2016\/02\/2016-02-23-001.jpg 800w, https:\/\/www.ac-germania.com\/A_ACG\/wordpress\/wp-content\/uploads\/2016\/02\/2016-02-23-001-300x166.jpg 300w, https:\/\/www.ac-germania.com\/A_ACG\/wordpress\/wp-content\/uploads\/2016\/02\/2016-02-23-001-768x425.jpg 768w, https:\/\/www.ac-germania.com\/A_ACG\/wordpress\/wp-content\/uploads\/2016\/02\/2016-02-23-001-150x83.jpg 150w\" sizes=\"auto, (max-width: 800px) 100vw, 800px\" \/><p id=\"caption-attachment-3992\" class=\"wp-caption-text\">Joy Chantal Kie\u00dfler muss sich im Training auch mit Jungs auseinandersetzen.<\/p><\/div>\n<p>Als Nachwuchssportlerin wurde die frisch gebackene Vize-Mitteldeutsche-Meisterin Joy Chantal Kie\u00dfler nominiert. Seit 2013 trainiert sie gemeinsam mit ihrem Bruder Jeremie zweimal die Woche in der Trainingsgruppe von Michael Kinitz und konnte dabei schon einige Erfolge bei Landes- und Mitteldeutschen-Meisterschaften sammeln.<\/p>\n<div id=\"attachment_3993\" style=\"width: 810px\" class=\"wp-caption alignnone\"><img loading=\"lazy\" decoding=\"async\" aria-describedby=\"caption-attachment-3993\" class=\"wp-image-3993 size-full\" src=\"https:\/\/www.ac-germania.com\/A_ACG\/wordpress\/wp-content\/uploads\/2016\/02\/2016-02-23-002.jpg\" alt=\"2016-02-23-002\" width=\"800\" height=\"455\" srcset=\"https:\/\/www.ac-germania.com\/A_ACG\/wordpress\/wp-content\/uploads\/2016\/02\/2016-02-23-002.jpg 800w, https:\/\/www.ac-germania.com\/A_ACG\/wordpress\/wp-content\/uploads\/2016\/02\/2016-02-23-002-300x171.jpg 300w, https:\/\/www.ac-germania.com\/A_ACG\/wordpress\/wp-content\/uploads\/2016\/02\/2016-02-23-002-768x437.jpg 768w, https:\/\/www.ac-germania.com\/A_ACG\/wordpress\/wp-content\/uploads\/2016\/02\/2016-02-23-002-150x85.jpg 150w\" sizes=\"auto, (max-width: 800px) 100vw, 800px\" \/><p id=\"caption-attachment-3993\" class=\"wp-caption-text\">Joy Chantal gilt im Training als sehr flei\u00dfig und wird von ihren Eltern Tatkr\u00e4ftik unterst\u00fctzt.<\/p><\/div>\n<p>Bei den Nachwuchssportlern konnte die Nominierung nur \u00fcber Anulak Eisenhardt gehen, der 17 j\u00e4hrige Youngster bestritt in der letzten Bundesligasaison 13 K\u00e4mpfe und konnte davon sieben gewinnen. Mit eisernen Willen \u201ekochte\u201c er Woche f\u00fcr Woche ins leichteste Limit (57kg) ab und \u00fcberzeugte Trainer und Fans. Bei den Einzelmeisterschaften erk\u00e4mpfte \u201eWeb\u201c den Landesmeistertitel in beiden Stilarten, bei den Mitteldeutschen Meisterschaften wurde er dritter und bei den Deutschen Meisterschaften sicherte er sich einen starken siebten Platz.<\/p>\n<div id=\"attachment_3994\" style=\"width: 810px\" class=\"wp-caption alignnone\"><img loading=\"lazy\" decoding=\"async\" aria-describedby=\"caption-attachment-3994\" class=\"wp-image-3994 size-full\" src=\"https:\/\/www.ac-germania.com\/A_ACG\/wordpress\/wp-content\/uploads\/2016\/02\/2016-02-23-003.jpg\" alt=\"2016-02-23-003\" width=\"800\" height=\"303\" srcset=\"https:\/\/www.ac-germania.com\/A_ACG\/wordpress\/wp-content\/uploads\/2016\/02\/2016-02-23-003.jpg 800w, https:\/\/www.ac-germania.com\/A_ACG\/wordpress\/wp-content\/uploads\/2016\/02\/2016-02-23-003-300x114.jpg 300w, https:\/\/www.ac-germania.com\/A_ACG\/wordpress\/wp-content\/uploads\/2016\/02\/2016-02-23-003-768x291.jpg 768w, https:\/\/www.ac-germania.com\/A_ACG\/wordpress\/wp-content\/uploads\/2016\/02\/2016-02-23-003-150x57.jpg 150w\" sizes=\"auto, (max-width: 800px) 100vw, 800px\" \/><p id=\"caption-attachment-3994\" class=\"wp-caption-text\">Anulak beim Bundesligakampf gegen Patrick Bauman vom RV Thalheim.<\/p><\/div>\n<p>Bereits zum dritten Mal in Folge wurde Katharina Gilewitsch nominiert, in diesem Jahr allerdings erstmals nicht beim Nachwuchs sondern bei den Frauen. Seit 2013 besucht Katharina gemeinsam mit ihrem Bruder Alexander das Sportgymnasium in Jena. Zu ihren gr\u00f6\u00dften Erfolgen geh\u00f6rt zweifelsohne der Gewinn der Silbermedaille bei den deutschen Meisterschaften 2013. Im selben Jahr wurde sie bereits zur beliebtesten Nachwuchssportlerin im Kyffh\u00e4userkreis gew\u00e4hlt.<\/p>\n<div id=\"attachment_3087\" style=\"width: 810px\" class=\"wp-caption alignnone\"><img loading=\"lazy\" decoding=\"async\" aria-describedby=\"caption-attachment-3087\" class=\"wp-image-3087 size-full\" src=\"https:\/\/www.ac-germania.com\/A_ACG\/wordpress\/wp-content\/uploads\/2015\/02\/2015-02-12-004.jpg\" alt=\"2015-02-12-004\" width=\"800\" height=\"395\" srcset=\"https:\/\/www.ac-germania.com\/A_ACG\/wordpress\/wp-content\/uploads\/2015\/02\/2015-02-12-004.jpg 800w, https:\/\/www.ac-germania.com\/A_ACG\/wordpress\/wp-content\/uploads\/2015\/02\/2015-02-12-004-300x148.jpg 300w, https:\/\/www.ac-germania.com\/A_ACG\/wordpress\/wp-content\/uploads\/2015\/02\/2015-02-12-004-150x74.jpg 150w\" sizes=\"auto, (max-width: 800px) 100vw, 800px\" \/><p id=\"caption-attachment-3087\" class=\"wp-caption-text\">Katharina Gilewitsch konnte in ihrem jungen Alter bereits zahlreiche Erfolge sammeln.<\/p><\/div>\n<p>Tim Salzmann ist der Kandidat bei den M\u00e4nnern, in der letzten Saison wurde Tim gemeinsam mit Steve Brylla zum Kapit\u00e4n des Bundesligateams gew\u00e4hlt und genau dort konnte er sich in die Geschichtsb\u00fccher des Vereins eintragen. Er erzielte im ersten Kampf gegen Rene Roth aus Markneukirchen den ersten Bundesligaeinzelsieg f\u00fcr die Germanen \u00fcberhaupt. Neben unz\u00e4hligen Landesmeistertiteln wurde Tim sechster bei den Deutschen Meisterschaften 2009 und z\u00e4hlte 2003 mit dem Titelgewinn der deutschen Mannschaftsmeisterschaft auch zum erfolgreichsten Nachwuchsteam der Vereinsgeschichte.<\/p>\n<div id=\"attachment_3996\" style=\"width: 810px\" class=\"wp-caption alignnone\"><img loading=\"lazy\" decoding=\"async\" aria-describedby=\"caption-attachment-3996\" class=\"wp-image-3996 size-full\" src=\"https:\/\/www.ac-germania.com\/A_ACG\/wordpress\/wp-content\/uploads\/2016\/02\/2016-02-23-005.jpg\" alt=\"2016-02-23-005\" width=\"800\" height=\"929\" srcset=\"https:\/\/www.ac-germania.com\/A_ACG\/wordpress\/wp-content\/uploads\/2016\/02\/2016-02-23-005.jpg 800w, https:\/\/www.ac-germania.com\/A_ACG\/wordpress\/wp-content\/uploads\/2016\/02\/2016-02-23-005-258x300.jpg 258w, https:\/\/www.ac-germania.com\/A_ACG\/wordpress\/wp-content\/uploads\/2016\/02\/2016-02-23-005-768x892.jpg 768w, https:\/\/www.ac-germania.com\/A_ACG\/wordpress\/wp-content\/uploads\/2016\/02\/2016-02-23-005-129x150.jpg 129w\" sizes=\"auto, (max-width: 800px) 100vw, 800px\" \/><p id=\"caption-attachment-3996\" class=\"wp-caption-text\">Nach dem ersten Sieg in der Arterner Bundesligageschichte konnte sich Tim zu Recht vom Publikum feiern lassen.<\/p><\/div>\n<div id=\"attachment_3995\" style=\"width: 810px\" class=\"wp-caption alignnone\"><img loading=\"lazy\" decoding=\"async\" aria-describedby=\"caption-attachment-3995\" class=\"wp-image-3995 size-full\" src=\"https:\/\/www.ac-germania.com\/A_ACG\/wordpress\/wp-content\/uploads\/2016\/02\/2015-10-17-032.jpg\" alt=\"2015-10-17-032\" width=\"800\" height=\"452\" srcset=\"https:\/\/www.ac-germania.com\/A_ACG\/wordpress\/wp-content\/uploads\/2016\/02\/2015-10-17-032.jpg 800w, https:\/\/www.ac-germania.com\/A_ACG\/wordpress\/wp-content\/uploads\/2016\/02\/2015-10-17-032-300x170.jpg 300w, https:\/\/www.ac-germania.com\/A_ACG\/wordpress\/wp-content\/uploads\/2016\/02\/2015-10-17-032-768x434.jpg 768w, https:\/\/www.ac-germania.com\/A_ACG\/wordpress\/wp-content\/uploads\/2016\/02\/2015-10-17-032-150x85.jpg 150w\" sizes=\"auto, (max-width: 800px) 100vw, 800px\" \/><p id=\"caption-attachment-3995\" class=\"wp-caption-text\">Gegen Moses Stoppira vom KSV Pausa zeigte Tim einen sehr guten Kampf und gewann 9:4 nach Punkten.<\/p><\/div>\n<p>In der gleichen Kategorie steht mit Stephan Knopf ein weiterer ACG-Athlet auf dem Stimmzettel, \u201eKn\u00f6pfchen\u201c wurde aber nicht f\u00fcr den ACG sondern f\u00fcr seinen Zweitverein im Triathlon dem SV Nordhausen nominiert.<\/p>\n<p>Bei den Nachwuchsmannschaften ging logischerweise kein Weg am Nachwuchsteam des AC Germania vorbei. Aktuell konnten die Youngster um Erfolgstrainer Gerhard G\u00fcnther mit Gold und Silber bei den Landesmannschaftsmeisterschaften gl\u00e4nzen. Im letzten Jahr konnten vier Platzierungen unter den Top-6 der Deutschen Meisterschaften, sechs Mitteldeutsche-Meister sowie 12 Landesmeistertitel erk\u00e4mpft werden. Bei vielen nationalen und internationalen Turnieren wurden ebenso beindruckende Erfolge gesammelt und auch im neuen Jahr durften sich die Trainer Gerhard G\u00fcnther, Michael Kinitz und Marcel M\u00fcnchhoff bereits \u00fcber einige Erfolge freuen.<\/p>\n<div id=\"attachment_3997\" style=\"width: 810px\" class=\"wp-caption alignnone\"><img loading=\"lazy\" decoding=\"async\" aria-describedby=\"caption-attachment-3997\" class=\"wp-image-3997 size-full\" src=\"https:\/\/www.ac-germania.com\/A_ACG\/wordpress\/wp-content\/uploads\/2016\/02\/2016-02-23-006.jpg\" alt=\"2016-02-23-006\" width=\"800\" height=\"279\" srcset=\"https:\/\/www.ac-germania.com\/A_ACG\/wordpress\/wp-content\/uploads\/2016\/02\/2016-02-23-006.jpg 800w, https:\/\/www.ac-germania.com\/A_ACG\/wordpress\/wp-content\/uploads\/2016\/02\/2016-02-23-006-300x105.jpg 300w, https:\/\/www.ac-germania.com\/A_ACG\/wordpress\/wp-content\/uploads\/2016\/02\/2016-02-23-006-768x268.jpg 768w, https:\/\/www.ac-germania.com\/A_ACG\/wordpress\/wp-content\/uploads\/2016\/02\/2016-02-23-006-150x52.jpg 150w\" sizes=\"auto, (max-width: 800px) 100vw, 800px\" \/><p id=\"caption-attachment-3997\" class=\"wp-caption-text\">Die jungen Wilden des AC Germania Artern !<\/p><\/div>\n<p>In der K\u00f6nigsdisziplin der beliebtesten Mannschaften geht mit der M\u00e4nnermannschaft des AC Germania der Gewinner der letzten beiden Jahre als Topfavorit ins Rennen. Nach dem Meistertitel in der Regionalliga 2014 entschied sich der Vereinsvorstand trotz wirtschaftlich schwacher Region und deutlicher finanzieller Mehrbelastung das Abenteuer 2. Bundesliga anzugehen. Daf\u00fcr wurde der Kader punktuell verst\u00e4rkt und die Unstruthalle umgebaut um den Bundesligarichtlinien gerecht zu werden. Bereits im ersten Kampf gegen Markneukirchen deutete das Team um Michael Getschmann mit einer knappen 14:15 Auftaktniederlage an, dass es in diese Klasse geh\u00f6rt. Im Verlauf der Saison folgten noch viele weitere knappe Niederlagen, lediglich gegen Leipzig (11:10) und Werdau (14:14) blieben die Punkte in Artern. Trotzdem waren und sind sich alle einig, der ACG geh\u00f6rt mit seinen Fans und der einmaligen Atmosph\u00e4re im Hexenkessel Unstruthalle in die Bundesliga. Aufgrund des R\u00fcckzugs des AC Werdau bleiben die Germanen trotz \u201eroter Laterne\u201c auch in diesem Jahr dabei und werden weiter versuchen hochklassigen Sport in der Kyffh\u00e4userregion zu etablieren.<\/p>\n<div id=\"attachment_3998\" style=\"width: 810px\" class=\"wp-caption alignnone\"><img loading=\"lazy\" decoding=\"async\" aria-describedby=\"caption-attachment-3998\" class=\"wp-image-3998 size-full\" src=\"https:\/\/www.ac-germania.com\/A_ACG\/wordpress\/wp-content\/uploads\/2016\/02\/2016-02-23-007.jpg\" alt=\"2016-02-23-007\" width=\"800\" height=\"282\" srcset=\"https:\/\/www.ac-germania.com\/A_ACG\/wordpress\/wp-content\/uploads\/2016\/02\/2016-02-23-007.jpg 800w, https:\/\/www.ac-germania.com\/A_ACG\/wordpress\/wp-content\/uploads\/2016\/02\/2016-02-23-007-300x106.jpg 300w, https:\/\/www.ac-germania.com\/A_ACG\/wordpress\/wp-content\/uploads\/2016\/02\/2016-02-23-007-768x271.jpg 768w, https:\/\/www.ac-germania.com\/A_ACG\/wordpress\/wp-content\/uploads\/2016\/02\/2016-02-23-007-150x53.jpg 150w\" sizes=\"auto, (max-width: 800px) 100vw, 800px\" \/><p id=\"caption-attachment-3998\" class=\"wp-caption-text\">Das Bundesligateam des AC Germania Artern !<\/p><\/div>\n<p><strong>Wir w\u00fcrden uns freuen, wenn Sie unsere nominierten Sportler sowie Mannschaften mit Ihrer Stimme unterst\u00fctzen w\u00fcrden. VIELEN DANK !<\/strong><\/p>\n<h2><strong><a href=\"http:\/\/www.kyffhaeuser-sport.de\/\" target=\"_blank\">&gt;&gt; Hier gehts zur Onlineabstimmung<br \/>\n<\/a><\/strong><\/h2>\n<p><img loading=\"lazy\" decoding=\"async\" class=\"alignnone size-full wp-image-3999\" src=\"https:\/\/www.ac-germania.com\/A_ACG\/wordpress\/wp-content\/uploads\/2016\/02\/2016-02-23-008.jpg\" alt=\"2016-02-23-008\" width=\"800\" height=\"1200\" srcset=\"https:\/\/www.ac-germania.com\/A_ACG\/wordpress\/wp-content\/uploads\/2016\/02\/2016-02-23-008.jpg 800w, https:\/\/www.ac-germania.com\/A_ACG\/wordpress\/wp-content\/uploads\/2016\/02\/2016-02-23-008-200x300.jpg 200w, https:\/\/www.ac-germania.com\/A_ACG\/wordpress\/wp-content\/uploads\/2016\/02\/2016-02-23-008-768x1152.jpg 768w, https:\/\/www.ac-germania.com\/A_ACG\/wordpress\/wp-content\/uploads\/2016\/02\/2016-02-23-008-683x1024.jpg 683w, https:\/\/www.ac-germania.com\/A_ACG\/wordpress\/wp-content\/uploads\/2016\/02\/2016-02-23-008-100x150.jpg 100w\" sizes=\"auto, (max-width: 800px) 100vw, 800px\" \/><\/p>\n","protected":false},"excerpt":{"rendered":"<p>Wie schon in den vergangenen Jahren sucht der Sportbund des Kyffh\u00e4userkreises die beliebtesten Sportler des Vorjahres. Dazu gibt es seit einigen Wochen in der Th\u00fcringer Allgemeine Stimmzettel welche im Original zum Kyffh\u00e4user-Kreissportbund gesendet werden m\u00fcssen. Als Neuerung gibt es erstmals in diesem Jahr die M\u00f6glichkeit auch im Internet abzustimmen. Nachdem \u2026 <a class=\"continue-reading-link\" href=\"https:\/\/www.ac-germania.com\/?p=3991\">Weiterlesen <span class=\"meta-nav\">&rarr; <\/span><\/a><\/p>\n","protected":false},"author":1,"featured_media":3999,"comment_status":"open","ping_status":"open","sticky":false,"template":"","format":"standard","meta":{"footnotes":""},"categories":[9],"tags":[],"class_list":["post-3991","post","type-post","status-publish","format-standard","has-post-thumbnail","hentry","category-news-2016"],"_links":{"self":[{"href":"https:\/\/www.ac-germania.com\/index.php?rest_route=\/wp\/v2\/posts\/3991","targetHints":{"allow":["GET"]}}],"collection":[{"href":"https:\/\/www.ac-germania.com\/index.php?rest_route=\/wp\/v2\/posts"}],"about":[{"href":"https:\/\/www.ac-germania.com\/index.php?rest_route=\/wp\/v2\/types\/post"}],"author":[{"embeddable":true,"href":"https:\/\/www.ac-germania.com\/index.php?rest_route=\/wp\/v2\/users\/1"}],"replies":[{"embeddable":true,"href":"https:\/\/www.ac-germania.com\/index.php?rest_route=%2Fwp%2Fv2%2Fcomments&post=3991"}],"version-history":[{"count":0,"href":"https:\/\/www.ac-germania.com\/index.php?rest_route=\/wp\/v2\/posts\/3991\/revisions"}],"wp:featuredmedia":[{"embeddable":true,"href":"https:\/\/www.ac-germania.com\/index.php?rest_route=\/wp\/v2\/media\/3999"}],"wp:attachment":[{"href":"https:\/\/www.ac-germania.com\/index.php?rest_route=%2Fwp%2Fv2%2Fmedia&parent=3991"}],"wp:term":[{"taxonomy":"category","embeddable":true,"href":"https:\/\/www.ac-germania.com\/index.php?rest_route=%2Fwp%2Fv2%2Fcategories&post=3991"},{"taxonomy":"post_tag","embeddable":true,"href":"https:\/\/www.ac-germania.com\/index.php?rest_route=%2Fwp%2Fv2%2Ftags&post=3991"}],"curies":[{"name":"wp","href":"https:\/\/api.w.org\/{rel}","templated":true}]}}