{"id":398,"date":"2012-02-11T10:19:57","date_gmt":"2012-02-11T08:19:57","guid":{"rendered":"http:\/\/www.ac-germania.com\/A_ACG\/wordpress\/?p=398"},"modified":"2012-02-11T10:19:57","modified_gmt":"2012-02-11T08:19:57","slug":"franziska-gobel-und-julia-kreutz-erobern-mitteldeutschland","status":"publish","type":"post","link":"https:\/\/www.ac-germania.com\/?p=398","title":{"rendered":"Franziska G\u00f6bel und Julia Kreutz erobern Mitteldeutschland"},"content":{"rendered":"<p>Nachdem vergangene Woche bereits die M\u00e4nner ihre Mitteldeutschen-Meister ausgerungen hatten, waren an diesem Wochenende die besten Frauen und M\u00e4dchen sowie die A-Jugendlichen auf Titeljagd. Aus Arterner Sicht hatten sich drei M\u00e4dchen sowie f\u00fcnf Jungen f\u00fcr diesen zweith\u00f6chsten deutschen Wettkampf qualifiziert. Gastgeber f\u00fcr die aus sechs Bundesl\u00e4ndern angereisten Vereine war der ASV Sangerhausen, was f\u00fcr die Arterner Starter eine kurze und vor allem entspannte Anreise bedeutete. Insgesamt hatten knapp 180 Athleten f\u00fcr dieses Turnier gemeldet. Im weiblichen Ringkampf wird ausschlie\u00dflich im freien Stil gerungen, bei den A-Jugendlichen gab es neben Freistil auch wie gewohnt den Griechisch-R\u00f6mischen-Stil.<\/p>\n<p>Franziska G\u00f6bel hatte es im Limit bis 56kg mit sieben weiteren Sportlerinnen zu tun. Im ersten Vorrundenkampf zeigte sie gleich ganz deutlich Ihre Ambitionen und schulterte Ihre Gegnerin aus S\u00f6mmerda noch in der ersten Runde. Im zweiten Kampf spielte Franzi ihre technische \u00dcberlegenheit gegen Lindsay L\u00fcdecke vom RSV Nebra aus und gewann beide Runden vorzeitig. Damit war das Finale erreicht und auch hier konnte Franzi eine Unachtsamkeit ihrer Gegnerin aus Luckenwalde zum Schultersieg nutzen. Nat\u00fcrlich wollte Julia Kreutz jetzt \u201emitziehen\u201c und eine weitere Goldmedaille nach Artern holen. In der Gewichtsklasse bis 65kg ging sie mit zwei weiteren Sportlerinnen an den Start. Aufgrund der geringen Teilnehmerzahl musste hier jede gegen jede antreten. Julia ging in beiden K\u00e4mpfen konzentriert und gut eingestellt auf die Matte und sicherte sich nach einem \u00dcberlegenheits- und einem Punktsieg die Goldmedaille. Die spitzen Ergebnisse bei den M\u00e4dchen komplettierte Michelle Gentsch. Bis 60kg hatte sie es mit einem starken Teilnehmerfeld zu tun und wurde am Ende sechste.<\/p>\n<p>In der A-Jugend k\u00e4mpfte Jonas Mayer bis 46kg, nach zwei souver\u00e4nen Schultersiegen musste sich Jonas jedoch zweimal geschlagen geben und gewann am Ende die Bronzemedaille. Eine Gewichtsklasse nach unten ging es f\u00fcr Tim Walther, zu den Landesmeisterschaften im Januar noch im Limit bis 58kg aktiv, wollte es Tim zu den Mitteldeutschen in der Klasse bis 54kg wissen. Nach einem Auftaktsieg gegen einen Sportler von Luftfahrt Berlin musste sich Tim im zweiten Kampf dem Luckenwalder Sportsch\u00fcler Alexander R\u00f6ll nach Punkten geschlagen geben. Im letzten Kampf sicherte sich Tim mit einem Schultersieg ebenfalls die Bronzemedaille. Pascal G\u00f6bel hatte eine der st\u00e4rksten Gewichtsklasse erwischt, bis 63kg hatte er es mit zehn weiteren Sportlern zu tun. Nach einem Punktsieg, einem Freilos und zwei Niederlagen stand Pascal im Finale um Platz f\u00fcnf und sechs welches er in zwei Runden f\u00fcr sich entscheiden konnte. \u00c4hnlich erging es unserem Sportsch\u00fcler Alexander Gilewitsch. In seiner Gewichtsklasse bis 69kg stand auch er nach einem Sieg und zwei Niederlagen im Finale um Platz f\u00fcnf und sechs welches er mit einem Schultersieg f\u00fcr sich entscheiden konnte. In der Selben Gewichtsklasse aber im Griechisch-R\u00f6mischen-Stil hatte Nick Ratayczak leider keinen guten Tag und kein gutes Los erwischt, nach zwei Niederlagen in der Vorrunde war f\u00fcr Nick das Turnier beendet.<\/p>\n<p>Das Verantwortliche Trainertrio um Gerhardt G\u00fcnther, Marcel M\u00fcnchhoff sowie Stephan Grimm war nat\u00fcrlich sehr zufrieden mit der \u201eAusbeute\u201c bei den M\u00e4dchen. \u201eIn der A-Jugend hatten wir mit einer Medaille mehr gerechnet aber manchmal l\u00e4uft es eben nicht so wie geplant\u201c meinte M\u00fcnchhoff nach dem Turnier. In den n\u00e4chsten Tagen beginnen die Vorbereitungen f\u00fcr die Deutschen Meisterschaften welche den Saisonh\u00f6hepunkt f\u00fcr die Junggermanen darstellen wird.<\/p>\n","protected":false},"excerpt":{"rendered":"<p>Nachdem vergangene Woche bereits die M\u00e4nner ihre Mitteldeutschen-Meister ausgerungen hatten, waren an diesem Wochenende die besten Frauen und M\u00e4dchen sowie die A-Jugendlichen auf Titeljagd. Aus Arterner Sicht hatten sich drei M\u00e4dchen sowie f\u00fcnf Jungen f\u00fcr diesen zweith\u00f6chsten deutschen Wettkampf qualifiziert. Gastgeber f\u00fcr die aus sechs Bundesl\u00e4ndern angereisten Vereine war der \u2026 <a class=\"continue-reading-link\" href=\"https:\/\/www.ac-germania.com\/?p=398\">Weiterlesen <span class=\"meta-nav\">&rarr; <\/span><\/a><\/p>\n","protected":false},"author":1,"featured_media":0,"comment_status":"open","ping_status":"open","sticky":false,"template":"","format":"standard","meta":{"footnotes":""},"categories":[5],"tags":[],"class_list":["post-398","post","type-post","status-publish","format-standard","hentry","category-news-2012"],"_links":{"self":[{"href":"https:\/\/www.ac-germania.com\/index.php?rest_route=\/wp\/v2\/posts\/398","targetHints":{"allow":["GET"]}}],"collection":[{"href":"https:\/\/www.ac-germania.com\/index.php?rest_route=\/wp\/v2\/posts"}],"about":[{"href":"https:\/\/www.ac-germania.com\/index.php?rest_route=\/wp\/v2\/types\/post"}],"author":[{"embeddable":true,"href":"https:\/\/www.ac-germania.com\/index.php?rest_route=\/wp\/v2\/users\/1"}],"replies":[{"embeddable":true,"href":"https:\/\/www.ac-germania.com\/index.php?rest_route=%2Fwp%2Fv2%2Fcomments&post=398"}],"version-history":[{"count":0,"href":"https:\/\/www.ac-germania.com\/index.php?rest_route=\/wp\/v2\/posts\/398\/revisions"}],"wp:attachment":[{"href":"https:\/\/www.ac-germania.com\/index.php?rest_route=%2Fwp%2Fv2%2Fmedia&parent=398"}],"wp:term":[{"taxonomy":"category","embeddable":true,"href":"https:\/\/www.ac-germania.com\/index.php?rest_route=%2Fwp%2Fv2%2Fcategories&post=398"},{"taxonomy":"post_tag","embeddable":true,"href":"https:\/\/www.ac-germania.com\/index.php?rest_route=%2Fwp%2Fv2%2Ftags&post=398"}],"curies":[{"name":"wp","href":"https:\/\/api.w.org\/{rel}","templated":true}]}}