{"id":3972,"date":"2016-02-14T19:04:12","date_gmt":"2016-02-14T18:04:12","guid":{"rendered":"http:\/\/www.ac-germania.com\/?p=3972"},"modified":"2016-02-14T19:04:12","modified_gmt":"2016-02-14T18:04:12","slug":"bundesligaathleten-erneut-international-erfolgreich","status":"publish","type":"post","link":"https:\/\/www.ac-germania.com\/?p=3972","title":{"rendered":"Bundesligaathleten erneut international erfolgreich"},"content":{"rendered":"<p>Von Saisonpause kann bei den Athleten des AC Germania Artern nicht die Rede sein, nach der Saison ist schlie\u00dflich auch vor der neuen Saison. Da bei den Ringern die Mannschaftssaison erst im September weitergeht stehen Anfang des Jahres zahlreiche Einzelturniere und Meisterschaften auf dem Programm.<\/p>\n<div id=\"attachment_3973\" style=\"width: 810px\" class=\"wp-caption aligncenter\"><img loading=\"lazy\" decoding=\"async\" aria-describedby=\"caption-attachment-3973\" class=\"wp-image-3973 size-full\" src=\"https:\/\/www.ac-germania.com\/A_ACG\/wordpress\/wp-content\/uploads\/2016\/02\/2016-02-14-001.jpg\" alt=\"2016-02-14-001\" width=\"800\" height=\"496\" srcset=\"https:\/\/www.ac-germania.com\/A_ACG\/wordpress\/wp-content\/uploads\/2016\/02\/2016-02-14-001.jpg 800w, https:\/\/www.ac-germania.com\/A_ACG\/wordpress\/wp-content\/uploads\/2016\/02\/2016-02-14-001-300x186.jpg 300w, https:\/\/www.ac-germania.com\/A_ACG\/wordpress\/wp-content\/uploads\/2016\/02\/2016-02-14-001-768x476.jpg 768w, https:\/\/www.ac-germania.com\/A_ACG\/wordpress\/wp-content\/uploads\/2016\/02\/2016-02-14-001-150x93.jpg 150w\" sizes=\"auto, (max-width: 800px) 100vw, 800px\" \/><p id=\"caption-attachment-3973\" class=\"wp-caption-text\">Stolz pr\u00e4sentieren Olda und Jan ihre Verbundenheit zum ACG !<\/p><\/div>\n<p>Nur zwei Wochen nach der Teilnahme an den Zagreb-Open ging es f\u00fcr das tschechische ACG-Duo Jan Ziska und Oldrich Varga in Szombathely (HUN) beim Grand Prix von Ungarn erneut zur Sache.<\/p>\n<p>Jan musste sich nach seinem dritten Platz in Kroatien im Limit bis 71kg erneut einem starken Feld stellen, auch bei diesem GrandPrix k\u00e4mpfte er sich bis ins kleine Finale. Im Duell um Bronze zog Jan gegen Dominik Etlinger (Croatia) den K\u00fcrzeren und wurde somit f\u00fcnfter.<\/p>\n<p>Olda k\u00e4mpfte eine Klasse h\u00f6her im 75kg-Limit und hatte es dort mit 24 Gegnern zu tun. Im ersten Kampf besiegte er den Ungarn Daniel Taollar knapp mit 3:2. Gegen den sp\u00e4teren Zweiten Mateus Wolny aus Polen f\u00fchrte Olda bis kurz vor Kampfende mit 1:0, musste sich aufgrund einer Unachtsamkeit aber 2:1 geschlagen geben. Da Wolny aber das Finale erreichte ging es f\u00fcr Olda in der Hoffnungsrunde weiter, dort besiegte er den Franzosen Nikogosyan mit 5:3 nach Punkten. Nur 15 Minuten sp\u00e4ter traf er dann auf seinen Landsmann Petr Novak (RV Thalheim) welchen er in der Bundesliga noch knapp besiegen konnte. In diesem Kampf musste Olda dem Turnierverlauf Tribut zollen und unterlag mit 0:3. Am Ende belegte er einen sehr guten 7. Platz.<\/p>\n<p>Plamen Tashev ging beim stark besetzten Dan Kolov \u2013 Nikola Petrov Turnier in Sofia (BUL) an den Start, dort hatte er es im Limit bis 98kg mit zehn Athleten zu tun. In der Klasse bis 98kg k\u00e4mpfte er sich bis ins kleine Finale, dort verlor er nach eigener F\u00fchrung gegen Luillys Perez (Venezuela) und wurde f\u00fcnfter.<\/p>\n<div id=\"attachment_3974\" style=\"width: 810px\" class=\"wp-caption aligncenter\"><img loading=\"lazy\" decoding=\"async\" aria-describedby=\"caption-attachment-3974\" class=\"wp-image-3974 size-full\" src=\"https:\/\/www.ac-germania.com\/A_ACG\/wordpress\/wp-content\/uploads\/2016\/02\/2016-02-14-002.jpg\" alt=\"2016-02-14-002\" width=\"800\" height=\"540\" srcset=\"https:\/\/www.ac-germania.com\/A_ACG\/wordpress\/wp-content\/uploads\/2016\/02\/2016-02-14-002.jpg 800w, https:\/\/www.ac-germania.com\/A_ACG\/wordpress\/wp-content\/uploads\/2016\/02\/2016-02-14-002-300x203.jpg 300w, https:\/\/www.ac-germania.com\/A_ACG\/wordpress\/wp-content\/uploads\/2016\/02\/2016-02-14-002-768x518.jpg 768w, https:\/\/www.ac-germania.com\/A_ACG\/wordpress\/wp-content\/uploads\/2016\/02\/2016-02-14-002-150x101.jpg 150w\" sizes=\"auto, (max-width: 800px) 100vw, 800px\" \/><p id=\"caption-attachment-3974\" class=\"wp-caption-text\">Plamen in der Halbzeit beim Finale um Bronze.<\/p><\/div>\n","protected":false},"excerpt":{"rendered":"<p>Von Saisonpause kann bei den Athleten des AC Germania Artern nicht die Rede sein, nach der Saison ist schlie\u00dflich auch vor der neuen Saison. Da bei den Ringern die Mannschaftssaison erst im September weitergeht stehen Anfang des Jahres zahlreiche Einzelturniere und Meisterschaften auf dem Programm. Nur zwei Wochen nach der \u2026 <a class=\"continue-reading-link\" href=\"https:\/\/www.ac-germania.com\/?p=3972\">Weiterlesen <span class=\"meta-nav\">&rarr; <\/span><\/a><\/p>\n","protected":false},"author":1,"featured_media":3973,"comment_status":"open","ping_status":"open","sticky":false,"template":"","format":"standard","meta":{"footnotes":""},"categories":[9],"tags":[],"class_list":["post-3972","post","type-post","status-publish","format-standard","has-post-thumbnail","hentry","category-news-2016"],"_links":{"self":[{"href":"https:\/\/www.ac-germania.com\/index.php?rest_route=\/wp\/v2\/posts\/3972","targetHints":{"allow":["GET"]}}],"collection":[{"href":"https:\/\/www.ac-germania.com\/index.php?rest_route=\/wp\/v2\/posts"}],"about":[{"href":"https:\/\/www.ac-germania.com\/index.php?rest_route=\/wp\/v2\/types\/post"}],"author":[{"embeddable":true,"href":"https:\/\/www.ac-germania.com\/index.php?rest_route=\/wp\/v2\/users\/1"}],"replies":[{"embeddable":true,"href":"https:\/\/www.ac-germania.com\/index.php?rest_route=%2Fwp%2Fv2%2Fcomments&post=3972"}],"version-history":[{"count":0,"href":"https:\/\/www.ac-germania.com\/index.php?rest_route=\/wp\/v2\/posts\/3972\/revisions"}],"wp:featuredmedia":[{"embeddable":true,"href":"https:\/\/www.ac-germania.com\/index.php?rest_route=\/wp\/v2\/media\/3973"}],"wp:attachment":[{"href":"https:\/\/www.ac-germania.com\/index.php?rest_route=%2Fwp%2Fv2%2Fmedia&parent=3972"}],"wp:term":[{"taxonomy":"category","embeddable":true,"href":"https:\/\/www.ac-germania.com\/index.php?rest_route=%2Fwp%2Fv2%2Fcategories&post=3972"},{"taxonomy":"post_tag","embeddable":true,"href":"https:\/\/www.ac-germania.com\/index.php?rest_route=%2Fwp%2Fv2%2Ftags&post=3972"}],"curies":[{"name":"wp","href":"https:\/\/api.w.org\/{rel}","templated":true}]}}