{"id":397,"date":"2012-02-04T10:17:41","date_gmt":"2012-02-04T08:17:41","guid":{"rendered":"http:\/\/www.ac-germania.com\/A_ACG\/wordpress\/?p=397"},"modified":"2012-02-04T10:17:41","modified_gmt":"2012-02-04T08:17:41","slug":"mitteldeutsches-silberduo-vom-ac-germania","status":"publish","type":"post","link":"https:\/\/www.ac-germania.com\/?p=397","title":{"rendered":"Mitteldeutsches Silberduo vom AC Germania"},"content":{"rendered":"<p>Mit Jan Scholz und Stephan Knopf starteten zwei Athleten vom AC Germania Artern bei den Mitteldeutschen Meisterschaften der M\u00e4nner in Zella Mehlis. Nachdem beide Sportler bereits im Januar die Landestitel in ihren Gewichtsklassen gewonnen hatten, sollten die Mitteldeutschen Meisterschaften ein weiter Pr\u00fcfstein werden. Gerungen wurde in einer modernen Dreifelderhalle in Zella Mehlis, wo auch die erste Mannschaft des AV Jugendkraft ihre Heimk\u00e4mpfe in der Regionalliga austr\u00e4gt. Leider war die Beteiligung in manchen Gewichtsklassen nicht sonderlich gut, was auch im leichtesten Limit bis 55kg Freistil der Fall war, hier hatte es Jan lediglich mit Tillmann-Joseph Germar vom Bundesligisten KSC Jena zu tun. In der ersten Kampfrunde lief soweit auch alles nach Plan, Jan beherrschte seinen Gegner und brachte einen Beinangriff durch, leider musste er in der zweiten Runde k\u00f6rperlichen Tribut zollen und verlor den Faden. Jan war jetzt nur noch auf Schadensbegrenzung aus doch der junge Jenaer-Sportsch\u00fcler ergatterte sich Punkt f\u00fcr Punkt und siegte letztendlich mit zwei zu eins Runden. Hier merkte man, dass Jan seinen grippalen Infekt aus der Vorwoche noch nicht vollst\u00e4ndig auskuriert hatte. Stephan Knopf ging wie gewohnt im Limit bis 60kg Griechisch-R\u00f6misch auf die Matte. Auch in dieser Gewichtsklasse blieben einige f\u00fcr diese Meisterschaften qualifizierte Sportler aus und der Titel wurde nur unter drei Athleten ausgerungen. Im ersten Kampf traf Stephan auf Piere Vierling vom Zweitbundesligisten Erzgebirge Aue. Die erste Runde ging nach einer Rolle an den Auer, in Runde zwei und drei konnte sich \u201eKn\u00f6pfchen\u201c besser auf seinen Gegner einstellen und gewann den Kampf nach Punkten. Im folgenden Finalkampf gegen Nationalkader Dustin Scherf vom KFC Leipzig musste dann die Entscheidung \u00fcber die Goldmedaille her. Bereits in der vergangenen Bundesligasaison musste sich Stephan seinem Leipziger Kontrahenten klar geschlagen geben, dementsprechend vorgewarnt und passiv ging er in den Kampf. Scherf ging von Beginn an aggressiv nach vorn und punktete Stephan in beiden Kampfrunden aus. \u201eMehr war hier leider nicht drin\u201c res\u00fcmierter der f\u00fcr den AC Werdau startende Arterner nach dem Finalkampf. Letztendlich war die Ausbeute aber nicht schlecht, zwei Starter und zwei Silbermedaillen. Au\u00dferdem stellte der AC Germania mit Michael G\u00fcnther einen Kampfrichter mit Bundeslizenz welcher ein Fehlerfreies Turnier geleitet.<\/p>\n","protected":false},"excerpt":{"rendered":"<p>Mit Jan Scholz und Stephan Knopf starteten zwei Athleten vom AC Germania Artern bei den Mitteldeutschen Meisterschaften der M\u00e4nner in Zella Mehlis. Nachdem beide Sportler bereits im Januar die Landestitel in ihren Gewichtsklassen gewonnen hatten, sollten die Mitteldeutschen Meisterschaften ein weiter Pr\u00fcfstein werden. Gerungen wurde in einer modernen Dreifelderhalle in \u2026 <a class=\"continue-reading-link\" href=\"https:\/\/www.ac-germania.com\/?p=397\">Weiterlesen <span class=\"meta-nav\">&rarr; <\/span><\/a><\/p>\n","protected":false},"author":1,"featured_media":0,"comment_status":"open","ping_status":"open","sticky":false,"template":"","format":"standard","meta":{"footnotes":""},"categories":[5],"tags":[],"class_list":["post-397","post","type-post","status-publish","format-standard","hentry","category-news-2012"],"_links":{"self":[{"href":"https:\/\/www.ac-germania.com\/index.php?rest_route=\/wp\/v2\/posts\/397","targetHints":{"allow":["GET"]}}],"collection":[{"href":"https:\/\/www.ac-germania.com\/index.php?rest_route=\/wp\/v2\/posts"}],"about":[{"href":"https:\/\/www.ac-germania.com\/index.php?rest_route=\/wp\/v2\/types\/post"}],"author":[{"embeddable":true,"href":"https:\/\/www.ac-germania.com\/index.php?rest_route=\/wp\/v2\/users\/1"}],"replies":[{"embeddable":true,"href":"https:\/\/www.ac-germania.com\/index.php?rest_route=%2Fwp%2Fv2%2Fcomments&post=397"}],"version-history":[{"count":0,"href":"https:\/\/www.ac-germania.com\/index.php?rest_route=\/wp\/v2\/posts\/397\/revisions"}],"wp:attachment":[{"href":"https:\/\/www.ac-germania.com\/index.php?rest_route=%2Fwp%2Fv2%2Fmedia&parent=397"}],"wp:term":[{"taxonomy":"category","embeddable":true,"href":"https:\/\/www.ac-germania.com\/index.php?rest_route=%2Fwp%2Fv2%2Fcategories&post=397"},{"taxonomy":"post_tag","embeddable":true,"href":"https:\/\/www.ac-germania.com\/index.php?rest_route=%2Fwp%2Fv2%2Ftags&post=397"}],"curies":[{"name":"wp","href":"https:\/\/api.w.org\/{rel}","templated":true}]}}