{"id":3951,"date":"2016-01-31T13:28:23","date_gmt":"2016-01-31T12:28:23","guid":{"rendered":"http:\/\/www.ac-germania.com\/?p=3951"},"modified":"2016-01-31T13:29:32","modified_gmt":"2016-01-31T12:29:32","slug":"silber-als-geburtstagsgeschenk","status":"publish","type":"post","link":"https:\/\/www.ac-germania.com\/?p=3951","title":{"rendered":"Silber als Geburtstagsgeschenk"},"content":{"rendered":"<p><img loading=\"lazy\" decoding=\"async\" class=\"size-full wp-image-3953 aligncenter\" src=\"https:\/\/www.ac-germania.com\/A_ACG\/wordpress\/wp-content\/uploads\/2016\/01\/2016-01-31-001.jpg\" alt=\"2016-01-31-001\" width=\"800\" height=\"371\" srcset=\"https:\/\/www.ac-germania.com\/A_ACG\/wordpress\/wp-content\/uploads\/2016\/01\/2016-01-31-001.jpg 800w, https:\/\/www.ac-germania.com\/A_ACG\/wordpress\/wp-content\/uploads\/2016\/01\/2016-01-31-001-300x139.jpg 300w, https:\/\/www.ac-germania.com\/A_ACG\/wordpress\/wp-content\/uploads\/2016\/01\/2016-01-31-001-768x356.jpg 768w, https:\/\/www.ac-germania.com\/A_ACG\/wordpress\/wp-content\/uploads\/2016\/01\/2016-01-31-001-150x70.jpg 150w\" sizes=\"auto, (max-width: 800px) 100vw, 800px\" \/><\/p>\n<p>Donnerstagabend gegen 20:00 Uhr in der Unstruthalle, ACG Bundesligacoach Michael Getschmann gibt die letzten Anweisungen vor den anstehenden Mitteldeutschen-Meisterschaften und l\u00e4sst seine Sportler nochmal Kampf\u00fcbungen durchf\u00fchren. F\u00fcr Youngster Anulak Eisenhardt war zu diesem Zeitpunkt das Training bereits beendet, er f\u00fchlte sich nicht gut und hatte erste Zweifel sein Kampfgewicht von 60kg bis zum Wiegen am Samstagmorgen zu schaffen. \u201eWeb\u201c begeisterte in der letzten Bundesligasaison die Germanenfans im leichtesten Limit bis 57kg mit einigen Siegen, legte aber nach der Saison ordentlich an Gewicht zu.<\/p>\n<p>Einen Tag sp\u00e4ter und knapp f\u00fcnf Kilo weniger stand Anulak schlie\u00dflich in Eisleben auf der Matte und zeigte sich von seiner besten Seite. Ohne Punktverlust und mit zwei vorzeitigen Siegen holte er sich eindrucksvoll den Titel Mitteldeutscher Meister in der Klasse bis 60kg Griechisch-R\u00f6misch.<\/p>\n<p>Auch Tim Walther hatte sich einiges vorgenommen, an seinem 20. Geburtstag lie\u00df er es sich nicht nehmen und kochte ins 66kg-Limit ab. Im ersten Kampf musste sich \u201eWaldi\u201c dem sp\u00e4teren Turniersieger Enes Akbulut vom ASV Hof geschlagen geben, erk\u00e4mpfte sich aber mit vier Siegen \u00fcber Justin M\u00fcller (Markneukirchen \/ SS), Darios Wedekind (KFC Leipzig \/ PS), Jonas Valtin (ASV Plauen \/ T\u00dc) und Karim Osso (Eisleben \/ SS) die Silbermedaille. <em>\u201eEs war heute nicht einfach aber ich bin froh, dass ich diese Leistung abrufen konnte.\u201c<\/em> freute sich Tim \u00fcber den Vizemeistertitel an seinem Geburtstag.<\/p>\n<p>Alexander Gilewitsch komplettierte mit seinem vierten Rang im Limit bis 84kg\/FR das Juniorenfeld des AC Germania.<\/p>\n<p>Bei den B-Jugendlichen schickten die Germanen ein weiteres Trio auf Medaillenjagd, hier musste sich Georg Schulz (50kg\/FR) nur im Finale geschlagen geben und sicherte sich in einem starken Starterfeld mit neun Athleten Silber. Jan-Eric Reinhardt (76kg\/\u00ad\u00adFR) \u00fcberzeugte einmal mehr und sch\u00fcrte im Germanenlager weiterhin Hoffnung f\u00fcr die schweren Gewichtsklassen welche seit einigen Jahren Mangelware sind. Mit einer Niederlage und zwei Schultersiegen wurde auch er Vize-Mitteldeutscher-Meister.<\/p>\n<p>Erik Laurenat erwischte im Limit bis 42kg die am st\u00e4rksten besetzte Gewichtsklasse und belegte nach f\u00fcnf K\u00e4mpfen einen sehr guten sechsten Platz von insgesamt 12 Athleten.<\/p>\n<p>Stefan Grimm und Tim Salzmann fungierten in Eisleben als Trainer und zeigten sich nach dem Turnier mit der Ausbeute von vier Medaillen sehr zufrieden.<\/p>\n<hr \/>\n<p><strong>Die Platzierungen der ACG-Starter im \u00dcberblick:<\/strong><\/p>\n<p><strong>B-Jugend Freistil<\/strong><\/p>\n<p>Erik Laurenat | 42kg | 6. Platz<br \/>\nGeorg Schulz | 50kg | 2. Platz<br \/>\nJan-Eric Reinhardt | 76kg | 2. Platz<\/p>\n<p><strong>Junioren Griechisch-R\u00f6misch<\/strong><\/p>\n<p>Anulak Eisenhardt | 60kg | 1. Platz<\/p>\n<p><strong>Junioren Freistil<\/strong><\/p>\n<p>Tim Walther | 66kg | 2. Platz<br \/>\nAlexander Gilewitsch | 4. Platz<\/p>\n","protected":false},"excerpt":{"rendered":"<p>Donnerstagabend gegen 20:00 Uhr in der Unstruthalle, ACG Bundesligacoach Michael Getschmann gibt die letzten Anweisungen vor den anstehenden Mitteldeutschen-Meisterschaften und l\u00e4sst seine Sportler nochmal Kampf\u00fcbungen durchf\u00fchren. F\u00fcr Youngster Anulak Eisenhardt war zu diesem Zeitpunkt das Training bereits beendet, er f\u00fchlte sich nicht gut und hatte erste Zweifel sein Kampfgewicht von \u2026 <a class=\"continue-reading-link\" href=\"https:\/\/www.ac-germania.com\/?p=3951\">Weiterlesen <span class=\"meta-nav\">&rarr; <\/span><\/a><\/p>\n","protected":false},"author":1,"featured_media":3953,"comment_status":"open","ping_status":"open","sticky":false,"template":"","format":"standard","meta":{"footnotes":""},"categories":[9],"tags":[],"class_list":["post-3951","post","type-post","status-publish","format-standard","has-post-thumbnail","hentry","category-news-2016"],"_links":{"self":[{"href":"https:\/\/www.ac-germania.com\/index.php?rest_route=\/wp\/v2\/posts\/3951","targetHints":{"allow":["GET"]}}],"collection":[{"href":"https:\/\/www.ac-germania.com\/index.php?rest_route=\/wp\/v2\/posts"}],"about":[{"href":"https:\/\/www.ac-germania.com\/index.php?rest_route=\/wp\/v2\/types\/post"}],"author":[{"embeddable":true,"href":"https:\/\/www.ac-germania.com\/index.php?rest_route=\/wp\/v2\/users\/1"}],"replies":[{"embeddable":true,"href":"https:\/\/www.ac-germania.com\/index.php?rest_route=%2Fwp%2Fv2%2Fcomments&post=3951"}],"version-history":[{"count":0,"href":"https:\/\/www.ac-germania.com\/index.php?rest_route=\/wp\/v2\/posts\/3951\/revisions"}],"wp:featuredmedia":[{"embeddable":true,"href":"https:\/\/www.ac-germania.com\/index.php?rest_route=\/wp\/v2\/media\/3953"}],"wp:attachment":[{"href":"https:\/\/www.ac-germania.com\/index.php?rest_route=%2Fwp%2Fv2%2Fmedia&parent=3951"}],"wp:term":[{"taxonomy":"category","embeddable":true,"href":"https:\/\/www.ac-germania.com\/index.php?rest_route=%2Fwp%2Fv2%2Fcategories&post=3951"},{"taxonomy":"post_tag","embeddable":true,"href":"https:\/\/www.ac-germania.com\/index.php?rest_route=%2Fwp%2Fv2%2Ftags&post=3951"}],"curies":[{"name":"wp","href":"https:\/\/api.w.org\/{rel}","templated":true}]}}