{"id":3944,"date":"2016-01-25T17:52:03","date_gmt":"2016-01-25T16:52:03","guid":{"rendered":"http:\/\/www.ac-germania.com\/?p=3944"},"modified":"2016-01-25T17:52:03","modified_gmt":"2016-01-25T16:52:03","slug":"erfolgreiches-wochenende-fuer-bundesligaathleten","status":"publish","type":"post","link":"https:\/\/www.ac-germania.com\/?p=3944","title":{"rendered":"Erfolgreiches Wochenende f\u00fcr Bundesligaathleten"},"content":{"rendered":"<p>Am Wochenende standen gleich mehrere Wettkampfaktivit\u00e4ten f\u00fcr die Ringer des AC Germania Artern auf dem Programm. Nach dem erfolgreichen Abschneiden bei den Th\u00fcringer-Landesmeisterschaften letzte Woche in Jena sollte am Samstag in Stendal bei den Titelk\u00e4mpfen des Landesverbandes Sachsen-Anhalt erneut abger\u00e4umt werden.<\/p>\n<p>Aufgrund des heftigen Wintereinbruchs mit Blitzeis sahen sich die Verantwortlichen Trainer und Betreuer gezwungen diesen Wettkampf kurzfristig abzusagen und die 185km lange Reise nach Stendal nicht anzutreten. \u201eHier stand die Sicherheit und Gesundheit unserer jungen Sportler klar im Vordergrund, wir wollten auf keinen Fall etwas riskieren.\u201c \u00e4u\u00dferte sich ACG-Nachwuchscoach Gerhard G\u00fcnther.<\/p>\n<div id=\"attachment_3945\" style=\"width: 810px\" class=\"wp-caption alignnone\"><img loading=\"lazy\" decoding=\"async\" aria-describedby=\"caption-attachment-3945\" class=\"wp-image-3945 size-full\" src=\"https:\/\/www.ac-germania.com\/A_ACG\/wordpress\/wp-content\/uploads\/2016\/01\/2016-01-25-001.jpg\" alt=\"2016-01-25-001\" width=\"800\" height=\"555\" srcset=\"https:\/\/www.ac-germania.com\/A_ACG\/wordpress\/wp-content\/uploads\/2016\/01\/2016-01-25-001.jpg 800w, https:\/\/www.ac-germania.com\/A_ACG\/wordpress\/wp-content\/uploads\/2016\/01\/2016-01-25-001-300x208.jpg 300w, https:\/\/www.ac-germania.com\/A_ACG\/wordpress\/wp-content\/uploads\/2016\/01\/2016-01-25-001-768x533.jpg 768w, https:\/\/www.ac-germania.com\/A_ACG\/wordpress\/wp-content\/uploads\/2016\/01\/2016-01-25-001-150x104.jpg 150w\" sizes=\"auto, (max-width: 800px) 100vw, 800px\" \/><p id=\"caption-attachment-3945\" class=\"wp-caption-text\">Jan Ziska und Oldrich Varga vom AC Germania Artern bei den Zagreb Open 2016.<\/p><\/div>\n<p>Au\u00dferdem fand am Samstag in Zagreb der Griechisch-R\u00f6misch-Grand-Prix von Kroatien statt. Vom ACG gingen dort die beiden Tschechen Jan Ziska (71kg) und Oldrich Varga (75kg) an den Start.<\/p>\n<p>Jan hatte es in seiner Gewichtsklasse mit neun Athleten zutun, gegen den Slowaken Istvan Levai musste er sich geschlagen geben, dann folgte ein Sieg gegen Aleksander Erski (Serbien). Im abschlie\u00dfenden kleinen Finale erk\u00e4mpfte sich Jan mit einem Sieg \u00fcber den Ungarn Pal Krisztian Kottes die Bronzemedaille.<\/p>\n<div id=\"attachment_3946\" style=\"width: 810px\" class=\"wp-caption alignnone\"><img loading=\"lazy\" decoding=\"async\" aria-describedby=\"caption-attachment-3946\" class=\"wp-image-3946 size-full\" src=\"https:\/\/www.ac-germania.com\/A_ACG\/wordpress\/wp-content\/uploads\/2016\/01\/2016-01-25-002.jpg\" alt=\"2016-01-25-002\" width=\"800\" height=\"485\" srcset=\"https:\/\/www.ac-germania.com\/A_ACG\/wordpress\/wp-content\/uploads\/2016\/01\/2016-01-25-002.jpg 800w, https:\/\/www.ac-germania.com\/A_ACG\/wordpress\/wp-content\/uploads\/2016\/01\/2016-01-25-002-300x182.jpg 300w, https:\/\/www.ac-germania.com\/A_ACG\/wordpress\/wp-content\/uploads\/2016\/01\/2016-01-25-002-768x466.jpg 768w, https:\/\/www.ac-germania.com\/A_ACG\/wordpress\/wp-content\/uploads\/2016\/01\/2016-01-25-002-150x91.jpg 150w\" sizes=\"auto, (max-width: 800px) 100vw, 800px\" \/><p id=\"caption-attachment-3946\" class=\"wp-caption-text\">Siegerehrung bis 71kg &#8211; Bronze f\u00fcr Jan Ziska vom AC Germania Artern.<\/p><\/div>\n<p>Oldrich ging im Limit bis 75kg an den Start und musste sich 13 Athleten stellen. In der Vorrunde siegte er gegen den Slowaken Vojtiech Jakus und Tomislav Majic aus Kroatien. Gegen den sp\u00e4teren Turniersieger Bozo Starcevic (Kroatien, 7. WM 2015) musste sich \u201eOlda\u201c geschlagen geben und stand damit ebenso im kleinen Finale. Dort hatte er es mit dem Vizeweltmeister von 2014 Neven Zugaj (Kroatien) zutun, er hielt das Duell lange offen, musste sich am Ende aber geschlagen geben und erk\u00e4mpfte einen sehr guten 5. Platz.<\/p>\n<p>In Waltershausen fanden ebenso am Samstag die Th\u00fcringer-Meisterschaften im Griechisch-R\u00f6mischen-Stil statt, vom AC Germania ging dort Robert Gomolka auf die Matte. Genau wie eine Woche vorher traf er im Limit bis 130kg auf den Apoldaer Tobias Paukner. Robert konnte erneut \u00fcberzeugen und siegte in beiden Duellen vorzeitig auf Schulter und wurde damit Doppelmeister in Th\u00fcringen.<\/p>\n<p>Kommenden Samstag finden im benachbarten Eisleben die Mitteldeutschen Meisterschaften der Altersklassen B-Jugend und Junioren statt, hier sind wieder Athleten des ACG am Start.<\/p>\n<div id=\"attachment_3947\" style=\"width: 810px\" class=\"wp-caption alignnone\"><img loading=\"lazy\" decoding=\"async\" aria-describedby=\"caption-attachment-3947\" class=\"wp-image-3947 size-full\" src=\"https:\/\/www.ac-germania.com\/A_ACG\/wordpress\/wp-content\/uploads\/2016\/01\/2016-01-25-003.jpg\" alt=\"2016-01-25-003\" width=\"800\" height=\"509\" srcset=\"https:\/\/www.ac-germania.com\/A_ACG\/wordpress\/wp-content\/uploads\/2016\/01\/2016-01-25-003.jpg 800w, https:\/\/www.ac-germania.com\/A_ACG\/wordpress\/wp-content\/uploads\/2016\/01\/2016-01-25-003-300x191.jpg 300w, https:\/\/www.ac-germania.com\/A_ACG\/wordpress\/wp-content\/uploads\/2016\/01\/2016-01-25-003-768x489.jpg 768w, https:\/\/www.ac-germania.com\/A_ACG\/wordpress\/wp-content\/uploads\/2016\/01\/2016-01-25-003-150x95.jpg 150w\" sizes=\"auto, (max-width: 800px) 100vw, 800px\" \/><p id=\"caption-attachment-3947\" class=\"wp-caption-text\">Doppellandesmeister Robert Gomolka vom AC Germania Artern.<\/p><\/div>\n","protected":false},"excerpt":{"rendered":"<p>Am Wochenende standen gleich mehrere Wettkampfaktivit\u00e4ten f\u00fcr die Ringer des AC Germania Artern auf dem Programm. Nach dem erfolgreichen Abschneiden bei den Th\u00fcringer-Landesmeisterschaften letzte Woche in Jena sollte am Samstag in Stendal bei den Titelk\u00e4mpfen des Landesverbandes Sachsen-Anhalt erneut abger\u00e4umt werden. Aufgrund des heftigen Wintereinbruchs mit Blitzeis sahen sich die \u2026 <a class=\"continue-reading-link\" href=\"https:\/\/www.ac-germania.com\/?p=3944\">Weiterlesen <span class=\"meta-nav\">&rarr; <\/span><\/a><\/p>\n","protected":false},"author":1,"featured_media":3945,"comment_status":"open","ping_status":"open","sticky":false,"template":"","format":"standard","meta":{"footnotes":""},"categories":[9],"tags":[],"class_list":["post-3944","post","type-post","status-publish","format-standard","has-post-thumbnail","hentry","category-news-2016"],"_links":{"self":[{"href":"https:\/\/www.ac-germania.com\/index.php?rest_route=\/wp\/v2\/posts\/3944","targetHints":{"allow":["GET"]}}],"collection":[{"href":"https:\/\/www.ac-germania.com\/index.php?rest_route=\/wp\/v2\/posts"}],"about":[{"href":"https:\/\/www.ac-germania.com\/index.php?rest_route=\/wp\/v2\/types\/post"}],"author":[{"embeddable":true,"href":"https:\/\/www.ac-germania.com\/index.php?rest_route=\/wp\/v2\/users\/1"}],"replies":[{"embeddable":true,"href":"https:\/\/www.ac-germania.com\/index.php?rest_route=%2Fwp%2Fv2%2Fcomments&post=3944"}],"version-history":[{"count":0,"href":"https:\/\/www.ac-germania.com\/index.php?rest_route=\/wp\/v2\/posts\/3944\/revisions"}],"wp:featuredmedia":[{"embeddable":true,"href":"https:\/\/www.ac-germania.com\/index.php?rest_route=\/wp\/v2\/media\/3945"}],"wp:attachment":[{"href":"https:\/\/www.ac-germania.com\/index.php?rest_route=%2Fwp%2Fv2%2Fmedia&parent=3944"}],"wp:term":[{"taxonomy":"category","embeddable":true,"href":"https:\/\/www.ac-germania.com\/index.php?rest_route=%2Fwp%2Fv2%2Fcategories&post=3944"},{"taxonomy":"post_tag","embeddable":true,"href":"https:\/\/www.ac-germania.com\/index.php?rest_route=%2Fwp%2Fv2%2Ftags&post=3944"}],"curies":[{"name":"wp","href":"https:\/\/api.w.org\/{rel}","templated":true}]}}