{"id":3926,"date":"2016-01-11T11:35:40","date_gmt":"2016-01-11T10:35:40","guid":{"rendered":"http:\/\/www.ac-germania.com\/?p=3926"},"modified":"2016-01-11T11:35:40","modified_gmt":"2016-01-11T10:35:40","slug":"nach-der-saison-ist-vor-der-saison-2","status":"publish","type":"post","link":"https:\/\/www.ac-germania.com\/?p=3926","title":{"rendered":"Nach der Saison ist vor der Saison"},"content":{"rendered":"<h5>Bericht: Thomas Grosche<\/h5>\n<p>Der Weihnachtsbraten ist gerade verdaut, die letzten Kr\u00fcmel der Gl\u00fcckskekse vom Teppich gesaugt und schon ist wieder Bewegung bei den Arterner Germanen. Der bereits beschriebene Klassenerhalt in der Bundesliga und der draus resultierende Jubel bei allen Fans und Athleten ist nur die eine Seite der Medaille. Die andere Seite steht f\u00fcr die Arbeit im Hintergrund, um eine erfolgreiche Saison 2016 vorzubereiten. Aus diesem Grund weilten Pr\u00e4sident Lothar Finke und der Verantwortliche f\u00fcr \u00d6ffentlichkeitsarbeit, Stephan Knopf am Samstag bei der Bundesligatagung des Deutschen Ringerbundes in Darmstadt. Dort wurde der offizielle Ligastatus des AC Germania noch einmal best\u00e4tigt. Aber auch der Versand der neuen Lizenzen an die Adresse der Arterner war untr\u00fcgerischer Beweis f\u00fcr den Klassenerhalt.<\/p>\n<p><img loading=\"lazy\" decoding=\"async\" class=\"size-full wp-image-3923 aligncenter\" src=\"https:\/\/www.ac-germania.com\/A_ACG\/wordpress\/wp-content\/uploads\/2016\/01\/2016-01-11-001.jpg\" alt=\"2016-01-11-001\" width=\"800\" height=\"935\" srcset=\"https:\/\/www.ac-germania.com\/A_ACG\/wordpress\/wp-content\/uploads\/2016\/01\/2016-01-11-001.jpg 800w, https:\/\/www.ac-germania.com\/A_ACG\/wordpress\/wp-content\/uploads\/2016\/01\/2016-01-11-001-257x300.jpg 257w, https:\/\/www.ac-germania.com\/A_ACG\/wordpress\/wp-content\/uploads\/2016\/01\/2016-01-11-001-768x898.jpg 768w, https:\/\/www.ac-germania.com\/A_ACG\/wordpress\/wp-content\/uploads\/2016\/01\/2016-01-11-001-128x150.jpg 128w\" sizes=\"auto, (max-width: 800px) 100vw, 800px\" \/><\/p>\n<p>Gerade im Zusammenhang mit den Lizenzen gibt es positive Nachrichten zu vermelden. Die erfolgreichsten Sportler im Team, Oldrich Varga und Juan Nguyen, hei\u00df umworben von anderen Teams der Liga, unterzeichneten am Samstag ihre Lizenz f\u00fcr die neue Saison beim AC Germania. Besonders erfreulich war die Tatsache, das sich die beiden Sportler bewusst gegen finanziell lukrativere Angebote entschieden haben, um weiterhin im Team des AC Germania f\u00fcr eine hoffentlich erfolgreiche neue Saison 2016 ihren Mann zu stehen. Diese Entscheidung verlangt allen Teammitgliedern, Sponsoren und Fans Respekt ab und setzt deutliche Zeichen f\u00fcr die Ernsthaftigkeit der Bem\u00fchungen von Sportlern und Verein.<\/p>\n<p><img loading=\"lazy\" decoding=\"async\" class=\"size-full wp-image-3924 alignright\" src=\"https:\/\/www.ac-germania.com\/A_ACG\/wordpress\/wp-content\/uploads\/2016\/01\/2016-01-11-002.jpg\" alt=\"2016-01-11-002\" width=\"800\" height=\"941\" srcset=\"https:\/\/www.ac-germania.com\/A_ACG\/wordpress\/wp-content\/uploads\/2016\/01\/2016-01-11-002.jpg 800w, https:\/\/www.ac-germania.com\/A_ACG\/wordpress\/wp-content\/uploads\/2016\/01\/2016-01-11-002-255x300.jpg 255w, https:\/\/www.ac-germania.com\/A_ACG\/wordpress\/wp-content\/uploads\/2016\/01\/2016-01-11-002-768x903.jpg 768w, https:\/\/www.ac-germania.com\/A_ACG\/wordpress\/wp-content\/uploads\/2016\/01\/2016-01-11-002-128x150.jpg 128w\" sizes=\"auto, (max-width: 800px) 100vw, 800px\" \/><\/p>\n<p>Aber auch direkt von der Matte gibt Erfreuliches zu vermelden. Plamen Tashev, wieder zur\u00fcck in Bulgarien, musste sich am Samstag der Herausforderung der nationalen Meisterschaften in Sofia stellen. In der Gewichtsklasse bis 98 kg wurde Plamen nach 5 bestrittenen K\u00e4mpfen Bronzemedaillengewinner. Einzig dem sp\u00e4teren Sieger musste er sich 4 zu 1 geschlagen geben. Gratulation!<\/p>\n<p><img loading=\"lazy\" decoding=\"async\" class=\"size-full wp-image-3922 aligncenter\" src=\"https:\/\/www.ac-germania.com\/A_ACG\/wordpress\/wp-content\/uploads\/2016\/01\/2016-01-11-003.jpg\" alt=\"2016-01-11-003\" width=\"800\" height=\"510\" srcset=\"https:\/\/www.ac-germania.com\/A_ACG\/wordpress\/wp-content\/uploads\/2016\/01\/2016-01-11-003.jpg 800w, https:\/\/www.ac-germania.com\/A_ACG\/wordpress\/wp-content\/uploads\/2016\/01\/2016-01-11-003-300x191.jpg 300w, https:\/\/www.ac-germania.com\/A_ACG\/wordpress\/wp-content\/uploads\/2016\/01\/2016-01-11-003-768x490.jpg 768w, https:\/\/www.ac-germania.com\/A_ACG\/wordpress\/wp-content\/uploads\/2016\/01\/2016-01-11-003-150x96.jpg 150w\" sizes=\"auto, (max-width: 800px) 100vw, 800px\" \/><\/p>\n","protected":false},"excerpt":{"rendered":"<p>Bericht: Thomas Grosche Der Weihnachtsbraten ist gerade verdaut, die letzten Kr\u00fcmel der Gl\u00fcckskekse vom Teppich gesaugt und schon ist wieder Bewegung bei den Arterner Germanen. Der bereits beschriebene Klassenerhalt in der Bundesliga und der draus resultierende Jubel bei allen Fans und Athleten ist nur die eine Seite der Medaille. Die \u2026 <a class=\"continue-reading-link\" href=\"https:\/\/www.ac-germania.com\/?p=3926\">Weiterlesen <span class=\"meta-nav\">&rarr; <\/span><\/a><\/p>\n","protected":false},"author":1,"featured_media":3922,"comment_status":"open","ping_status":"open","sticky":false,"template":"","format":"standard","meta":{"footnotes":""},"categories":[9],"tags":[],"class_list":["post-3926","post","type-post","status-publish","format-standard","has-post-thumbnail","hentry","category-news-2016"],"_links":{"self":[{"href":"https:\/\/www.ac-germania.com\/index.php?rest_route=\/wp\/v2\/posts\/3926","targetHints":{"allow":["GET"]}}],"collection":[{"href":"https:\/\/www.ac-germania.com\/index.php?rest_route=\/wp\/v2\/posts"}],"about":[{"href":"https:\/\/www.ac-germania.com\/index.php?rest_route=\/wp\/v2\/types\/post"}],"author":[{"embeddable":true,"href":"https:\/\/www.ac-germania.com\/index.php?rest_route=\/wp\/v2\/users\/1"}],"replies":[{"embeddable":true,"href":"https:\/\/www.ac-germania.com\/index.php?rest_route=%2Fwp%2Fv2%2Fcomments&post=3926"}],"version-history":[{"count":0,"href":"https:\/\/www.ac-germania.com\/index.php?rest_route=\/wp\/v2\/posts\/3926\/revisions"}],"wp:featuredmedia":[{"embeddable":true,"href":"https:\/\/www.ac-germania.com\/index.php?rest_route=\/wp\/v2\/media\/3922"}],"wp:attachment":[{"href":"https:\/\/www.ac-germania.com\/index.php?rest_route=%2Fwp%2Fv2%2Fmedia&parent=3926"}],"wp:term":[{"taxonomy":"category","embeddable":true,"href":"https:\/\/www.ac-germania.com\/index.php?rest_route=%2Fwp%2Fv2%2Fcategories&post=3926"},{"taxonomy":"post_tag","embeddable":true,"href":"https:\/\/www.ac-germania.com\/index.php?rest_route=%2Fwp%2Fv2%2Ftags&post=3926"}],"curies":[{"name":"wp","href":"https:\/\/api.w.org\/{rel}","templated":true}]}}