{"id":3912,"date":"2015-12-29T21:32:05","date_gmt":"2015-12-29T20:32:05","guid":{"rendered":"http:\/\/www.ac-germania.com\/?p=3912"},"modified":"2016-01-11T11:37:05","modified_gmt":"2016-01-11T10:37:05","slug":"ac-germania-auch-2016-in-der-2-liga","status":"publish","type":"post","link":"https:\/\/www.ac-germania.com\/?p=3912","title":{"rendered":"AC Germania auch 2016 in der 2. Liga"},"content":{"rendered":"<div id=\"attachment_3913\" style=\"width: 810px\" class=\"wp-caption alignnone\"><img loading=\"lazy\" decoding=\"async\" aria-describedby=\"caption-attachment-3913\" class=\"wp-image-3913 size-full\" src=\"https:\/\/www.ac-germania.com\/A_ACG\/wordpress\/wp-content\/uploads\/2015\/12\/2015-12-29-001.jpg\" alt=\"2015-12-29-001\" width=\"800\" height=\"371\" srcset=\"https:\/\/www.ac-germania.com\/A_ACG\/wordpress\/wp-content\/uploads\/2015\/12\/2015-12-29-001.jpg 800w, https:\/\/www.ac-germania.com\/A_ACG\/wordpress\/wp-content\/uploads\/2015\/12\/2015-12-29-001-300x139.jpg 300w, https:\/\/www.ac-germania.com\/A_ACG\/wordpress\/wp-content\/uploads\/2015\/12\/2015-12-29-001-768x356.jpg 768w, https:\/\/www.ac-germania.com\/A_ACG\/wordpress\/wp-content\/uploads\/2015\/12\/2015-12-29-001-150x70.jpg 150w\" sizes=\"auto, (max-width: 800px) 100vw, 800px\" \/><p id=\"caption-attachment-3913\" class=\"wp-caption-text\">Dieses Bild wird es auch im n\u00e4chsten Jahr geben, trotz 16 Niederlagen standen die Germanenfans bis zum Schluss hinter IHREM Team.<\/p><\/div>\n<h5>Bericht: Thomas Grosche<\/h5>\n<p>Kurz vor Weihnachten flatterte die erfreuliche Nachricht in den elektronischen Postkasten des AC Germania, Absender war der Deutsche Ringerbund. Dank des R\u00fcckzuges des AC Werdau darf der AC Germania Artern auch 2016 in der zweith\u00f6chsten Liga in Deutschland ringen. Die Berg- und Talfahrt der Gef\u00fchle hat somit ein Ende, das Hoffen der Sportler und Fans wurde belohnt. Sportlich waren die Arterner Ringk\u00e4mpfer ganz nah dran, konnten aber trotzdem den Klassenerhalt w\u00e4hrend der Saison nicht in trockene T\u00fccher bringen. Oft fehlten nur wenige Punkte oder auch etwas Gl\u00fcck, um die Laterne des Tabellenletzten abzugeben.<\/p>\n<p>Das der KAV Mansfelder Land nach einer sieglosen Saison im Oberhaus das Handtuch wirft, war zu erwarten. Trotzdem hoffte man auf den Ehrgeiz der Anhaltiner, weiter erstklassig zu ringen. Doch leider weit gefehlt, Eisleben steigt ab und wird mit einem neu sortierten Kader wieder die Herausforderung in der 2. Liga suchen. Die Arterner profitieren vom R\u00fcckzug der finanziell angeschlagenen Werdauer. Auf der einen Seite nicht wirklich sch\u00f6n f\u00fcr alle Freunde des Ringkampfsportes, auf der anderen Seite der rettende Strohhalm f\u00fcr die Ringk\u00e4mpfer von der Unstrut.<\/p>\n<p>Somit war ein Platz frei in der Nordstaffel. Schon vor Wochen hatten die Germanen gegen\u00fcber den DRB die Wunsch nach dem Verbleib in der Liga ge\u00e4u\u00dfert. Nun ist es perfekt und die verantwortlichen Trainer k\u00f6nnen sich nun Gedanken \u00fcber den Kader f\u00fcr 2016 machen. Neben dem Bundesliga-Team soll auch wieder eine 2. Mannschaft auf die Beine gestellt werden, um gerade den jungen Sportlern die Chance auf Wettkampfpraxis zu geben. Wir freuen uns auf eine neue, spannende und punktereiche Saison und w\u00fcnschen allen interessierten Freunden des Ringkampfsportes schon einmal einen guten Rutsch und ein erfolgreiches Jahr 2016. Ja, wenn das kein Grund zum Feiern ist. AC,AC,AC!<\/p>\n","protected":false},"excerpt":{"rendered":"<p>Bericht: Thomas Grosche Kurz vor Weihnachten flatterte die erfreuliche Nachricht in den elektronischen Postkasten des AC Germania, Absender war der Deutsche Ringerbund. Dank des R\u00fcckzuges des AC Werdau darf der AC Germania Artern auch 2016 in der zweith\u00f6chsten Liga in Deutschland ringen. Die Berg- und Talfahrt der Gef\u00fchle hat somit \u2026 <a class=\"continue-reading-link\" href=\"https:\/\/www.ac-germania.com\/?p=3912\">Weiterlesen <span class=\"meta-nav\">&rarr; <\/span><\/a><\/p>\n","protected":false},"author":1,"featured_media":3913,"comment_status":"open","ping_status":"open","sticky":false,"template":"","format":"standard","meta":{"footnotes":""},"categories":[8,9],"tags":[],"class_list":["post-3912","post","type-post","status-publish","format-standard","has-post-thumbnail","hentry","category-news-2015","category-news-2016"],"_links":{"self":[{"href":"https:\/\/www.ac-germania.com\/index.php?rest_route=\/wp\/v2\/posts\/3912","targetHints":{"allow":["GET"]}}],"collection":[{"href":"https:\/\/www.ac-germania.com\/index.php?rest_route=\/wp\/v2\/posts"}],"about":[{"href":"https:\/\/www.ac-germania.com\/index.php?rest_route=\/wp\/v2\/types\/post"}],"author":[{"embeddable":true,"href":"https:\/\/www.ac-germania.com\/index.php?rest_route=\/wp\/v2\/users\/1"}],"replies":[{"embeddable":true,"href":"https:\/\/www.ac-germania.com\/index.php?rest_route=%2Fwp%2Fv2%2Fcomments&post=3912"}],"version-history":[{"count":0,"href":"https:\/\/www.ac-germania.com\/index.php?rest_route=\/wp\/v2\/posts\/3912\/revisions"}],"wp:featuredmedia":[{"embeddable":true,"href":"https:\/\/www.ac-germania.com\/index.php?rest_route=\/wp\/v2\/media\/3913"}],"wp:attachment":[{"href":"https:\/\/www.ac-germania.com\/index.php?rest_route=%2Fwp%2Fv2%2Fmedia&parent=3912"}],"wp:term":[{"taxonomy":"category","embeddable":true,"href":"https:\/\/www.ac-germania.com\/index.php?rest_route=%2Fwp%2Fv2%2Fcategories&post=3912"},{"taxonomy":"post_tag","embeddable":true,"href":"https:\/\/www.ac-germania.com\/index.php?rest_route=%2Fwp%2Fv2%2Ftags&post=3912"}],"curies":[{"name":"wp","href":"https:\/\/api.w.org\/{rel}","templated":true}]}}