{"id":3897,"date":"2015-12-22T18:34:38","date_gmt":"2015-12-22T17:34:38","guid":{"rendered":"http:\/\/www.ac-germania.com\/?p=3897"},"modified":"2015-12-22T18:34:38","modified_gmt":"2015-12-22T17:34:38","slug":"schlussworte-zum-saisonende-vom-acg-coach-michael-getschmann","status":"publish","type":"post","link":"https:\/\/www.ac-germania.com\/?p=3897","title":{"rendered":"Schlussworte zum Saisonende vom ACG-Coach Michael Getschmann"},"content":{"rendered":"<p><strong>Er ist der Kopf der Mannschaft, schaffte 2014 den Aufstieg in die 2. Bundesliga und steht immer hinter seinem Team. Mit seinen Schlussworten m\u00f6chte sich ACG-Coach Michael Getschmann bei allen Sponsoren, Fans und dem ganzen AC Germania Artern f\u00fcr die tolle Unterst\u00fctzung in dieser schweren Saison bedanken.<\/strong><\/p>\n<p><img loading=\"lazy\" decoding=\"async\" class=\"alignnone size-full wp-image-3898\" src=\"https:\/\/www.ac-germania.com\/A_ACG\/wordpress\/wp-content\/uploads\/2015\/12\/2015-12-22-001.jpg\" alt=\"2015-12-22-001\" width=\"800\" height=\"454\" srcset=\"https:\/\/www.ac-germania.com\/A_ACG\/wordpress\/wp-content\/uploads\/2015\/12\/2015-12-22-001.jpg 800w, https:\/\/www.ac-germania.com\/A_ACG\/wordpress\/wp-content\/uploads\/2015\/12\/2015-12-22-001-300x170.jpg 300w, https:\/\/www.ac-germania.com\/A_ACG\/wordpress\/wp-content\/uploads\/2015\/12\/2015-12-22-001-768x436.jpg 768w, https:\/\/www.ac-germania.com\/A_ACG\/wordpress\/wp-content\/uploads\/2015\/12\/2015-12-22-001-150x85.jpg 150w\" sizes=\"auto, (max-width: 800px) 100vw, 800px\" \/><\/p>\n<p>Hallo liebe Freunde des Ringkampfsports in Artern,<\/p>\n<p>Der letzte Kampf gegen den KFC Leipzig ist geschlagen und die erste Saison des AC-Germania Artern in der 2. Bundesliga ist Geschichte. Unser Ziel war der Klassenerhalt. Es sollte kein Ausflug werden, wir wollten bleiben. Die Vorbereitungen waren sehr gut und 4-5 Siege sollten das Ziel absichern. Doch leider kam es mal wieder ganz anders. Die Liga stark wie nie zuvor, zeigte den Germanen sehr zeitig seine Grenzen auf. Fast 40 Zeitungsberichte begleiteten uns durch die Saison, so dass alle Leser immer auf dem Laufenden waren. <strong>Ich m\u00f6chte mich heute im Namen meiner Sportler bei allen Fans, Zuschauern und G\u00e4sten f\u00fcr die treue Unterst\u00fctzung bei den Heim- und Ausw\u00e4rtsk\u00e4mpfen bedanken.<\/strong><\/p>\n<p><strong>Ihr habt die alte, so liebevoll hergerichtete Halle, zu dem \u201e Hexenkessel\u201c gemacht, wo die Sportler \u00fcber sich hinauswachsen. Wir bedanken uns auch bei allen Helfern und Sponsoren, ohne deren gro\u00dfe Hilfe Woche f\u00fcr Woche diese Saison nicht m\u00f6glich gewesen w\u00e4re.<\/strong><\/p>\n<p>Das Saisonergebnis kennen Sie. Leider hat es nicht gereicht. Aber ich kann ihnen versichern, dass die Sportler auf und neben der Matte ihr Bestes gegeben haben. Sie haben sich zu keinem Zeitpunkt aufgegeben und den Kopf in den Sand gesteckt. Die junge Truppe ist auch aus Niederlagen gest\u00e4rkt hervorgegangen, weiter zusammenger\u00fcckt und hat sich allen Gegnern gestellt.<\/p>\n<p>Das auch viel Pech dabei war, damit muss ein Aufsteiger leben. Ob wir in dieser Liga bleiben wird sich im Januar entscheiden. Von den Jungs will keiner zur\u00fcck.<\/p>\n<p><strong>Ich w\u00fcnsche Ihnen und ihren Familien ein sch\u00f6nes Weihnachtsfest und einen guten Rutsch ins neue Jahr. AC AC AC<\/strong><\/p>\n<p><em>euer Michael Getschmann<\/em><\/p>\n<p><img loading=\"lazy\" decoding=\"async\" class=\"alignnone size-full wp-image-3899\" src=\"https:\/\/www.ac-germania.com\/A_ACG\/wordpress\/wp-content\/uploads\/2015\/12\/2015-12-22-002.jpg\" alt=\"2015-12-22-002\" width=\"800\" height=\"742\" srcset=\"https:\/\/www.ac-germania.com\/A_ACG\/wordpress\/wp-content\/uploads\/2015\/12\/2015-12-22-002.jpg 800w, https:\/\/www.ac-germania.com\/A_ACG\/wordpress\/wp-content\/uploads\/2015\/12\/2015-12-22-002-300x278.jpg 300w, https:\/\/www.ac-germania.com\/A_ACG\/wordpress\/wp-content\/uploads\/2015\/12\/2015-12-22-002-768x712.jpg 768w, https:\/\/www.ac-germania.com\/A_ACG\/wordpress\/wp-content\/uploads\/2015\/12\/2015-12-22-002-150x139.jpg 150w\" sizes=\"auto, (max-width: 800px) 100vw, 800px\" \/><\/p>\n","protected":false},"excerpt":{"rendered":"<p>Er ist der Kopf der Mannschaft, schaffte 2014 den Aufstieg in die 2. Bundesliga und steht immer hinter seinem Team. Mit seinen Schlussworten m\u00f6chte sich ACG-Coach Michael Getschmann bei allen Sponsoren, Fans und dem ganzen AC Germania Artern f\u00fcr die tolle Unterst\u00fctzung in dieser schweren Saison bedanken. Hallo liebe Freunde \u2026 <a class=\"continue-reading-link\" href=\"https:\/\/www.ac-germania.com\/?p=3897\">Weiterlesen <span class=\"meta-nav\">&rarr; <\/span><\/a><\/p>\n","protected":false},"author":1,"featured_media":3898,"comment_status":"open","ping_status":"open","sticky":false,"template":"","format":"standard","meta":{"footnotes":""},"categories":[8],"tags":[],"class_list":["post-3897","post","type-post","status-publish","format-standard","has-post-thumbnail","hentry","category-news-2015"],"_links":{"self":[{"href":"https:\/\/www.ac-germania.com\/index.php?rest_route=\/wp\/v2\/posts\/3897","targetHints":{"allow":["GET"]}}],"collection":[{"href":"https:\/\/www.ac-germania.com\/index.php?rest_route=\/wp\/v2\/posts"}],"about":[{"href":"https:\/\/www.ac-germania.com\/index.php?rest_route=\/wp\/v2\/types\/post"}],"author":[{"embeddable":true,"href":"https:\/\/www.ac-germania.com\/index.php?rest_route=\/wp\/v2\/users\/1"}],"replies":[{"embeddable":true,"href":"https:\/\/www.ac-germania.com\/index.php?rest_route=%2Fwp%2Fv2%2Fcomments&post=3897"}],"version-history":[{"count":0,"href":"https:\/\/www.ac-germania.com\/index.php?rest_route=\/wp\/v2\/posts\/3897\/revisions"}],"wp:featuredmedia":[{"embeddable":true,"href":"https:\/\/www.ac-germania.com\/index.php?rest_route=\/wp\/v2\/media\/3898"}],"wp:attachment":[{"href":"https:\/\/www.ac-germania.com\/index.php?rest_route=%2Fwp%2Fv2%2Fmedia&parent=3897"}],"wp:term":[{"taxonomy":"category","embeddable":true,"href":"https:\/\/www.ac-germania.com\/index.php?rest_route=%2Fwp%2Fv2%2Fcategories&post=3897"},{"taxonomy":"post_tag","embeddable":true,"href":"https:\/\/www.ac-germania.com\/index.php?rest_route=%2Fwp%2Fv2%2Ftags&post=3897"}],"curies":[{"name":"wp","href":"https:\/\/api.w.org\/{rel}","templated":true}]}}