{"id":3878,"date":"2015-12-17T18:51:43","date_gmt":"2015-12-17T17:51:43","guid":{"rendered":"http:\/\/www.ac-germania.com\/?p=3878"},"modified":"2015-12-17T18:51:43","modified_gmt":"2015-12-17T17:51:43","slug":"vorschau-saisonabschluss-in-der-messestadt","status":"publish","type":"post","link":"https:\/\/www.ac-germania.com\/?p=3878","title":{"rendered":"Vorschau: Saisonabschluss in der Messestadt"},"content":{"rendered":"<div id=\"attachment_3880\" style=\"width: 810px\" class=\"wp-caption alignnone\"><img loading=\"lazy\" decoding=\"async\" aria-describedby=\"caption-attachment-3880\" class=\"wp-image-3880 size-full\" src=\"https:\/\/www.ac-germania.com\/A_ACG\/wordpress\/wp-content\/uploads\/2015\/12\/2015-12-17-001.jpg\" alt=\"2015-12-17-001\" width=\"800\" height=\"492\" srcset=\"https:\/\/www.ac-germania.com\/A_ACG\/wordpress\/wp-content\/uploads\/2015\/12\/2015-12-17-001.jpg 800w, https:\/\/www.ac-germania.com\/A_ACG\/wordpress\/wp-content\/uploads\/2015\/12\/2015-12-17-001-300x185.jpg 300w, https:\/\/www.ac-germania.com\/A_ACG\/wordpress\/wp-content\/uploads\/2015\/12\/2015-12-17-001-768x472.jpg 768w, https:\/\/www.ac-germania.com\/A_ACG\/wordpress\/wp-content\/uploads\/2015\/12\/2015-12-17-001-150x92.jpg 150w\" sizes=\"auto, (max-width: 800px) 100vw, 800px\" \/><p id=\"caption-attachment-3880\" class=\"wp-caption-text\">Plamen Tashev k\u00e4mpfte sich bereits in seiner ersten Saison in die Herzen der Arterner Fans.<\/p><\/div>\n<h5>Bericht: Thomas Grosche<\/h5>\n<p>Nur noch ein Kampftag, dann ist es vorbei. Eine spannende aber leider nur wenig erfolgreiche Rookiesaison findet f\u00fcr den AC Germania in der Messestadt Leipzig ihr Ende.<\/p>\n<p>Ausgerechnet gegen das Team, welches als Einziges den Germanen unterlag, wird nach 18 Runden der Schlusspunkt in der 2. Bundesliga Nord gesetzt.<\/p>\n<p>Dem Publikum kann man noch immer ungebrochenes Interesse bescheinigen, der doppelst\u00f6ckige Reisebus war bereits vor Ver\u00f6ffentlichung der Abfahrtsdaten ausverkauft.<\/p>\n<p>Wieder einmal werden mehr als 100 Germaniafans ihrem Team in die Fremde folgen, um Sch\u00fctzenhilfe zu geben.<\/p>\n<p>Ja, es verliert niemand gern, erst recht nicht, wenn es gegen den Abstieg geht. Und das Zahlenwerk spricht f\u00fcr sich. Der Tabellenkonstellation geschuldet, sind die Aufsteiger schon nach ihrer ersten Saison wieder raus. Doch selbst nach dem Schl\u00fcsselkampf gegen Tabellenvize Rotation Greiz und der knappen Niederlage waren alle Zuschauer mit sich im Reinen.<\/p>\n<p>Es ist wirklich verr\u00fcckt. Anstatt in Heulges\u00e4nge und Jammertiraden zu verfallen, war man sich in Artern einig. Die Saison war geil. Es war unterhaltsam, spannend bis dramatisch und jeder Besuch in der Unstruthalle hat sich gelohnt.<\/p>\n<p>Den Arterner Ringern hat nicht viel gefehlt, um mithalten zu k\u00f6nnen. Ich verzichte auf die Aneinanderreihung der knappen Duelle, zu oft habe ich sie bereits erw\u00e4hnt. Aber eng war es manchmal trotzdem, oder?<\/p>\n<p>Am Samstag, wenn sich die Wege der Sportler und Fans zum letzten Mal in diesem Jahr trennen, wird viel Wehmut mitschwingen. Freundschaften wurden geschlossen, die Frauen der Sportler verstehen sich pr\u00e4chtig. Jeder Fan hat mindestens einen Spezialfreund in der Mannschaft, ja man ist wieder einmal zu einer gro\u00dfen Familie zusammengewachsen.<\/p>\n<p>Und bei dem ganzen Abschiedsschmerz wollen wir nat\u00fcrlich auch nicht vergessen, dass unsere Helden noch einmal ran m\u00fcssen.<\/p>\n<p>Die Tabelle ist fix, beim Kampf geht es nur noch um Sieg und Niederlage. 11 zu 10 stand es nach dem Abpfiff in Artern. Mal sehen, wie es am Samstag im Sporthallenkomplex Leplaystra\u00dfe in Leipzig ausgeht.<\/p>\n<p>In meinem Horoskop stand heute: \u201e\u00dcberlegen Sie in Ruhe, wie sich ihre Ziele am sinnvollsten erreichen lassen. Oft ergeben sich ganz neue M\u00f6glichkeiten.\u201c<\/p>\n<p>In diesem Sinne w\u00fcnsche ich allen Fans und Sportlern einen spannenden Kampf, einen sch\u00f6nen 4. Advent und ein weiteres Jahr in der 2. Bundesliga. Lassen wir uns \u00fcberraschen. AC,AC,AC.<\/p>\n<p><a href=\"http:\/\/www.kfc-leipzig.de\/abteilungen\/abt-ringen\/\" target=\"_blank\">&gt;&gt; Zur Website des KFC Leipzig<\/a><\/p>\n<hr \/>\n<p><strong>Adresse der Wettkampfhalle in Leipzig:<\/strong><\/p>\n<p>Sporthalle Leplay-Stra\u00dfe | Leplaystra\u00dfe 11 | 04103 Leipzig<\/p>\n<p><iframe loading=\"lazy\" style=\"border: 0;\" src=\"https:\/\/www.google.com\/maps\/embed?pb=!1m28!1m12!1m3!1d637928.844634028!2d11.45280705532801!3d51.34957384574087!2m3!1f0!2f0!3f0!3m2!1i1024!2i768!4f13.1!4m13!3e6!4m5!1s0x47a4368d4a7715d7%3A0x4208ec174355890!2sArtern%2FUnstrut!3m2!1d51.3673649!2d11.295485399999999!4m5!1s0x47a6f8255462fc5f%3A0x8f014362756c03ce!2sLeplaystra%C3%9Fe%2C+04103+Leipzig!3m2!1d51.334225599999996!2d12.3796587!5e0!3m2!1sde!2sde!4v1450370987616\" width=\"800\" height=\"600\" frameborder=\"0\" allowfullscreen=\"allowfullscreen\"><\/iframe><\/p>\n","protected":false},"excerpt":{"rendered":"<p>Bericht: Thomas Grosche Nur noch ein Kampftag, dann ist es vorbei. Eine spannende aber leider nur wenig erfolgreiche Rookiesaison findet f\u00fcr den AC Germania in der Messestadt Leipzig ihr Ende. Ausgerechnet gegen das Team, welches als Einziges den Germanen unterlag, wird nach 18 Runden der Schlusspunkt in der 2. Bundesliga \u2026 <a class=\"continue-reading-link\" href=\"https:\/\/www.ac-germania.com\/?p=3878\">Weiterlesen <span class=\"meta-nav\">&rarr; <\/span><\/a><\/p>\n","protected":false},"author":1,"featured_media":3880,"comment_status":"open","ping_status":"open","sticky":false,"template":"","format":"standard","meta":{"footnotes":""},"categories":[8],"tags":[],"class_list":["post-3878","post","type-post","status-publish","format-standard","has-post-thumbnail","hentry","category-news-2015"],"_links":{"self":[{"href":"https:\/\/www.ac-germania.com\/index.php?rest_route=\/wp\/v2\/posts\/3878","targetHints":{"allow":["GET"]}}],"collection":[{"href":"https:\/\/www.ac-germania.com\/index.php?rest_route=\/wp\/v2\/posts"}],"about":[{"href":"https:\/\/www.ac-germania.com\/index.php?rest_route=\/wp\/v2\/types\/post"}],"author":[{"embeddable":true,"href":"https:\/\/www.ac-germania.com\/index.php?rest_route=\/wp\/v2\/users\/1"}],"replies":[{"embeddable":true,"href":"https:\/\/www.ac-germania.com\/index.php?rest_route=%2Fwp%2Fv2%2Fcomments&post=3878"}],"version-history":[{"count":0,"href":"https:\/\/www.ac-germania.com\/index.php?rest_route=\/wp\/v2\/posts\/3878\/revisions"}],"wp:featuredmedia":[{"embeddable":true,"href":"https:\/\/www.ac-germania.com\/index.php?rest_route=\/wp\/v2\/media\/3880"}],"wp:attachment":[{"href":"https:\/\/www.ac-germania.com\/index.php?rest_route=%2Fwp%2Fv2%2Fmedia&parent=3878"}],"wp:term":[{"taxonomy":"category","embeddable":true,"href":"https:\/\/www.ac-germania.com\/index.php?rest_route=%2Fwp%2Fv2%2Fcategories&post=3878"},{"taxonomy":"post_tag","embeddable":true,"href":"https:\/\/www.ac-germania.com\/index.php?rest_route=%2Fwp%2Fv2%2Ftags&post=3878"}],"curies":[{"name":"wp","href":"https:\/\/api.w.org\/{rel}","templated":true}]}}