{"id":3862,"date":"2015-12-15T09:20:51","date_gmt":"2015-12-15T08:20:51","guid":{"rendered":"http:\/\/www.ac-germania.com\/?p=3862"},"modified":"2015-12-15T09:20:51","modified_gmt":"2015-12-15T08:20:51","slug":"markus-knobel-gewinnt-bronze-in-estland","status":"publish","type":"post","link":"https:\/\/www.ac-germania.com\/?p=3862","title":{"rendered":"Markus Knobel gewinnt Bronze in Estland"},"content":{"rendered":"<p>W\u00e4hrend das Bundesligateam des AC Germania Artern den Ausw\u00e4rtskampf in Pausa bestritt (16:11 Niederlage) reiste Markus Knobel mit einem Teil der Nationalmannschaft nach Estland zum sehr gut besetzten Kuldkaru-Open-Turnier. Das Turnier wird von vielen Nationen als Jahresabschluss gesehen und gibt den Landestrainern eine weitere M\u00f6glichkeit den aktuellen Leistungsstand der Athleten festzustellen.<\/p>\n<div id=\"attachment_3863\" style=\"width: 810px\" class=\"wp-caption alignnone\"><img loading=\"lazy\" decoding=\"async\" aria-describedby=\"caption-attachment-3863\" class=\"wp-image-3863 size-full\" src=\"https:\/\/www.ac-germania.com\/A_ACG\/wordpress\/wp-content\/uploads\/2015\/12\/2015-12-15-001.jpg\" alt=\"2015-12-15-001\" width=\"800\" height=\"598\" srcset=\"https:\/\/www.ac-germania.com\/A_ACG\/wordpress\/wp-content\/uploads\/2015\/12\/2015-12-15-001.jpg 800w, https:\/\/www.ac-germania.com\/A_ACG\/wordpress\/wp-content\/uploads\/2015\/12\/2015-12-15-001-300x224.jpg 300w, https:\/\/www.ac-germania.com\/A_ACG\/wordpress\/wp-content\/uploads\/2015\/12\/2015-12-15-001-768x574.jpg 768w, https:\/\/www.ac-germania.com\/A_ACG\/wordpress\/wp-content\/uploads\/2015\/12\/2015-12-15-001-150x112.jpg 150w\" sizes=\"auto, (max-width: 800px) 100vw, 800px\" \/><p id=\"caption-attachment-3863\" class=\"wp-caption-text\">Das deutsche Team in Estland. (Foto: Ringen in Deutschland)<\/p><\/div>\n<p>F\u00fcr dieses Turnier \u201ekochte\u201c Markus, der im Bundesligateam des AC Germania die Gewichtsklasse bis 86kg k\u00e4mpft ins 74kg-Limit ab, dort hatte er es mit insgesamt 13 Athleten zu tun. Das Turnier begann f\u00fcr Markus mit einem 7:2 Punktsieg in der Qualifikationsrunde \u00fcber den Griechen Binembaoum, im Viertelfinale folgte ein weiterer Sieg (5:3) gegen den Wei\u00dfrussen Andrei Kalenik.<\/p>\n<p>Der Halbfinalkampf ging gegen den sp\u00e4teren Turniersieger Mraz KaDie Germanjan aus Russland nach zwei Runden mit 6:2 verloren. \u201eNach dem Kampf habe ich mich schon ein wenig ge\u00e4rgert, dass ich den Finaleinzug verpasst habe aber Kasojan war einfach einen Tick zu clever.\u201c \u00e4rgerte sich Knobel nach dem verlorenen Halbfinale.<\/p>\n<p>Im anschlie\u00dfenden Finalkampf um die Bronzemedaille zeigte Markus dann nochmal Nerven und gewann gegen den Griechen Triandafilidis nach der vollen Kampfzeit hauchd\u00fcnn mit der letzten Wertung (1:1).<\/p>\n<div id=\"attachment_3865\" style=\"width: 810px\" class=\"wp-caption alignnone\"><img loading=\"lazy\" decoding=\"async\" aria-describedby=\"caption-attachment-3865\" class=\"wp-image-3865 size-full\" src=\"https:\/\/www.ac-germania.com\/A_ACG\/wordpress\/wp-content\/uploads\/2015\/12\/2015-12-15-002.jpg\" alt=\"2015-12-15-002\" width=\"800\" height=\"394\" srcset=\"https:\/\/www.ac-germania.com\/A_ACG\/wordpress\/wp-content\/uploads\/2015\/12\/2015-12-15-002.jpg 800w, https:\/\/www.ac-germania.com\/A_ACG\/wordpress\/wp-content\/uploads\/2015\/12\/2015-12-15-002-300x148.jpg 300w, https:\/\/www.ac-germania.com\/A_ACG\/wordpress\/wp-content\/uploads\/2015\/12\/2015-12-15-002-768x378.jpg 768w, https:\/\/www.ac-germania.com\/A_ACG\/wordpress\/wp-content\/uploads\/2015\/12\/2015-12-15-002-150x74.jpg 150w\" sizes=\"auto, (max-width: 800px) 100vw, 800px\" \/><p id=\"caption-attachment-3865\" class=\"wp-caption-text\">Im Bundesligkampf gegen Robert Olle (Aue) zeigte Markus sein ganzes Potential und siegte deutlich mit 11:4.<\/p><\/div>\n","protected":false},"excerpt":{"rendered":"<p>W\u00e4hrend das Bundesligateam des AC Germania Artern den Ausw\u00e4rtskampf in Pausa bestritt (16:11 Niederlage) reiste Markus Knobel mit einem Teil der Nationalmannschaft nach Estland zum sehr gut besetzten Kuldkaru-Open-Turnier. Das Turnier wird von vielen Nationen als Jahresabschluss gesehen und gibt den Landestrainern eine weitere M\u00f6glichkeit den aktuellen Leistungsstand der Athleten \u2026 <a class=\"continue-reading-link\" href=\"https:\/\/www.ac-germania.com\/?p=3862\">Weiterlesen <span class=\"meta-nav\">&rarr; <\/span><\/a><\/p>\n","protected":false},"author":1,"featured_media":3863,"comment_status":"open","ping_status":"open","sticky":false,"template":"","format":"standard","meta":{"footnotes":""},"categories":[8],"tags":[],"class_list":["post-3862","post","type-post","status-publish","format-standard","has-post-thumbnail","hentry","category-news-2015"],"_links":{"self":[{"href":"https:\/\/www.ac-germania.com\/index.php?rest_route=\/wp\/v2\/posts\/3862","targetHints":{"allow":["GET"]}}],"collection":[{"href":"https:\/\/www.ac-germania.com\/index.php?rest_route=\/wp\/v2\/posts"}],"about":[{"href":"https:\/\/www.ac-germania.com\/index.php?rest_route=\/wp\/v2\/types\/post"}],"author":[{"embeddable":true,"href":"https:\/\/www.ac-germania.com\/index.php?rest_route=\/wp\/v2\/users\/1"}],"replies":[{"embeddable":true,"href":"https:\/\/www.ac-germania.com\/index.php?rest_route=%2Fwp%2Fv2%2Fcomments&post=3862"}],"version-history":[{"count":0,"href":"https:\/\/www.ac-germania.com\/index.php?rest_route=\/wp\/v2\/posts\/3862\/revisions"}],"wp:featuredmedia":[{"embeddable":true,"href":"https:\/\/www.ac-germania.com\/index.php?rest_route=\/wp\/v2\/media\/3863"}],"wp:attachment":[{"href":"https:\/\/www.ac-germania.com\/index.php?rest_route=%2Fwp%2Fv2%2Fmedia&parent=3862"}],"wp:term":[{"taxonomy":"category","embeddable":true,"href":"https:\/\/www.ac-germania.com\/index.php?rest_route=%2Fwp%2Fv2%2Fcategories&post=3862"},{"taxonomy":"post_tag","embeddable":true,"href":"https:\/\/www.ac-germania.com\/index.php?rest_route=%2Fwp%2Fv2%2Ftags&post=3862"}],"curies":[{"name":"wp","href":"https:\/\/api.w.org\/{rel}","templated":true}]}}