{"id":3794,"date":"2015-12-01T18:50:49","date_gmt":"2015-12-01T17:50:49","guid":{"rendered":"http:\/\/www.ac-germania.com\/?p=3794"},"modified":"2015-12-01T18:50:49","modified_gmt":"2015-12-01T17:50:49","slug":"bundestagsabgeordneter-steffen-claudio-lemme-zu-gast-beim-acg","status":"publish","type":"post","link":"https:\/\/www.ac-germania.com\/?p=3794","title":{"rendered":"Bundestagsabgeordneter Steffen-Claudio Lemme zu Gast beim ACG"},"content":{"rendered":"<p><img loading=\"lazy\" decoding=\"async\" class=\"aligncenter size-full wp-image-3795\" src=\"https:\/\/www.ac-germania.com\/A_ACG\/wordpress\/wp-content\/uploads\/2015\/12\/2015-12-01-001.jpg\" alt=\"2015-12-01-001\" width=\"800\" height=\"438\" srcset=\"https:\/\/www.ac-germania.com\/A_ACG\/wordpress\/wp-content\/uploads\/2015\/12\/2015-12-01-001.jpg 800w, https:\/\/www.ac-germania.com\/A_ACG\/wordpress\/wp-content\/uploads\/2015\/12\/2015-12-01-001-300x164.jpg 300w, https:\/\/www.ac-germania.com\/A_ACG\/wordpress\/wp-content\/uploads\/2015\/12\/2015-12-01-001-150x82.jpg 150w\" sizes=\"auto, (max-width: 800px) 100vw, 800px\" \/><\/p>\n<h5>Bericht\/Bilder: Manja Braunsdorf<\/h5>\n<p>Am 28.11.2015 zum Heimkampf der M\u00e4nnermannschaft gegen den RV Tahlheim konnte der AC Germania auch den Bundestagsabgeordneten Herrn Steffen-Claudio Lemme in der Turnhalle begr\u00fc\u00dfen. Dem Besuch war eine Einladung seitens des Vereins voraus gegangen. Diese wurde bereits bei einem Besuch der Jugendlichen des AC Germania mit ihren franz\u00f6sischen G\u00e4sten im Bundestag im letzten Jahr bei Herrn Lemme ausgesprochen. Schon damals im Juli 2014 zeigte sich Herr Lemme sehr interessiert f\u00fcr die Vereinsarbeit und die vielen gro\u00dfen, wie auch kleinen Probleme, der Sportvereine im Kyffh\u00e4userkreis. Nun wurde die Einladung vom Vorstand wiederholt und nach Absprache fand sich am Samstag Zeit im proppevollen Terminkalender des Bundestagsabgeordneten.<\/p>\n<p>Herr Lemme brachte zum Besuch im Hexenkessel seine Tochter mit. Bereits mit ihrem Eintreffen zeigten sie sich sehr interessiert f\u00fcr den Verein und das Ringen. Beide hatten bisher keinerlei Ber\u00fchrungspunkte mit dem Ringkampfsport und hatten daher viele Fragen. Begeistert von der Stimmung in der Halle und den K\u00e4mpfen auf der Matte klatschten sie mit der Arterner Fangemeinde w\u00e4hrend des Kampfes mit. Zwischendurch wurde der Kampf und seine Regeln ebenso erl\u00e4utert, wie auch die Wettkampfsaison und die Vereinsarbeit rund um das Mattenquadrat. Auch die Sportler selbst, die gute Jugendarbeit im Verein und die aktuelle Integration von jungen Fl\u00fcchtlingen waren Themen des Abends.<\/p>\n<p>Am Ende des Wettkampfes suchte Herr Lemme auch noch einmal den Kontakt zu den Ringern der Mannschaft selbst. Er versprach beim Abschied, die Germanen bei passender Gelegenheit noch einmal zu besuchen und das Gespr\u00e4ch in ruhigerer Atmosp\u00e4re zu vertiefen.<\/p>\n<p><img loading=\"lazy\" decoding=\"async\" class=\"aligncenter size-full wp-image-3796\" src=\"https:\/\/www.ac-germania.com\/A_ACG\/wordpress\/wp-content\/uploads\/2015\/12\/2015-12-01-002.jpg\" alt=\"2015-12-01-002\" width=\"800\" height=\"437\" srcset=\"https:\/\/www.ac-germania.com\/A_ACG\/wordpress\/wp-content\/uploads\/2015\/12\/2015-12-01-002.jpg 800w, https:\/\/www.ac-germania.com\/A_ACG\/wordpress\/wp-content\/uploads\/2015\/12\/2015-12-01-002-300x164.jpg 300w, https:\/\/www.ac-germania.com\/A_ACG\/wordpress\/wp-content\/uploads\/2015\/12\/2015-12-01-002-150x82.jpg 150w\" sizes=\"auto, (max-width: 800px) 100vw, 800px\" \/><\/p>\n","protected":false},"excerpt":{"rendered":"<p>Bericht\/Bilder: Manja Braunsdorf Am 28.11.2015 zum Heimkampf der M\u00e4nnermannschaft gegen den RV Tahlheim konnte der AC Germania auch den Bundestagsabgeordneten Herrn Steffen-Claudio Lemme in der Turnhalle begr\u00fc\u00dfen. Dem Besuch war eine Einladung seitens des Vereins voraus gegangen. Diese wurde bereits bei einem Besuch der Jugendlichen des AC Germania mit ihren \u2026 <a class=\"continue-reading-link\" href=\"https:\/\/www.ac-germania.com\/?p=3794\">Weiterlesen <span class=\"meta-nav\">&rarr; <\/span><\/a><\/p>\n","protected":false},"author":1,"featured_media":3795,"comment_status":"open","ping_status":"open","sticky":false,"template":"","format":"standard","meta":{"footnotes":""},"categories":[8],"tags":[],"class_list":["post-3794","post","type-post","status-publish","format-standard","has-post-thumbnail","hentry","category-news-2015"],"_links":{"self":[{"href":"https:\/\/www.ac-germania.com\/index.php?rest_route=\/wp\/v2\/posts\/3794","targetHints":{"allow":["GET"]}}],"collection":[{"href":"https:\/\/www.ac-germania.com\/index.php?rest_route=\/wp\/v2\/posts"}],"about":[{"href":"https:\/\/www.ac-germania.com\/index.php?rest_route=\/wp\/v2\/types\/post"}],"author":[{"embeddable":true,"href":"https:\/\/www.ac-germania.com\/index.php?rest_route=\/wp\/v2\/users\/1"}],"replies":[{"embeddable":true,"href":"https:\/\/www.ac-germania.com\/index.php?rest_route=%2Fwp%2Fv2%2Fcomments&post=3794"}],"version-history":[{"count":0,"href":"https:\/\/www.ac-germania.com\/index.php?rest_route=\/wp\/v2\/posts\/3794\/revisions"}],"wp:featuredmedia":[{"embeddable":true,"href":"https:\/\/www.ac-germania.com\/index.php?rest_route=\/wp\/v2\/media\/3795"}],"wp:attachment":[{"href":"https:\/\/www.ac-germania.com\/index.php?rest_route=%2Fwp%2Fv2%2Fmedia&parent=3794"}],"wp:term":[{"taxonomy":"category","embeddable":true,"href":"https:\/\/www.ac-germania.com\/index.php?rest_route=%2Fwp%2Fv2%2Fcategories&post=3794"},{"taxonomy":"post_tag","embeddable":true,"href":"https:\/\/www.ac-germania.com\/index.php?rest_route=%2Fwp%2Fv2%2Ftags&post=3794"}],"curies":[{"name":"wp","href":"https:\/\/api.w.org\/{rel}","templated":true}]}}