{"id":3760,"date":"2015-11-26T08:34:02","date_gmt":"2015-11-26T07:34:02","guid":{"rendered":"http:\/\/www.ac-germania.com\/?p=3760"},"modified":"2015-11-26T08:34:02","modified_gmt":"2015-11-26T07:34:02","slug":"vorschau-saison-naehert-sich-dem-ende","status":"publish","type":"post","link":"https:\/\/www.ac-germania.com\/?p=3760","title":{"rendered":"Vorschau: Saison n\u00e4hert sich dem Ende"},"content":{"rendered":"<div id=\"attachment_3762\" style=\"width: 810px\" class=\"wp-caption aligncenter\"><img loading=\"lazy\" decoding=\"async\" aria-describedby=\"caption-attachment-3762\" class=\"wp-image-3762 size-full\" src=\"https:\/\/www.ac-germania.com\/A_ACG\/wordpress\/wp-content\/uploads\/2015\/11\/2015-11-26-001.jpg\" alt=\"2015-11-26-001\" width=\"800\" height=\"410\" srcset=\"https:\/\/www.ac-germania.com\/A_ACG\/wordpress\/wp-content\/uploads\/2015\/11\/2015-11-26-001.jpg 800w, https:\/\/www.ac-germania.com\/A_ACG\/wordpress\/wp-content\/uploads\/2015\/11\/2015-11-26-001-300x154.jpg 300w, https:\/\/www.ac-germania.com\/A_ACG\/wordpress\/wp-content\/uploads\/2015\/11\/2015-11-26-001-150x77.jpg 150w\" sizes=\"auto, (max-width: 800px) 100vw, 800px\" \/><p id=\"caption-attachment-3762\" class=\"wp-caption-text\">Alex Lehmann zeigte gegen Daniel Franke keinen Resepekt und musste sich gegen den \u00e4lteren Gelenaur nur nach Punkten geschlagen geben.<\/p><\/div>\n<h5>Bericht: Thomas Grosche<\/h5>\n<p>Ganze 4 Kampftage sind es noch f\u00fcr die Mannschaften der 2. Bundesliga Nord. Als st\u00e4rkste Staffel hatte die Teams aus dem Osten das volle Programm, selbst zwei Doppelkampftage waren notwendig, um die Anzahl der K\u00e4mpfe bis zum Weihnachtsfest zu absolvieren. \u00a0\u00a0\u00a0\u00a0\u00a0\u00a0\u00a0\u00a0\u00a0\u00a0\u00a0\u00a0\u00a0\u00a0\u00a0\u00a0\u00a0\u00a0\u00a0\u00a0\u00a0\u00a0\u00a0\u00a0\u00a0\u00a0\u00a0\u00a0\u00a0\u00a0\u00a0\u00a0\u00a0\u00a0\u00a0\u00a0\u00a0\u00a0\u00a0\u00a0\u00a0\u00a0\u00a0\u00a0\u00a0\u00a0\u00a0\u00a0\u00a0\u00a0\u00a0\u00a0\u00a0\u00a0\u00a0\u00a0\u00a0\u00a0\u00a0\u00a0\u00a0\u00a0\u00a0Jetzt ist langsam Licht am Ende des Tunnels. Aber leider nur, was das Saisonende betrifft. In Sachen Saisonziel hinken die Germanen noch immer ihren Anspr\u00fcchen hinterher. Gerade f\u00fcr den R\u00fcckkampf in Gelenau am vergangenen Wochenende hatte man sich so viel vorgenommen, doch genau das Gegenteil trat ein. Ganze 2 Begegnungen konnten die Germanen f\u00fcr sich entscheiden, trotz maximaler Kampfzeit in allen 10 Begegnungen war mehr nicht zu holen. Bitter, wenn man die Tabellenkonstellation im Auge hat. \u00a0\u00a0\u00a0\u00a0\u00a0\u00a0\u00a0\u00a0\u00a0\u00a0\u00a0\u00a0\u00a0\u00a0\u00a0\u00a0\u00a0\u00a0\u00a0\u00a0\u00a0\u00a0\u00a0\u00a0\u00a0\u00a0\u00a0\u00a0\u00a0\u00a0\u00a0\u00a0\u00a0\u00a0\u00a0\u00a0\u00a0\u00a0\u00a0\u00a0\u00a0\u00a0\u00a0\u00a0\u00a0\u00a0\u00a0\u00a0\u00a0\u00a0\u00a0\u00a0\u00a0\u00a0\u00a0\u00a0\u00a0\u00a0\u00a0\u00a0\u00a0\u00a0\u00a0\u00a0\u00a0\u00a0\u00a0\u00a0\u00a0\u00a0\u00a0\u00a0\u00a0\u00a0\u00a0\u00a0\u00a0\u00a0\u00a0\u00a0\u00a0\u00a0\u00a0\u00a0\u00a0\u00a0\u00a0\u00a0\u00a0\u00a0\u00a0\u00a0\u00a0\u00a0\u00a0\u00a0\u00a0\u00a0\u00a0\u00a0\u00a0\u00a0\u00a0\u00a0\u00a0\u00a0\u00a0\u00a0\u00a0\u00a0\u00a0\u00a0\u00a0\u00a0\u00a0\u00a0\u00a0\u00a0\u00a0\u00a0Doch wie hei\u00dft es so sch\u00f6n, das Singen und das Ringen, das kann man nicht erzwingen. Sicher ein Phrase, aber vielleicht steckt doch etwas Wahrheit dahinter. Bei dem am Samstag folgenden Heimkampf gegen Thalheim bringt Abstiegsangst und daraus resultierender Druck auf die Akteure wenig. Besser w\u00e4re ein unbeschwertes Auftreten vor heimischen Publikum. \u00a0\u00a0\u00a0\u00a0\u00a0\u00a0\u00a0\u00a0\u00a0\u00a0\u00a0\u00a0\u00a0\u00a0\u00a0\u00a0\u00a0\u00a0\u00a0\u00a0\u00a0\u00a0\u00a0\u00a0\u00a0\u00a0\u00a0\u00a0\u00a0\u00a0\u00a0\u00a0\u00a0\u00a0\u00a0\u00a0\u00a0\u00a0\u00a0\u00a0\u00a0\u00a0\u00a0\u00a0\u00a0\u00a0\u00a0\u00a0\u00a0\u00a0\u00a0Bisher haben wir immer wieder spannende K\u00e4mpfe mit aufopferungsvoll k\u00e4mpfenden Athleten gesehen. Selbst wenn das Ergebnis in die Hose ging, die Fans standen und stehen auch weiterhin hinter der Mannschaft. \u00a0\u00a0\u00a0\u00a0\u00a0\u00a0\u00a0\u00a0\u00a0\u00a0\u00a0\u00a0\u00a0\u00a0\u00a0\u00a0\u00a0\u00a0\u00a0\u00a0\u00a0\u00a0\u00a0\u00a0\u00a0\u00a0\u00a0\u00a0\u00a0\u00a0\u00a0\u00a0\u00a0\u00a0\u00a0\u00a0\u00a0\u00a0\u00a0\u00a0\u00a0\u00a0\u00a0\u00a0\u00a0\u00a0\u00a0\u00a0\u00a0\u00a0\u00a0\u00a0\u00a0\u00a0\u00a0\u00a0\u00a0\u00a0\u00a0\u00a0\u00a0\u00a0\u00a0\u00a0\u00a0\u00a0\u00a0\u00a0\u00a0\u00a0\u00a0\u00a0\u00a0\u00a0\u00a0\u00a0\u00a0\u00a0\u00a0\u00a0\u00a0\u00a0\u00a0\u00a0\u00a0\u00a0\u00a0\u00a0\u00a0\u00a0\u00a0\u00a0\u00a0\u00a0\u00a0\u00a0\u00a0\u00a0\u00a0\u00a0\u00a0\u00a0\u00a0\u00a0\u00a0\u00a0\u00a0\u00a0\u00a0\u00a0\u00a0\u00a0\u00a0\u00a0\u00a0\u00a0\u00a0\u00a0\u00a0\u00a0\u00a0\u00a0\u00a0\u00a0\u00a0\u00a0\u00a0\u00a0\u00a0\u00a0\u00a0\u00a0\u00a0\u00a0\u00a0\u00a0\u00a0\u00a0\u00a0\u00a0\u00a0\u00a0\u00a0\u00a0Also liebe Ringk\u00e4mpfer, l\u00f6scht das Abstiegsgespenst aus euren K\u00f6pfen und konzentriert euch einzig und allein auf, was am Samstag z\u00e4hlt. Das Ringen.\u00a0\u00a0\u00a0\u00a0\u00a0\u00a0\u00a0\u00a0\u00a0\u00a0\u00a0\u00a0\u00a0\u00a0\u00a0\u00a0\u00a0\u00a0\u00a0\u00a0\u00a0\u00a0\u00a0\u00a0\u00a0\u00a0\u00a0\u00a0\u00a0\u00a0\u00a0\u00a0\u00a0\u00a0\u00a0\u00a0\u00a0\u00a0\u00a0\u00a0\u00a0\u00a0\u00a0\u00a0 \u00a0\u00a0\u00a0\u00a0\u00a0\u00a0\u00a0\u00a0\u00a0\u00a0\u00a0\u00a0\u00a0\u00a0\u00a0\u00a0\u00a0\u00a0\u00a0\u00a0\u00a0\u00a0\u00a0\u00a0\u00a0\u00a0\u00a0\u00a0\u00a0\u00a0\u00a0\u00a0\u00a0\u00a0\u00a0\u00a0\u00a0\u00a0\u00a0\u00a0\u00a0\u00a0\u00a0\u00a0\u00a0\u00a0\u00a0\u00a0\u00a0Vielleicht spielt uns auch endlich mal das Gl\u00fcck in die H\u00e4nde. Thalheim hatte zuletzt Verletzungssorgen und damit Probleme, das Team optimal zu besetzen. In Sachen Tabellenplatz rangieren die Drei Tannenst\u00e4dter in den Top Five, da kann nichts mehr anbrennen. Lassen wir uns \u00fcberraschen, was die Wiegeliste offenbart. Wir freuen uns auf einen spannenden Heimkampf. AC, AC, AC.<\/p>\n<p><a href=\"http:\/\/www.ringen-thalheim.de\/rvt\/\" target=\"_blank\">&gt;&gt; Zur Website des RV Thalheim<\/a><\/p>\n<hr \/>\n<p><strong>F\u00fcr den n\u00e4chsten Ausw\u00e4rtskampf am 05.12.2015 in Pausa plant der ACG interessierten Fans erneut einen Fan-Bus zur Verf\u00fcgung zu stellen. Interessenten sollen sich am Samstag bitte an der Abendkasse melden.<\/strong><\/p>\n","protected":false},"excerpt":{"rendered":"<p>Bericht: Thomas Grosche Ganze 4 Kampftage sind es noch f\u00fcr die Mannschaften der 2. Bundesliga Nord. Als st\u00e4rkste Staffel hatte die Teams aus dem Osten das volle Programm, selbst zwei Doppelkampftage waren notwendig, um die Anzahl der K\u00e4mpfe bis zum Weihnachtsfest zu absolvieren. \u00a0\u00a0\u00a0\u00a0\u00a0\u00a0\u00a0\u00a0\u00a0\u00a0\u00a0\u00a0\u00a0\u00a0\u00a0\u00a0\u00a0\u00a0\u00a0\u00a0\u00a0\u00a0\u00a0\u00a0\u00a0\u00a0\u00a0\u00a0\u00a0\u00a0\u00a0\u00a0\u00a0\u00a0\u00a0\u00a0\u00a0\u00a0\u00a0\u00a0\u00a0\u00a0\u00a0\u00a0\u00a0\u00a0\u00a0\u00a0\u00a0\u00a0\u00a0\u00a0\u00a0\u00a0\u00a0\u00a0\u00a0\u00a0\u00a0\u00a0\u00a0\u00a0\u00a0Jetzt ist langsam Licht am Ende des \u2026 <a class=\"continue-reading-link\" href=\"https:\/\/www.ac-germania.com\/?p=3760\">Weiterlesen <span class=\"meta-nav\">&rarr; <\/span><\/a><\/p>\n","protected":false},"author":1,"featured_media":3762,"comment_status":"open","ping_status":"open","sticky":false,"template":"","format":"standard","meta":{"footnotes":""},"categories":[8],"tags":[],"class_list":["post-3760","post","type-post","status-publish","format-standard","has-post-thumbnail","hentry","category-news-2015"],"_links":{"self":[{"href":"https:\/\/www.ac-germania.com\/index.php?rest_route=\/wp\/v2\/posts\/3760","targetHints":{"allow":["GET"]}}],"collection":[{"href":"https:\/\/www.ac-germania.com\/index.php?rest_route=\/wp\/v2\/posts"}],"about":[{"href":"https:\/\/www.ac-germania.com\/index.php?rest_route=\/wp\/v2\/types\/post"}],"author":[{"embeddable":true,"href":"https:\/\/www.ac-germania.com\/index.php?rest_route=\/wp\/v2\/users\/1"}],"replies":[{"embeddable":true,"href":"https:\/\/www.ac-germania.com\/index.php?rest_route=%2Fwp%2Fv2%2Fcomments&post=3760"}],"version-history":[{"count":0,"href":"https:\/\/www.ac-germania.com\/index.php?rest_route=\/wp\/v2\/posts\/3760\/revisions"}],"wp:featuredmedia":[{"embeddable":true,"href":"https:\/\/www.ac-germania.com\/index.php?rest_route=\/wp\/v2\/media\/3762"}],"wp:attachment":[{"href":"https:\/\/www.ac-germania.com\/index.php?rest_route=%2Fwp%2Fv2%2Fmedia&parent=3760"}],"wp:term":[{"taxonomy":"category","embeddable":true,"href":"https:\/\/www.ac-germania.com\/index.php?rest_route=%2Fwp%2Fv2%2Fcategories&post=3760"},{"taxonomy":"post_tag","embeddable":true,"href":"https:\/\/www.ac-germania.com\/index.php?rest_route=%2Fwp%2Fv2%2Ftags&post=3760"}],"curies":[{"name":"wp","href":"https:\/\/api.w.org\/{rel}","templated":true}]}}