{"id":3755,"date":"2015-11-22T14:33:33","date_gmt":"2015-11-22T13:33:33","guid":{"rendered":"http:\/\/www.ac-germania.com\/?p=3755"},"modified":"2015-11-22T14:33:33","modified_gmt":"2015-11-22T13:33:33","slug":"stellungnahme-des-ac-germania-zum-vorfall-in-gelenau-2","status":"publish","type":"post","link":"https:\/\/www.ac-germania.com\/?p=3755","title":{"rendered":"Stellungnahme des AC Germania zum Vorfall in Gelenau"},"content":{"rendered":"<p>Am Samstag nach der Begegnung zwischen dem RSK Gelenau und dem AC Germania Arten wurde das Fahrzeug von Kampfrichter Peter Pippel besch\u00e4digt. In der Hoffnung, dass der Verursacher nicht zur Fangemeinde des AC Germania geh\u00f6rt, m\u00f6chten hiermit folgendes klar und deutlich zum Ausdruck bringen. Wir als Verein distanzieren uns von Vandalismus, Zerst\u00f6rung und Gewaltanwendung in jeder Art. Wir verzichten auf die Unterst\u00fctzung eines Jeden, der so etwas im Schilde f\u00fchrt. Solche Taten schaden dem Ansehen des Vereins und untergraben die Bem\u00fchungen aller Sportler, Helfer und Fans, die sich um das Wohl des Ringkampfsports bem\u00fchen.<\/p>\n<p>Sollte ein Mitmensch Zeuge einer solchen Tat werden, bitten wir Ihn, diese zur Anzeige zu bringen.<\/p>\n<p><em>Der Vorstand des AC Germania Artern e.V.<\/em><\/p>\n","protected":false},"excerpt":{"rendered":"<p>Am Samstag nach der Begegnung zwischen dem RSK Gelenau und dem AC Germania Arten wurde das Fahrzeug von Kampfrichter Peter Pippel besch\u00e4digt. In der Hoffnung, dass der Verursacher nicht zur Fangemeinde des AC Germania geh\u00f6rt, m\u00f6chten hiermit folgendes klar und deutlich zum Ausdruck bringen. Wir als Verein distanzieren uns von \u2026 <a class=\"continue-reading-link\" href=\"https:\/\/www.ac-germania.com\/?p=3755\">Weiterlesen <span class=\"meta-nav\">&rarr; <\/span><\/a><\/p>\n","protected":false},"author":1,"featured_media":1086,"comment_status":"open","ping_status":"open","sticky":false,"template":"","format":"standard","meta":{"footnotes":""},"categories":[8],"tags":[],"class_list":["post-3755","post","type-post","status-publish","format-standard","has-post-thumbnail","hentry","category-news-2015"],"_links":{"self":[{"href":"https:\/\/www.ac-germania.com\/index.php?rest_route=\/wp\/v2\/posts\/3755","targetHints":{"allow":["GET"]}}],"collection":[{"href":"https:\/\/www.ac-germania.com\/index.php?rest_route=\/wp\/v2\/posts"}],"about":[{"href":"https:\/\/www.ac-germania.com\/index.php?rest_route=\/wp\/v2\/types\/post"}],"author":[{"embeddable":true,"href":"https:\/\/www.ac-germania.com\/index.php?rest_route=\/wp\/v2\/users\/1"}],"replies":[{"embeddable":true,"href":"https:\/\/www.ac-germania.com\/index.php?rest_route=%2Fwp%2Fv2%2Fcomments&post=3755"}],"version-history":[{"count":0,"href":"https:\/\/www.ac-germania.com\/index.php?rest_route=\/wp\/v2\/posts\/3755\/revisions"}],"wp:featuredmedia":[{"embeddable":true,"href":"https:\/\/www.ac-germania.com\/index.php?rest_route=\/wp\/v2\/media\/1086"}],"wp:attachment":[{"href":"https:\/\/www.ac-germania.com\/index.php?rest_route=%2Fwp%2Fv2%2Fmedia&parent=3755"}],"wp:term":[{"taxonomy":"category","embeddable":true,"href":"https:\/\/www.ac-germania.com\/index.php?rest_route=%2Fwp%2Fv2%2Fcategories&post=3755"},{"taxonomy":"post_tag","embeddable":true,"href":"https:\/\/www.ac-germania.com\/index.php?rest_route=%2Fwp%2Fv2%2Ftags&post=3755"}],"curies":[{"name":"wp","href":"https:\/\/api.w.org\/{rel}","templated":true}]}}