{"id":3721,"date":"2015-11-19T18:54:06","date_gmt":"2015-11-19T17:54:06","guid":{"rendered":"http:\/\/www.ac-germania.com\/?p=3721"},"modified":"2015-11-19T23:33:25","modified_gmt":"2015-11-19T22:33:25","slug":"vorschau-alles-oder-nichts-kellerduell-in-der-bundesliga","status":"publish","type":"post","link":"https:\/\/www.ac-germania.com\/?p=3721","title":{"rendered":"Vorschau: Alles oder Nichts &#8211; Kellerduell in der Bundesliga"},"content":{"rendered":"<div id=\"attachment_3722\" style=\"width: 810px\" class=\"wp-caption aligncenter\"><img loading=\"lazy\" decoding=\"async\" aria-describedby=\"caption-attachment-3722\" class=\"wp-image-3722 size-full\" src=\"https:\/\/www.ac-germania.com\/A_ACG\/wordpress\/wp-content\/uploads\/2015\/11\/2015-11-19-001.jpg\" alt=\"2015-11-19-001\" width=\"800\" height=\"430\" srcset=\"https:\/\/www.ac-germania.com\/A_ACG\/wordpress\/wp-content\/uploads\/2015\/11\/2015-11-19-001.jpg 800w, https:\/\/www.ac-germania.com\/A_ACG\/wordpress\/wp-content\/uploads\/2015\/11\/2015-11-19-001-300x161.jpg 300w, https:\/\/www.ac-germania.com\/A_ACG\/wordpress\/wp-content\/uploads\/2015\/11\/2015-11-19-001-150x81.jpg 150w\" sizes=\"auto, (max-width: 800px) 100vw, 800px\" \/><p id=\"caption-attachment-3722\" class=\"wp-caption-text\">Stephan Knopf hatte im Duell mit dem Ungarn Bence Kovacs aus Aue keine Chance und verlor technisch.<\/p><\/div>\n<h5>Bericht: Thomas Grosche<\/h5>\n<p>Das Wochenende hat es in sich.<\/p>\n<p>5 Kampftage vor dem Ende der 2. Bundesliga geht es f\u00fcr den AC Germania um viel mehr als nur einen Ausw\u00e4rtskampf im Erzgebirge.<\/p>\n<p>Die Arterner, Aufsteiger in eine der st\u00e4rksten 2. Liga, die es je gegeben hat, stehen als Tabellenletzter mit dem R\u00fccken zur Wand. Verr\u00fcckt ist, das es trotz der vielen, teilweise auch knappen Niederlagen, noch nie soviel Spa\u00df macht, in Artern zu ringen.<\/p>\n<p>Sowohl Sportler als auf Fans legen noch immer eine ungebrochene Begeisterung an den Tag und zelebrieren den traditionellen Ringkampfsport an der Unstrut.<\/p>\n<p>Alle angereisten Mannschaften, einschlie\u00dflich der Fans, bescheinigen den Germanen eine einmalige Atmosph\u00e4re, ein faires Publikum und eine super Stimmung in der klitzekleinen Unstruthalle.<\/p>\n<p>Doch der Traum von der Bundesliga kann schon bald zerplatzen, verstehen es die Ringk\u00e4mpfer des AC nicht, in den noch 5 ausstehenden K\u00e4mpfen zu punkten.<\/p>\n<p>4 Mannschaftspunkte werden mindestens ben\u00f6tigt, um mit von der Partie zu sein.<\/p>\n<p>Den Letzten beissen wahrscheinlich die Hunde, jedenfalls, falls es einen Absteiger aus der 1. Bundesliga in die 2. Liga Nord verschlagen sollte. Eisleben ist zur Zeit erster Kandidat daf\u00fcr. Dr\u00fccken wir die Daumen, das die Mansfelder in der Abstiegsrunde erfolgreicher agieren als in der Serie.<\/p>\n<p>Doch soweit soll es f\u00fcr die Germanen erst gar nicht kommen. Am Samstag reist ein Gro\u00dfaufgebot an Sportlern und Fans ins Erzgebirge. Und es gibt nur ein Ziel f\u00fcr alle Beteiligten. Ausw\u00e4rtssieg!<\/p>\n<p>Und das hat nichts mit Gr\u00f6\u00dfenwahn zu tun. Nur zu gut wissen die Verantwortlichen bescheid \u00fcber die Schwere der Aufgabe. Aber es gibt keine andere Alternative, jetzt oder nie haben es die Germanen in der Hand. Wir freuen uns alle auf ein starkes Team, entschlossene, siegeshungrige Sportler, eine Bombenstimmung und eine Revanche f\u00fcr die ungl\u00fcckliche 12 zu 14 Heimniederlage damals in Artern. Jungs, auf gehts! K\u00e4mpfen und siegen! Die Fans stehen hinter euch, denn sie sind dabei!!!! AC,AC,AC\u2026.<\/p>\n<p><strong>F\u00fcr alle Fans die ein Busticket nach Gelenau gebucht haben ist <span style=\"text-decoration: underline;\">16:00 Uhr Abfahrt<\/span> am Arterner Busbahnhof.<\/strong><\/p>\n<p><a href=\"http:\/\/www.rsk-gelenau.de\/\" target=\"_blank\">&gt;&gt; Zur Website des RSK Gelenau<\/a><\/p>\n<hr \/>\n<p><strong>Adresse der Wettkampfhalle in Gelenau:<\/strong><\/p>\n<p>Sportareal Erzgebirgsblick | Bert Brecht Stra\u00dfe | 09423 Gelenau<\/p>\n<p><iframe loading=\"lazy\" style=\"border: 0;\" src=\"https:\/\/www.google.com\/maps\/embed?pb=!1m28!1m12!1m3!1d641686.0689853518!2d11.476818566135814!3d51.07918820472298!2m3!1f0!2f0!3f0!3m2!1i1024!2i768!4f13.1!4m13!3e6!4m5!1s0x47a4368d4a7715d7%3A0x4208ec174355890!2sArtern%2FUnstrut!3m2!1d51.3673649!2d11.295485399999999!4m5!1s0x47a74e72166af42d%3A0x9975e86ab7e1ec51!2sBertold-Brecht-Stra%C3%9Fe%2C+09423+Gelenau%2FErzgebirge!3m2!1d50.7153822!2d12.981313!5e0!3m2!1sde!2sde!4v1447955390580\" width=\"800\" height=\"600\" frameborder=\"0\" allowfullscreen=\"allowfullscreen\"><\/iframe><\/p>\n","protected":false},"excerpt":{"rendered":"<p>Bericht: Thomas Grosche Das Wochenende hat es in sich. 5 Kampftage vor dem Ende der 2. Bundesliga geht es f\u00fcr den AC Germania um viel mehr als nur einen Ausw\u00e4rtskampf im Erzgebirge. Die Arterner, Aufsteiger in eine der st\u00e4rksten 2. Liga, die es je gegeben hat, stehen als Tabellenletzter mit \u2026 <a class=\"continue-reading-link\" href=\"https:\/\/www.ac-germania.com\/?p=3721\">Weiterlesen <span class=\"meta-nav\">&rarr; <\/span><\/a><\/p>\n","protected":false},"author":1,"featured_media":3722,"comment_status":"open","ping_status":"open","sticky":false,"template":"","format":"standard","meta":{"footnotes":""},"categories":[8],"tags":[],"class_list":["post-3721","post","type-post","status-publish","format-standard","has-post-thumbnail","hentry","category-news-2015"],"_links":{"self":[{"href":"https:\/\/www.ac-germania.com\/index.php?rest_route=\/wp\/v2\/posts\/3721","targetHints":{"allow":["GET"]}}],"collection":[{"href":"https:\/\/www.ac-germania.com\/index.php?rest_route=\/wp\/v2\/posts"}],"about":[{"href":"https:\/\/www.ac-germania.com\/index.php?rest_route=\/wp\/v2\/types\/post"}],"author":[{"embeddable":true,"href":"https:\/\/www.ac-germania.com\/index.php?rest_route=\/wp\/v2\/users\/1"}],"replies":[{"embeddable":true,"href":"https:\/\/www.ac-germania.com\/index.php?rest_route=%2Fwp%2Fv2%2Fcomments&post=3721"}],"version-history":[{"count":0,"href":"https:\/\/www.ac-germania.com\/index.php?rest_route=\/wp\/v2\/posts\/3721\/revisions"}],"wp:featuredmedia":[{"embeddable":true,"href":"https:\/\/www.ac-germania.com\/index.php?rest_route=\/wp\/v2\/media\/3722"}],"wp:attachment":[{"href":"https:\/\/www.ac-germania.com\/index.php?rest_route=%2Fwp%2Fv2%2Fmedia&parent=3721"}],"wp:term":[{"taxonomy":"category","embeddable":true,"href":"https:\/\/www.ac-germania.com\/index.php?rest_route=%2Fwp%2Fv2%2Fcategories&post=3721"},{"taxonomy":"post_tag","embeddable":true,"href":"https:\/\/www.ac-germania.com\/index.php?rest_route=%2Fwp%2Fv2%2Ftags&post=3721"}],"curies":[{"name":"wp","href":"https:\/\/api.w.org\/{rel}","templated":true}]}}