{"id":3703,"date":"2015-11-12T18:05:16","date_gmt":"2015-11-12T17:05:16","guid":{"rendered":"http:\/\/www.ac-germania.com\/?p=3703"},"modified":"2015-11-19T23:34:25","modified_gmt":"2015-11-19T22:34:25","slug":"vorschau-ac-germania-empfaengt-spitzenreiter","status":"publish","type":"post","link":"https:\/\/www.ac-germania.com\/?p=3703","title":{"rendered":"Vorschau: AC Germania empf\u00e4ngt Spitzenreiter"},"content":{"rendered":"<div id=\"attachment_3704\" style=\"width: 810px\" class=\"wp-caption aligncenter\"><img loading=\"lazy\" decoding=\"async\" aria-describedby=\"caption-attachment-3704\" class=\"wp-image-3704 size-full\" src=\"https:\/\/www.ac-germania.com\/A_ACG\/wordpress\/wp-content\/uploads\/2015\/11\/2015-11-12-001.jpg\" alt=\"2015-11-12-001\" width=\"800\" height=\"493\" srcset=\"https:\/\/www.ac-germania.com\/A_ACG\/wordpress\/wp-content\/uploads\/2015\/11\/2015-11-12-001.jpg 800w, https:\/\/www.ac-germania.com\/A_ACG\/wordpress\/wp-content\/uploads\/2015\/11\/2015-11-12-001-300x185.jpg 300w, https:\/\/www.ac-germania.com\/A_ACG\/wordpress\/wp-content\/uploads\/2015\/11\/2015-11-12-001-150x92.jpg 150w\" sizes=\"auto, (max-width: 800px) 100vw, 800px\" \/><p id=\"caption-attachment-3704\" class=\"wp-caption-text\">Daniel Geist lie\u00df Robert Glor vom RV L\u00fcbtheen keine Chance und besiegte ihn auf Schulter.<\/p><\/div>\n<h5>Bericht: Thomas Grosche<\/h5>\n<p>F\u00fcr die Ringk\u00e4mpfer des AC Germania gibt es keine Pause. Schon am Samstag geht es auf heimischer Matte weiter in der 2. Bundesliga Nord. Zwei Drittel der ohne Frage spektakul\u00e4rsten Saison sind f\u00fcr die Arterner Ringk\u00e4mpfer bereits Geschichte.<\/p>\n<p>Trotzdem k\u00f6nnen es die Athleten kaum erwarten, wieder auf die Matte zu gehen. Selbst wenn der Gast am Samstag der Tabellenf\u00fchrer aus Aue ist, egal, die Jungs wollen k\u00e4mpfen. 25 zu 1 hie\u00df es damals im September in Aue, kein Glanzst\u00fcck f\u00fcr die Germanen.<\/p>\n<p>Einzig Oldrich Varga, mittlerweile in den Top 5 der Bestenliste der Staffel Nord in der 2. Bundesliga angekommen, sicherte den Ehrenpunkt bei den Sachsen. Theoretisch k\u00f6nnte es beim Heimkampf genau so aussehen, da die Auer auch in der zweiten Reihe keine \u201eB\u201c Ware haben, trotzdem gehen die Germanen entschlossen in den R\u00fcckkampf.<\/p>\n<p>Durchaus beachtlich haben sich die Arterner gerade vor heimischen Publikum geschlagen, die K\u00e4mpfe gegen Markneukirchen, Gelenau, Pausa, Leipzig und Werdau waren an Spannung eigentlich nicht zu \u00fcberbieten und trotzdem wurde es jedes mal noch ein paar Zacken sch\u00e4rfer im Hexenkessel.<\/p>\n<p>Aber bisher fehlen die Punkte, die so wichtig sind f\u00fcr den angestrebten Klassenerhalt. Ob sie gegen Aue zu holen sind, d\u00fcrfte bezweifelt werden. Doch wie schon so oft bemerkt, die Hoffnung stirbt zuletzt.<\/p>\n<p>Wir freuen uns schon heute auf den n\u00e4chsten Bundesliga-Kampf in Artern und dr\u00fccken die Daumen, das es auch im n\u00e4chsten Jahr in dieser Liga weitergeht. AC,AC,AC.<\/p>\n<p><a href=\"http:\/\/www.aue-ringen.de\/\" target=\"_blank\">&gt;&gt; Zur Website des FC Erzgebirge Aue<\/a><\/p>\n","protected":false},"excerpt":{"rendered":"<p>Bericht: Thomas Grosche F\u00fcr die Ringk\u00e4mpfer des AC Germania gibt es keine Pause. Schon am Samstag geht es auf heimischer Matte weiter in der 2. Bundesliga Nord. Zwei Drittel der ohne Frage spektakul\u00e4rsten Saison sind f\u00fcr die Arterner Ringk\u00e4mpfer bereits Geschichte. Trotzdem k\u00f6nnen es die Athleten kaum erwarten, wieder auf \u2026 <a class=\"continue-reading-link\" href=\"https:\/\/www.ac-germania.com\/?p=3703\">Weiterlesen <span class=\"meta-nav\">&rarr; <\/span><\/a><\/p>\n","protected":false},"author":1,"featured_media":3704,"comment_status":"open","ping_status":"open","sticky":false,"template":"","format":"standard","meta":{"footnotes":""},"categories":[8],"tags":[],"class_list":["post-3703","post","type-post","status-publish","format-standard","has-post-thumbnail","hentry","category-news-2015"],"_links":{"self":[{"href":"https:\/\/www.ac-germania.com\/index.php?rest_route=\/wp\/v2\/posts\/3703","targetHints":{"allow":["GET"]}}],"collection":[{"href":"https:\/\/www.ac-germania.com\/index.php?rest_route=\/wp\/v2\/posts"}],"about":[{"href":"https:\/\/www.ac-germania.com\/index.php?rest_route=\/wp\/v2\/types\/post"}],"author":[{"embeddable":true,"href":"https:\/\/www.ac-germania.com\/index.php?rest_route=\/wp\/v2\/users\/1"}],"replies":[{"embeddable":true,"href":"https:\/\/www.ac-germania.com\/index.php?rest_route=%2Fwp%2Fv2%2Fcomments&post=3703"}],"version-history":[{"count":0,"href":"https:\/\/www.ac-germania.com\/index.php?rest_route=\/wp\/v2\/posts\/3703\/revisions"}],"wp:featuredmedia":[{"embeddable":true,"href":"https:\/\/www.ac-germania.com\/index.php?rest_route=\/wp\/v2\/media\/3704"}],"wp:attachment":[{"href":"https:\/\/www.ac-germania.com\/index.php?rest_route=%2Fwp%2Fv2%2Fmedia&parent=3703"}],"wp:term":[{"taxonomy":"category","embeddable":true,"href":"https:\/\/www.ac-germania.com\/index.php?rest_route=%2Fwp%2Fv2%2Fcategories&post=3703"},{"taxonomy":"post_tag","embeddable":true,"href":"https:\/\/www.ac-germania.com\/index.php?rest_route=%2Fwp%2Fv2%2Ftags&post=3703"}],"curies":[{"name":"wp","href":"https:\/\/api.w.org\/{rel}","templated":true}]}}