{"id":3674,"date":"2015-11-05T17:58:33","date_gmt":"2015-11-05T16:58:33","guid":{"rendered":"http:\/\/www.ac-germania.com\/?p=3674"},"modified":"2015-11-19T23:37:21","modified_gmt":"2015-11-19T22:37:21","slug":"vorschau-volles-programm-fuer-ac-germania","status":"publish","type":"post","link":"https:\/\/www.ac-germania.com\/?p=3674","title":{"rendered":"Vorschau: Volles Programm f\u00fcr AC Germania"},"content":{"rendered":"<p>Das kommende Wochenende steht f\u00fcr die Teams der 2. Bundesliga wieder ganz im Zeichen des Ringkampfsports. Um den prallen Terminplan einhalten zu k\u00f6nnen und das gesamte Kampfgeschehen bis zum Weihnachtsfest durchzuziehen, steht der n\u00e4chste Doppelkampftag an. Schon am Freitag Abend werden die ersten Begegnungen angepfiffen, zum Ende kommen die Teams am Sonntag gegen 17.00 Uhr.<\/p>\n<div id=\"attachment_3676\" style=\"width: 810px\" class=\"wp-caption aligncenter\"><img loading=\"lazy\" decoding=\"async\" aria-describedby=\"caption-attachment-3676\" class=\"wp-image-3676 size-full\" src=\"https:\/\/www.ac-germania.com\/A_ACG\/wordpress\/wp-content\/uploads\/2015\/11\/2015-11-05-001.jpg\" alt=\"2015-11-05-001\" width=\"800\" height=\"578\" srcset=\"https:\/\/www.ac-germania.com\/A_ACG\/wordpress\/wp-content\/uploads\/2015\/11\/2015-11-05-001.jpg 800w, https:\/\/www.ac-germania.com\/A_ACG\/wordpress\/wp-content\/uploads\/2015\/11\/2015-11-05-001-300x217.jpg 300w, https:\/\/www.ac-germania.com\/A_ACG\/wordpress\/wp-content\/uploads\/2015\/11\/2015-11-05-001-150x108.jpg 150w\" sizes=\"auto, (max-width: 800px) 100vw, 800px\" \/><p id=\"caption-attachment-3676\" class=\"wp-caption-text\">Plamen Tashev besiegte mit einer konzentrierten Leistung den starken Polen Marcin Olejniczak nach Punkten.<\/p><\/div>\n<h5>Bericht: Thomas Grosche<\/h5>\n<p>Hut ab vor allen Sportlern, Betreuern und Helfern, die auf den Beinen sind, um die K\u00e4mpfe und das ganze drum herum abzusichern.<\/p>\n<p>Der Fokus der Sportler liegt nat\u00fcrlich auf den anstehenden K\u00e4mpfen. Un da haben es die Germanen wahrlich nicht leicht. Am Samstag um 19. 30 Uhr werden die Germanen auf heimischer Matte vom AC Werdau herausgefordert. Bei den Sachsen lief zuletzt nicht alles nach Plan, verzockte man sich doch gegen Pausa und verlor 36 zu 0.<\/p>\n<p>Ja so ein Gl\u00fcck h\u00e4tten die Germanen auch mal gern. Gerade im bereits vom ersten Kampftag andauernden Abstiegskampf w\u00e4ren solche Geschenke Gold wert. Doch mit gro\u00dfer Wahrscheinlichkeit wird wie jedes mal der Sieg in 10 spannenden K\u00e4mpfen ausgerungen.<\/p>\n<p>Das Publikum wurde in Sachen Anspannung schon vor die eine oder andere Herausforderung gestellt und das wird sich auch am Samstag nicht \u00e4ndern.<\/p>\n<p>Auch wenn die Germanen in der Hinrunde in Werdau eine ordentliche Reise bekamen, werden am Samstag die Karten neu gemischt. Favorit sind nat\u00fcrlich weiterhin die G\u00e4ste aus Sachsen, aber vielleicht bringt der Stilartenwechsel in der R\u00fcckrunde doch so manche \u00dcberraschung mit sich. Gut, in Markneukirchen hatte man auch darauf gehofft, aber lassen wir das Gestochere in der Vergangenheit und schauen lieber in die Zukunft.<\/p>\n<p>Und da winkt f\u00fcr den Sonntag Nachmittag kein geringerer als der RV L\u00fcbtheen. Tabellenzweiter, Entfernungsweltmeister und das p\u00fcnktlich zum Sonntagskaffee. Zuallererst muss man den Hut ziehen vor dem Team aus Meck-Pomm, das eigentlich die ganze Saison auf der Stra\u00dfe \u201eliegt\u201c. Jedes Team muss nur einmal in den Norden, die Nordlichter haben 9 mal den weiten Weg in den S\u00fcden zu nehmen, hin und zur\u00fcck. Respekt. Die Germanen konzernieren sich allerdings erst einmal auf den Heimkampf am Samstag und fassen danach die Begegnung gegen L\u00fcbtheen ins Auge. In der Hoffnung das alle Sportler von Husten, Schnupfen und Heiserkeit verschont bleiben und auch sonst top fit sind, freuen wir uns auf ein ringkampfintensives Wochenende und w\u00fcnschen uns schon mal Hals- und Beinbruch.<\/p>\n<p>AC,AC,AC.<\/p>\n<p><a href=\"http:\/\/www.ac1897werdau.de\/\" target=\"_blank\">&gt;&gt; Zur Website des AC 1897 Werdau<\/a><\/p>\n<p><a href=\"http:\/\/www.ringen-luebtheen.de\/\" target=\"_blank\">&gt;&gt; Zur Website des RV L\u00fcbtheen<\/a><\/p>\n<hr \/>\n<p><strong>Adresse der Wettkampfhalle in L\u00fcbtheen:<\/strong><\/p>\n<p>Hans Oldag Mehrzweckhalle | Rudolf Breitscheid Stra\u00dfe 30c | 19249 L\u00fcbtheen<\/p>\n<p><iframe loading=\"lazy\" style=\"border: 0;\" src=\"https:\/\/www.google.com\/maps\/embed?pb=!1m27!1m12!1m3!1d1763653.7463439186!2d11.04548462632207!3d52.37539481862015!2m3!1f0!2f0!3f0!3m2!1i1024!2i768!4f13.1!4m12!3e6!4m5!1s0x47a4368d4a7715d7%3A0x4208ec174355890!2sArtern%2FUnstrut!3m2!1d51.3673649!2d11.295485399999999!4m4!1s0x47ae6b58af3f5ce1%3A0xb81f97e5744792a0!3m2!1d53.3082!2d11.08015!5e0!3m2!1sde!2sde!4v1446741101556\" width=\"800\" height=\"600\" frameborder=\"0\" allowfullscreen=\"allowfullscreen\"><\/iframe><\/p>\n","protected":false},"excerpt":{"rendered":"<p>Das kommende Wochenende steht f\u00fcr die Teams der 2. Bundesliga wieder ganz im Zeichen des Ringkampfsports. Um den prallen Terminplan einhalten zu k\u00f6nnen und das gesamte Kampfgeschehen bis zum Weihnachtsfest durchzuziehen, steht der n\u00e4chste Doppelkampftag an. Schon am Freitag Abend werden die ersten Begegnungen angepfiffen, zum Ende kommen die Teams \u2026 <a class=\"continue-reading-link\" href=\"https:\/\/www.ac-germania.com\/?p=3674\">Weiterlesen <span class=\"meta-nav\">&rarr; <\/span><\/a><\/p>\n","protected":false},"author":1,"featured_media":3676,"comment_status":"open","ping_status":"open","sticky":false,"template":"","format":"standard","meta":{"footnotes":""},"categories":[8],"tags":[],"class_list":["post-3674","post","type-post","status-publish","format-standard","has-post-thumbnail","hentry","category-news-2015"],"_links":{"self":[{"href":"https:\/\/www.ac-germania.com\/index.php?rest_route=\/wp\/v2\/posts\/3674","targetHints":{"allow":["GET"]}}],"collection":[{"href":"https:\/\/www.ac-germania.com\/index.php?rest_route=\/wp\/v2\/posts"}],"about":[{"href":"https:\/\/www.ac-germania.com\/index.php?rest_route=\/wp\/v2\/types\/post"}],"author":[{"embeddable":true,"href":"https:\/\/www.ac-germania.com\/index.php?rest_route=\/wp\/v2\/users\/1"}],"replies":[{"embeddable":true,"href":"https:\/\/www.ac-germania.com\/index.php?rest_route=%2Fwp%2Fv2%2Fcomments&post=3674"}],"version-history":[{"count":0,"href":"https:\/\/www.ac-germania.com\/index.php?rest_route=\/wp\/v2\/posts\/3674\/revisions"}],"wp:featuredmedia":[{"embeddable":true,"href":"https:\/\/www.ac-germania.com\/index.php?rest_route=\/wp\/v2\/media\/3676"}],"wp:attachment":[{"href":"https:\/\/www.ac-germania.com\/index.php?rest_route=%2Fwp%2Fv2%2Fmedia&parent=3674"}],"wp:term":[{"taxonomy":"category","embeddable":true,"href":"https:\/\/www.ac-germania.com\/index.php?rest_route=%2Fwp%2Fv2%2Fcategories&post=3674"},{"taxonomy":"post_tag","embeddable":true,"href":"https:\/\/www.ac-germania.com\/index.php?rest_route=%2Fwp%2Fv2%2Ftags&post=3674"}],"curies":[{"name":"wp","href":"https:\/\/api.w.org\/{rel}","templated":true}]}}