{"id":3658,"date":"2015-10-29T18:20:52","date_gmt":"2015-10-29T17:20:52","guid":{"rendered":"http:\/\/www.ac-germania.com\/?p=3658"},"modified":"2015-11-19T23:42:56","modified_gmt":"2015-11-19T22:42:56","slug":"vorschau-rueckrundenstart-in-musikerstadt-markneukirchen","status":"publish","type":"post","link":"https:\/\/www.ac-germania.com\/?p=3658","title":{"rendered":"Vorschau: R\u00fcckrundenstart in Musikerstadt Markneukirchen"},"content":{"rendered":"<div id=\"attachment_3659\" style=\"width: 810px\" class=\"wp-caption aligncenter\"><img loading=\"lazy\" decoding=\"async\" aria-describedby=\"caption-attachment-3659\" class=\"wp-image-3659 size-full\" src=\"https:\/\/www.ac-germania.com\/A_ACG\/wordpress\/wp-content\/uploads\/2015\/10\/2015-10-29-002.jpg\" alt=\"2015-10-29-002\" width=\"800\" height=\"437\" srcset=\"https:\/\/www.ac-germania.com\/A_ACG\/wordpress\/wp-content\/uploads\/2015\/10\/2015-10-29-002.jpg 800w, https:\/\/www.ac-germania.com\/A_ACG\/wordpress\/wp-content\/uploads\/2015\/10\/2015-10-29-002-300x164.jpg 300w, https:\/\/www.ac-germania.com\/A_ACG\/wordpress\/wp-content\/uploads\/2015\/10\/2015-10-29-002-150x82.jpg 150w\" sizes=\"auto, (max-width: 800px) 100vw, 800px\" \/><p id=\"caption-attachment-3659\" class=\"wp-caption-text\">Marco Scherf trug mit seinem Punktsieg \u00fcber Arne Br\u00f6mme zum ersten Mannschaftserfolg der Germanen in dieser Saison bei.<\/p><\/div>\n<h5>Bericht: Thomas Grosche<\/h5>\n<p>Gerade erst einmal 8 Woche ist es her, als die Germanen mit dem Auftaktkampf gegen AVG Markneukirchen ihre Feuertaufe in der 2. Bundesliga mit Bravour bestanden.<\/p>\n<p>Niemand hatte im Vorfeld angenommen, dass die Arterner mit dem am wenigsten professionellen Kader der ganzen Liga so gut mitringen konnten. Bei 5 zu 5 Siegen war das Ergebnis mit 14 zu 15 denkbar knapp und eigentlich f\u00fchlte sich dieses Resultat fast wie ein Sieg an. Aber auch nur fast, denn bis zum vergangenen Wochenende musste der AC Germania genau f\u00fcr seinen ersten Sieg in der Liga k\u00e4mpfen.<\/p>\n<p>Das die Fights gegen Gelenau und Pausa vor einem fantastischen Publikum in der kleinsten Halle der Liga auch knapp verloren gingen, z\u00e4hlt h\u00f6chstens am Stammtisch. Die harte Wahrheit zeigte bis dato die Tabelle auf.<\/p>\n<p>Doch am letzten Samstag hat es endlich geklappt.10 spannende K\u00e4mpfe, 7 Siege in den Einzelbegegnungen f\u00fcr den AC und endlich der langersehnte Mannschaftssieg. Ja das war ein Krimi, und wenn die Fans davon berichten, haben sie noch immer dieses Leuchten in den Augen. Doch ab Samstag ist R\u00fcckrunde angesagt und da werden die Karten neu gemischt. Welche Mannschaften haben noch ihren kompletten Kader? Wie wird in den nun folgenden Begegnungen umgestellt? Wer von den Sportlern muss in den sauren Apfel beissen und in niedrigere Gewichtsklasse \u201eabkochen\u201c und f\u00fcr wenn hat die 8-Wochendi\u00e4t endlich ein Ende?<\/p>\n<p>Fragen \u00fcber Fragen, die Antworten gibt es ab kommenden Samstag auf den 5 Mattenquadraten der zu Hause k\u00e4mpfenden Mannschaften. Und der AC Germania geh\u00f6rt da leider nicht dazu, denn es geht auf Reisen.<\/p>\n<p>Leider nicht nur um die Ecke, sondern in die Musikantenstadt Markneukirchen. Das kleine s\u00e4chsische St\u00e4dtchen im s\u00fcdlichsten Teil des oberen Vogtlandes ist bekannt f\u00fcr den Bau von Musikinstrumenten und nat\u00fcrlich f\u00fcr seine Ringkampftradition. In den letzten Jahren mischten die Vogtl\u00e4nder in allen Ligen mit. Bei der 1. Bundesliga angefangen, bis zur Oberliga Sachsen und nun in der 2. Bundesliga, wo die Sachsenduelle immer wieder f\u00fcr besondere Spannung gut sind. Doch mit dem AC Germania hat es ein weiteres Team aus Th\u00fcringen geschafft, im Konzert der Gro\u00dfen hin und wieder einen Akkord zu setzten.<\/p>\n<p>Selbst wenn Markneukirchen mit 6 Punkten Favorit in dieser Begegnung sein sollte, hei\u00dft dass nicht automatisch Heimsieg. Die Arterner haben sich f\u00fcr das Wochenende viel vorgenommen. Mit dem Wissen, dass 2 Punkte f\u00fcr den Klassenerhalt zu wenig sind, gibt es keine Verschnaufpause f\u00fcr die Unstrutst\u00e4dter. Und da man ja jetzt wei\u00df, wie Siege schmecken, wollen alle mehr. Und da sprechen wir nicht nur von den Fans\u2026\u00a0\u00a0 AC,AC,AC.<\/p>\n<p><a href=\"http:\/\/www.av-germania.com\/\" target=\"_blank\">&gt;&gt; Zur Website des AVG Markneukirchen<\/a><\/p>\n<hr \/>\n<p><strong>Adresse der Wettkampfhalle:<\/strong><\/p>\n<p>Ringerhalle | Sch\u00fctzenstra\u00dfe 49 | 08258 Markneukirchen<\/p>\n<p><iframe loading=\"lazy\" style=\"border: 0;\" src=\"https:\/\/www.google.com\/maps\/embed?pb=!1m24!1m8!1m3!1d1287695.314201907!2d12.0875139!3d50.9231637!3m2!1i1024!2i768!4f13.1!4m13!3e6!4m5!1s0x47a4368d4a7715d7%3A0x4208ec174355890!2sArtern%2FUnstrut!3m2!1d51.3673649!2d11.295485399999999!4m5!1s0x47a0e649663869d1%3A0xc7439edc145467e6!2sSch%C3%BCtzenstra%C3%9Fe+49%2C+08258+Markneukirchen!3m2!1d50.3088036!2d12.335163!5e0!3m2!1sde!2sde!4v1446139533395\" width=\"800\" height=\"600\" frameborder=\"0\" allowfullscreen=\"allowfullscreen\"><\/iframe><\/p>\n","protected":false},"excerpt":{"rendered":"<p>Bericht: Thomas Grosche Gerade erst einmal 8 Woche ist es her, als die Germanen mit dem Auftaktkampf gegen AVG Markneukirchen ihre Feuertaufe in der 2. Bundesliga mit Bravour bestanden. Niemand hatte im Vorfeld angenommen, dass die Arterner mit dem am wenigsten professionellen Kader der ganzen Liga so gut mitringen konnten. \u2026 <a class=\"continue-reading-link\" href=\"https:\/\/www.ac-germania.com\/?p=3658\">Weiterlesen <span class=\"meta-nav\">&rarr; <\/span><\/a><\/p>\n","protected":false},"author":1,"featured_media":3659,"comment_status":"open","ping_status":"open","sticky":false,"template":"","format":"standard","meta":{"footnotes":""},"categories":[8],"tags":[],"class_list":["post-3658","post","type-post","status-publish","format-standard","has-post-thumbnail","hentry","category-news-2015"],"_links":{"self":[{"href":"https:\/\/www.ac-germania.com\/index.php?rest_route=\/wp\/v2\/posts\/3658","targetHints":{"allow":["GET"]}}],"collection":[{"href":"https:\/\/www.ac-germania.com\/index.php?rest_route=\/wp\/v2\/posts"}],"about":[{"href":"https:\/\/www.ac-germania.com\/index.php?rest_route=\/wp\/v2\/types\/post"}],"author":[{"embeddable":true,"href":"https:\/\/www.ac-germania.com\/index.php?rest_route=\/wp\/v2\/users\/1"}],"replies":[{"embeddable":true,"href":"https:\/\/www.ac-germania.com\/index.php?rest_route=%2Fwp%2Fv2%2Fcomments&post=3658"}],"version-history":[{"count":0,"href":"https:\/\/www.ac-germania.com\/index.php?rest_route=\/wp\/v2\/posts\/3658\/revisions"}],"wp:featuredmedia":[{"embeddable":true,"href":"https:\/\/www.ac-germania.com\/index.php?rest_route=\/wp\/v2\/media\/3659"}],"wp:attachment":[{"href":"https:\/\/www.ac-germania.com\/index.php?rest_route=%2Fwp%2Fv2%2Fmedia&parent=3658"}],"wp:term":[{"taxonomy":"category","embeddable":true,"href":"https:\/\/www.ac-germania.com\/index.php?rest_route=%2Fwp%2Fv2%2Fcategories&post=3658"},{"taxonomy":"post_tag","embeddable":true,"href":"https:\/\/www.ac-germania.com\/index.php?rest_route=%2Fwp%2Fv2%2Ftags&post=3658"}],"curies":[{"name":"wp","href":"https:\/\/api.w.org\/{rel}","templated":true}]}}