{"id":3654,"date":"2015-10-29T12:09:38","date_gmt":"2015-10-29T11:09:38","guid":{"rendered":"http:\/\/www.ac-germania.com\/?p=3654"},"modified":"2015-10-29T12:09:38","modified_gmt":"2015-10-29T11:09:38","slug":"info-vom-kfc-leipzig-zur-verletzung-von-adam-bienkowski","status":"publish","type":"post","link":"https:\/\/www.ac-germania.com\/?p=3654","title":{"rendered":"Info vom KFC Leipzig zur Verletzung von Adam Bienkowski"},"content":{"rendered":"<p>Folgend Nachricht hat uns gestern vom KFC Leipzig erreicht:<\/p>\n<p><em>Lieber Sportfreund Lothar Finke,<\/em><\/p>\n<p><em>die Sportler und Trainer der 1. Mannschaft des KFC Leipzig m\u00f6chten sich recht herzlich bei dem Team des AC G Artern f\u00fcr die umfangreichen Bem\u00fchungen um unseren verletzten Sportlers Adam Bienkowski bedanken.<\/em><\/p>\n<p><em>Besonders m\u00f6chten wir uns f\u00fcr die sachkundige und fachgerechte Arbeit eures medizinischen Personals&#8220; bedanken. Aufgrund der schnellen Behandlung sind unserem Sportler viele Schmerzen erspart geblieben. Adam geht es den Umst\u00e4nden entsprechend gut und es ist eine vollst\u00e4ndige Heilung zu erwarten, so dass er 2016 wieder zum Einsatz kommen kann.<\/em><\/p>\n<p><em>Mit sportlichen Gr\u00fc\u00dfen<\/em><\/p>\n<p><em>Ulrich Horn (Pr\u00e4sident)<\/em><br \/>\n<em>Steffen Moosdorf (Trainer)<\/em><\/p>\n<h3><strong>Auch der AC Germania w\u00fcnscht Adam einen schnellen Heilungsverlauf und alles Gute!<\/strong><\/h3>\n<div id=\"attachment_3655\" style=\"width: 810px\" class=\"wp-caption aligncenter\"><img loading=\"lazy\" decoding=\"async\" aria-describedby=\"caption-attachment-3655\" class=\"wp-image-3655 size-full\" src=\"https:\/\/www.ac-germania.com\/A_ACG\/wordpress\/wp-content\/uploads\/2015\/10\/2015-10-29-001.jpg\" alt=\"2015-10-29-001\" width=\"800\" height=\"434\" srcset=\"https:\/\/www.ac-germania.com\/A_ACG\/wordpress\/wp-content\/uploads\/2015\/10\/2015-10-29-001.jpg 800w, https:\/\/www.ac-germania.com\/A_ACG\/wordpress\/wp-content\/uploads\/2015\/10\/2015-10-29-001-300x163.jpg 300w, https:\/\/www.ac-germania.com\/A_ACG\/wordpress\/wp-content\/uploads\/2015\/10\/2015-10-29-001-150x81.jpg 150w\" sizes=\"auto, (max-width: 800px) 100vw, 800px\" \/><p id=\"caption-attachment-3655\" class=\"wp-caption-text\">Adam Bienkowski vom KFC Leipzig verletzte sich im kampf gegen Anulak Eisenhardt und konnte den Kampf nicht beenden.<\/p><\/div>\n","protected":false},"excerpt":{"rendered":"<p>Folgend Nachricht hat uns gestern vom KFC Leipzig erreicht: Lieber Sportfreund Lothar Finke, die Sportler und Trainer der 1. Mannschaft des KFC Leipzig m\u00f6chten sich recht herzlich bei dem Team des AC G Artern f\u00fcr die umfangreichen Bem\u00fchungen um unseren verletzten Sportlers Adam Bienkowski bedanken. Besonders m\u00f6chten wir uns f\u00fcr \u2026 <a class=\"continue-reading-link\" href=\"https:\/\/www.ac-germania.com\/?p=3654\">Weiterlesen <span class=\"meta-nav\">&rarr; <\/span><\/a><\/p>\n","protected":false},"author":1,"featured_media":3655,"comment_status":"open","ping_status":"open","sticky":false,"template":"","format":"standard","meta":{"footnotes":""},"categories":[8],"tags":[],"class_list":["post-3654","post","type-post","status-publish","format-standard","has-post-thumbnail","hentry","category-news-2015"],"_links":{"self":[{"href":"https:\/\/www.ac-germania.com\/index.php?rest_route=\/wp\/v2\/posts\/3654","targetHints":{"allow":["GET"]}}],"collection":[{"href":"https:\/\/www.ac-germania.com\/index.php?rest_route=\/wp\/v2\/posts"}],"about":[{"href":"https:\/\/www.ac-germania.com\/index.php?rest_route=\/wp\/v2\/types\/post"}],"author":[{"embeddable":true,"href":"https:\/\/www.ac-germania.com\/index.php?rest_route=\/wp\/v2\/users\/1"}],"replies":[{"embeddable":true,"href":"https:\/\/www.ac-germania.com\/index.php?rest_route=%2Fwp%2Fv2%2Fcomments&post=3654"}],"version-history":[{"count":0,"href":"https:\/\/www.ac-germania.com\/index.php?rest_route=\/wp\/v2\/posts\/3654\/revisions"}],"wp:featuredmedia":[{"embeddable":true,"href":"https:\/\/www.ac-germania.com\/index.php?rest_route=\/wp\/v2\/media\/3655"}],"wp:attachment":[{"href":"https:\/\/www.ac-germania.com\/index.php?rest_route=%2Fwp%2Fv2%2Fmedia&parent=3654"}],"wp:term":[{"taxonomy":"category","embeddable":true,"href":"https:\/\/www.ac-germania.com\/index.php?rest_route=%2Fwp%2Fv2%2Fcategories&post=3654"},{"taxonomy":"post_tag","embeddable":true,"href":"https:\/\/www.ac-germania.com\/index.php?rest_route=%2Fwp%2Fv2%2Ftags&post=3654"}],"curies":[{"name":"wp","href":"https:\/\/api.w.org\/{rel}","templated":true}]}}