{"id":3617,"date":"2015-10-15T21:42:53","date_gmt":"2015-10-15T20:42:53","guid":{"rendered":"http:\/\/www.ac-germania.com\/?p=3617"},"modified":"2015-11-19T23:45:56","modified_gmt":"2015-11-19T22:45:56","slug":"grosskampftag-fuer-arterner-ringkaempfer","status":"publish","type":"post","link":"https:\/\/www.ac-germania.com\/?p=3617","title":{"rendered":"Gro\u00dfkampftag f\u00fcr Arterner Ringk\u00e4mpfer"},"content":{"rendered":"<div id=\"attachment_3619\" style=\"width: 810px\" class=\"wp-caption aligncenter\"><img loading=\"lazy\" decoding=\"async\" aria-describedby=\"caption-attachment-3619\" class=\"wp-image-3619 size-full\" src=\"https:\/\/www.ac-germania.com\/A_ACG\/wordpress\/wp-content\/uploads\/2015\/10\/2015-10-15-001.jpg\" alt=\"2015-10-15-001\" width=\"800\" height=\"377\" srcset=\"https:\/\/www.ac-germania.com\/A_ACG\/wordpress\/wp-content\/uploads\/2015\/10\/2015-10-15-001.jpg 800w, https:\/\/www.ac-germania.com\/A_ACG\/wordpress\/wp-content\/uploads\/2015\/10\/2015-10-15-001-300x141.jpg 300w, https:\/\/www.ac-germania.com\/A_ACG\/wordpress\/wp-content\/uploads\/2015\/10\/2015-10-15-001-150x71.jpg 150w\" sizes=\"auto, (max-width: 800px) 100vw, 800px\" \/><p id=\"caption-attachment-3619\" class=\"wp-caption-text\">Daniel Geist \u00fcberzeugte in Thalheim mit einer guten ersten H\u00e4lfte, musste sich dann aber dem starken Radoslaw Dublinowski nach Punkten geschlagen geben.<\/p><\/div>\n<h5>Bericht: Thomas Grosche<\/h5>\n<p>Am Wochenende kommen die Ringk\u00e4mpfer der 2. Bundesliga Nord nicht zur Ruhe. Bereits am Freitag Abend beginnt die 7. Runde der Saison 2015. Neben Aue und Leipzig sind auch Thalheim und Werdau am Start. Die Fans k\u00f6nnen sich hier auf spannende Begegnungen freuen, treffen hier doch die Spitzenteams aufeinander. Auch wenn der Abstand der Germanen zur Spitze noch immer maximal ist, d\u00fcrfte die Begegnung am Samstag in der Unstruthalle zu Artern in Sachen Spannung sicher keine W\u00fcnsche offen lassen. Der Gastgeber wird zwar wieder nur Au\u00dfenseiter sein, trotzdem stemmt er sich mit aller Kraft gegen eine erneute Niederlage. In der Hoffnung, dass der Kraftsport Verein Pausa an der doch heftigen 2 zu 22 Niederlage vom vergangenen Samstag vor heimischen Publikum gegen Rotation Greiz zu knabbern hat, stehen die Fahnen beim AC Germania voll auf Angriff. Schl\u00fcsselk\u00e4mpfe werden sicher die Begegnungen zwischen dem Ex-Arterner Werner Schellenberg gegen Marko Scherf, Karel Hanak gegen Jan Zizka und Maximilan Schwabe gegen Oldrich Varga werden. Aber auch die anderen Begegnungen haben es in sich und k\u00f6nnten sehr knapp ausfallen. T\u00f6dlich sind die hohen Niederlagen, bei denen 4 Mannschaftspunkte weg gehen. Die Arterner kennen sich damit aus und auch die G\u00e4ste aus Pausa mu\u00dften diese leidvolle Erfahrung machen.<\/p>\n<p>Gut f\u00fcr die Fans, die \u00dcbertragung des Kampfgeschehens in die Trainingshalle hat sich beim letzten Heimkampf absolut bew\u00e4hrt und wurde von vielen Zuschauern dankbar angenommen. Durch die Beamer-Projektion wird ein gro\u00dfes Bild geliefert und auch der Ton kommt live von der Matte.<\/p>\n<p>Doch nicht nur am Samstag sind die Germanen gefordert, auch am Sonntag geht es f\u00fcr den AC zur Sache. 15.00 Uhr wird der Kampf gegen den RSV Rotation Greiz in der neuen Turnhalle an der Eisbahn in Greiz angepfiffen. Das auch dies wieder ein schwerer Gang sein d\u00fcrfte, brauchen wir an dieser Stelle sicher nicht zu erw\u00e4hnen. Aber erst einmal konzentrieren sich die Arterner Ringk\u00e4mpfer auf den Samstag. Die Aufgabe ist schwer genug und es bedarf von allen Sportlern volle Konzentration, wenn Kampfrichter Daniel Keim aus Nordrhein-Westfalen p\u00fcnktlich 19.30 Uhr die Begegnung zwischen dem AC Germania und dem KSV Pausa anpfeifen wird. Dr\u00fccken wir unseren Sportlern fest die Daumen. Kopf hoch Jungs, k\u00e4mpfen und siegen. AC,AC,AC!<\/p>\n","protected":false},"excerpt":{"rendered":"<p>Bericht: Thomas Grosche Am Wochenende kommen die Ringk\u00e4mpfer der 2. Bundesliga Nord nicht zur Ruhe. Bereits am Freitag Abend beginnt die 7. Runde der Saison 2015. Neben Aue und Leipzig sind auch Thalheim und Werdau am Start. Die Fans k\u00f6nnen sich hier auf spannende Begegnungen freuen, treffen hier doch die \u2026 <a class=\"continue-reading-link\" href=\"https:\/\/www.ac-germania.com\/?p=3617\">Weiterlesen <span class=\"meta-nav\">&rarr; <\/span><\/a><\/p>\n","protected":false},"author":1,"featured_media":3619,"comment_status":"open","ping_status":"open","sticky":false,"template":"","format":"standard","meta":{"footnotes":""},"categories":[8],"tags":[],"class_list":["post-3617","post","type-post","status-publish","format-standard","has-post-thumbnail","hentry","category-news-2015"],"_links":{"self":[{"href":"https:\/\/www.ac-germania.com\/index.php?rest_route=\/wp\/v2\/posts\/3617","targetHints":{"allow":["GET"]}}],"collection":[{"href":"https:\/\/www.ac-germania.com\/index.php?rest_route=\/wp\/v2\/posts"}],"about":[{"href":"https:\/\/www.ac-germania.com\/index.php?rest_route=\/wp\/v2\/types\/post"}],"author":[{"embeddable":true,"href":"https:\/\/www.ac-germania.com\/index.php?rest_route=\/wp\/v2\/users\/1"}],"replies":[{"embeddable":true,"href":"https:\/\/www.ac-germania.com\/index.php?rest_route=%2Fwp%2Fv2%2Fcomments&post=3617"}],"version-history":[{"count":0,"href":"https:\/\/www.ac-germania.com\/index.php?rest_route=\/wp\/v2\/posts\/3617\/revisions"}],"wp:featuredmedia":[{"embeddable":true,"href":"https:\/\/www.ac-germania.com\/index.php?rest_route=\/wp\/v2\/media\/3619"}],"wp:attachment":[{"href":"https:\/\/www.ac-germania.com\/index.php?rest_route=%2Fwp%2Fv2%2Fmedia&parent=3617"}],"wp:term":[{"taxonomy":"category","embeddable":true,"href":"https:\/\/www.ac-germania.com\/index.php?rest_route=%2Fwp%2Fv2%2Fcategories&post=3617"},{"taxonomy":"post_tag","embeddable":true,"href":"https:\/\/www.ac-germania.com\/index.php?rest_route=%2Fwp%2Fv2%2Ftags&post=3617"}],"curies":[{"name":"wp","href":"https:\/\/api.w.org\/{rel}","templated":true}]}}