{"id":3595,"date":"2015-10-01T16:22:38","date_gmt":"2015-10-01T15:22:38","guid":{"rendered":"http:\/\/www.ac-germania.com\/?p=3595"},"modified":"2015-11-19T23:53:40","modified_gmt":"2015-11-19T22:53:40","slug":"neue-herausforderung-fuer-den-ac-germania","status":"publish","type":"post","link":"https:\/\/www.ac-germania.com\/?p=3595","title":{"rendered":"Neue Herausforderung f\u00fcr den AC Germania"},"content":{"rendered":"<h5>Bericht: Thomas Grosche<\/h5>\n<p>Ja, der Blick auf die Tabelle sagt eigentlich alles. Vier K\u00e4mpfe, vier Niederlagen und Tabellenschlusslicht. Schlechter h\u00e4tte der Start in die erste Bundesliga-Saison f\u00fcr den AC Germania nicht laufen k\u00f6nnen. Doch von Resignation ist im Team und auch im Umfeld nichts zu sp\u00fcren. Die Insider hatten schon im Vorfeld die St\u00e4rke der 2.Bundesliga erkannt und \u00e4hnliches prognostiziert. Auch wenn die Wahrheit schmerzt, so m\u00fcssen die Ringk\u00e4mpfer mit dieser Situation umgehen k\u00f6nnen. Und wie hei\u00dft es doch so sch\u00f6n. Nach dem Kampf ist vor dem Kampf. Nach jeder Niederlage kommt eine neue Chance und immer wieder die Hoffnung auf den ersten Sieg.<\/p>\n<div id=\"attachment_3596\" style=\"width: 710px\" class=\"wp-caption aligncenter\"><img loading=\"lazy\" decoding=\"async\" aria-describedby=\"caption-attachment-3596\" class=\"wp-image-3596 size-full\" src=\"https:\/\/www.ac-germania.com\/A_ACG\/wordpress\/wp-content\/uploads\/2015\/10\/2015-10-01-001.jpg\" alt=\"2015-10-01-001\" width=\"700\" height=\"368\" srcset=\"https:\/\/www.ac-germania.com\/A_ACG\/wordpress\/wp-content\/uploads\/2015\/10\/2015-10-01-001.jpg 700w, https:\/\/www.ac-germania.com\/A_ACG\/wordpress\/wp-content\/uploads\/2015\/10\/2015-10-01-001-300x158.jpg 300w, https:\/\/www.ac-germania.com\/A_ACG\/wordpress\/wp-content\/uploads\/2015\/10\/2015-10-01-001-150x79.jpg 150w\" sizes=\"auto, (max-width: 700px) 100vw, 700px\" \/><p id=\"caption-attachment-3596\" class=\"wp-caption-text\">Oldrich Varga gewann als einziger Germane in Aue und sicherte dem ACG wenigstens einen Ehrenpunkt.<\/p><\/div>\n<p>Das gerade der Tabellennachbar vom Ring- und Stemmklub Jugendkraft 1898 Gelenau e.V. am kommenden Samstag die Reise an die Unstrut antreten muss, sollte man als gutes Omen deuten. Zumal die Germanen mit den Sachsen aus dem Erzgebirgskreis noch eine Rechnung offen haben. Verloren sie doch im direkten Vergleich im Finale der Regionalliga 2013 den Hinkampf in Gelenau deutlich mit 21 zu 14 und kamen im R\u00fcckkampf \u00fcber ein 16 zu 16 nicht hinaus. Gelenau stieg danach bereits in die 2. Bundesliga auf und konnte Erfahrungen sammeln. Die Germanen taten es den Sachsen ein Jahr sp\u00e4ter gleich, nur mit der Erfahrung hapert es noch.<\/p>\n<p>Setzten solche Sportler wie Tim Salzmann, Jan Zizka, Juan Nguyen, Oldrich Varga, Daniel Geist, Michal Pietrzak sowie Planen Tashev schon Akzente und holten erste Punkte f\u00fcr den AC, gingen die anderen Germanen bisher bei der Punktejagd leer aus. Doch das soll nicht so bleiben. Allerdings sind auch am kommenden Wochenende die G\u00e4ste aus Gelenau Favorit in der Begegnung der \u201eKellerkinder\u201c. Gab es f\u00fcr die Erzgebirgler recht knappe Begegnungen gegen Leipzig, Pausa und Greiz, lie\u00dfen die Germanen in Aue und Werdau t\u00fcchtig Federn. Einzig gegen Markneukirchen und auch gegen L\u00fcbtheen war die Sache enger. Sicher kein Zufall, dass diese beiden Begegnungen auf heimischer Matte stattfanden und die Arterner Ringk\u00e4mpfer gerade vor ihrem Publikum h\u00e4ufig \u00fcber sich hinaus wachsen. Dr\u00fccken wir die Daumen, das das auch am kommenden Wochenende passiert.<\/p>\n<p>So ist Spannung vorprogrammiert, wenn Kampfrichter Marco Scalisi aus Berlin den Kampf p\u00fcnktlich um 19.30 Uhr in der Unstruthalle anpfeifen wird.<\/p>\n","protected":false},"excerpt":{"rendered":"<p>Bericht: Thomas Grosche Ja, der Blick auf die Tabelle sagt eigentlich alles. Vier K\u00e4mpfe, vier Niederlagen und Tabellenschlusslicht. Schlechter h\u00e4tte der Start in die erste Bundesliga-Saison f\u00fcr den AC Germania nicht laufen k\u00f6nnen. Doch von Resignation ist im Team und auch im Umfeld nichts zu sp\u00fcren. Die Insider hatten schon \u2026 <a class=\"continue-reading-link\" href=\"https:\/\/www.ac-germania.com\/?p=3595\">Weiterlesen <span class=\"meta-nav\">&rarr; <\/span><\/a><\/p>\n","protected":false},"author":1,"featured_media":3596,"comment_status":"open","ping_status":"open","sticky":false,"template":"","format":"standard","meta":{"footnotes":""},"categories":[8],"tags":[],"class_list":["post-3595","post","type-post","status-publish","format-standard","has-post-thumbnail","hentry","category-news-2015"],"_links":{"self":[{"href":"https:\/\/www.ac-germania.com\/index.php?rest_route=\/wp\/v2\/posts\/3595","targetHints":{"allow":["GET"]}}],"collection":[{"href":"https:\/\/www.ac-germania.com\/index.php?rest_route=\/wp\/v2\/posts"}],"about":[{"href":"https:\/\/www.ac-germania.com\/index.php?rest_route=\/wp\/v2\/types\/post"}],"author":[{"embeddable":true,"href":"https:\/\/www.ac-germania.com\/index.php?rest_route=\/wp\/v2\/users\/1"}],"replies":[{"embeddable":true,"href":"https:\/\/www.ac-germania.com\/index.php?rest_route=%2Fwp%2Fv2%2Fcomments&post=3595"}],"version-history":[{"count":0,"href":"https:\/\/www.ac-germania.com\/index.php?rest_route=\/wp\/v2\/posts\/3595\/revisions"}],"wp:featuredmedia":[{"embeddable":true,"href":"https:\/\/www.ac-germania.com\/index.php?rest_route=\/wp\/v2\/media\/3596"}],"wp:attachment":[{"href":"https:\/\/www.ac-germania.com\/index.php?rest_route=%2Fwp%2Fv2%2Fmedia&parent=3595"}],"wp:term":[{"taxonomy":"category","embeddable":true,"href":"https:\/\/www.ac-germania.com\/index.php?rest_route=%2Fwp%2Fv2%2Fcategories&post=3595"},{"taxonomy":"post_tag","embeddable":true,"href":"https:\/\/www.ac-germania.com\/index.php?rest_route=%2Fwp%2Fv2%2Ftags&post=3595"}],"curies":[{"name":"wp","href":"https:\/\/api.w.org\/{rel}","templated":true}]}}