{"id":3556,"date":"2015-09-10T08:32:06","date_gmt":"2015-09-10T07:32:06","guid":{"rendered":"http:\/\/www.ac-germania.com\/?p=3556"},"modified":"2015-09-10T08:32:06","modified_gmt":"2015-09-10T07:32:06","slug":"neuzugang-plamen-tashev-bereichert-acg-bundesligateam","status":"publish","type":"post","link":"https:\/\/www.ac-germania.com\/?p=3556","title":{"rendered":"Neuzugang: Plamen Tashev bereichert ACG-Bundesligateam"},"content":{"rendered":"<p><img loading=\"lazy\" decoding=\"async\" class=\"aligncenter size-full wp-image-3557\" src=\"https:\/\/www.ac-germania.com\/A_ACG\/wordpress\/wp-content\/uploads\/2015\/09\/2015-09-10-001.jpg\" alt=\"2015-09-10-001\" width=\"800\" height=\"300\" srcset=\"https:\/\/www.ac-germania.com\/A_ACG\/wordpress\/wp-content\/uploads\/2015\/09\/2015-09-10-001.jpg 800w, https:\/\/www.ac-germania.com\/A_ACG\/wordpress\/wp-content\/uploads\/2015\/09\/2015-09-10-001-300x113.jpg 300w, https:\/\/www.ac-germania.com\/A_ACG\/wordpress\/wp-content\/uploads\/2015\/09\/2015-09-10-001-150x56.jpg 150w\" sizes=\"auto, (max-width: 800px) 100vw, 800px\" \/><\/p>\n<p><strong>Name:<\/strong> Plamen Tashev<br \/>\n<strong>Geburtstag:<\/strong> 02.03.1989<br \/>\n<strong>Beruf:<\/strong> Sportler<\/p>\n<p><strong>Bisherige Vereine:<br \/>\n<\/strong>KSV Pausa<br \/>\nWKG Weitenau-Wieslet<br \/>\nKSV Pausa<\/p>\n<p>Bereits im ersten Punktkampf durften sich die Germaniafans ein eigenes Bild vom bulligen 98\/130kg Neuzugang Plamen Tashev machen, der Kampf gegen den starken Polen Marcin Olejniczak ging zwar etwas umstritten mit 4:8 verloren aber Plamen zeigte eindrucksvoll das mit ihm in den schweren Gewichtsklassen zu rechnen ist.<\/p>\n<p>Plamen gab 2010 beim Bundesligakampf Pausa gegen Potsdam sein Deb\u00fct in Deutschland, in Pausa entwickelt er sich schnell zum Publikumsliebling und Punktgaranten. Nach zwei Jahren in Pausa folgte ein Wechsel in die 2. Bundesliga S\u00fcd zur WKG Weitenau-Wieslet wo er erneut zwei Jahre zum Stammkader geh\u00f6rte. 2014 k\u00e4mpfte Plamen dann wieder in Pausa, wurde dort aber nur in der ersten Saisonh\u00e4lfte eingesetzt.<\/p>\n<p><img loading=\"lazy\" decoding=\"async\" class=\"aligncenter size-full wp-image-3558\" src=\"https:\/\/www.ac-germania.com\/A_ACG\/wordpress\/wp-content\/uploads\/2015\/09\/2015-09-10-002.jpg\" alt=\"2015-09-10-002\" width=\"800\" height=\"533\" srcset=\"https:\/\/www.ac-germania.com\/A_ACG\/wordpress\/wp-content\/uploads\/2015\/09\/2015-09-10-002.jpg 800w, https:\/\/www.ac-germania.com\/A_ACG\/wordpress\/wp-content\/uploads\/2015\/09\/2015-09-10-002-300x200.jpg 300w, https:\/\/www.ac-germania.com\/A_ACG\/wordpress\/wp-content\/uploads\/2015\/09\/2015-09-10-002-150x100.jpg 150w\" sizes=\"auto, (max-width: 800px) 100vw, 800px\" \/><\/p>\n<p>F\u00fcr die Anfrage vom AC Germania war er sofort offen und freute sich auf eine neue sportliche Herausforderung. Seit Anfang September wohnt der sympathische Bulgare nun mit seiner Freundin Radoslava in Artern und bereichert das Team von Michael Getschmann sportlich und menschlich.<\/p>\n<p>Als gr\u00f6\u00dfte Einzelerfolge kann Plamen neben zahlreichen Bulgarischen Meistertiteln auch einen 9. und 14. Platz bei den Europameisterschaften vorweisen. Beim AC Germania wird er im Limit bis 130 sowie 98kg zum Einsatz kommen.<\/p>\n<p><strong>Wir freuen uns \u00fcber Plamens Entscheidung f\u00fcr den AC Germania und w\u00fcnschen Ihm alles Gute im neuen Team!<\/strong><\/p>\n<p><img loading=\"lazy\" decoding=\"async\" class=\"aligncenter size-full wp-image-3559\" src=\"https:\/\/www.ac-germania.com\/A_ACG\/wordpress\/wp-content\/uploads\/2015\/09\/2015-09-10-003.jpg\" alt=\"2015-09-10-003\" width=\"800\" height=\"1200\" srcset=\"https:\/\/www.ac-germania.com\/A_ACG\/wordpress\/wp-content\/uploads\/2015\/09\/2015-09-10-003.jpg 800w, https:\/\/www.ac-germania.com\/A_ACG\/wordpress\/wp-content\/uploads\/2015\/09\/2015-09-10-003-200x300.jpg 200w, https:\/\/www.ac-germania.com\/A_ACG\/wordpress\/wp-content\/uploads\/2015\/09\/2015-09-10-003-683x1024.jpg 683w, https:\/\/www.ac-germania.com\/A_ACG\/wordpress\/wp-content\/uploads\/2015\/09\/2015-09-10-003-100x150.jpg 100w\" sizes=\"auto, (max-width: 800px) 100vw, 800px\" \/><\/p>\n","protected":false},"excerpt":{"rendered":"<p>Name: Plamen Tashev Geburtstag: 02.03.1989 Beruf: Sportler Bisherige Vereine: KSV Pausa WKG Weitenau-Wieslet KSV Pausa Bereits im ersten Punktkampf durften sich die Germaniafans ein eigenes Bild vom bulligen 98\/130kg Neuzugang Plamen Tashev machen, der Kampf gegen den starken Polen Marcin Olejniczak ging zwar etwas umstritten mit 4:8 verloren aber Plamen \u2026 <a class=\"continue-reading-link\" href=\"https:\/\/www.ac-germania.com\/?p=3556\">Weiterlesen <span class=\"meta-nav\">&rarr; <\/span><\/a><\/p>\n","protected":false},"author":1,"featured_media":3557,"comment_status":"open","ping_status":"open","sticky":false,"template":"","format":"standard","meta":{"footnotes":""},"categories":[8],"tags":[],"class_list":["post-3556","post","type-post","status-publish","format-standard","has-post-thumbnail","hentry","category-news-2015"],"_links":{"self":[{"href":"https:\/\/www.ac-germania.com\/index.php?rest_route=\/wp\/v2\/posts\/3556","targetHints":{"allow":["GET"]}}],"collection":[{"href":"https:\/\/www.ac-germania.com\/index.php?rest_route=\/wp\/v2\/posts"}],"about":[{"href":"https:\/\/www.ac-germania.com\/index.php?rest_route=\/wp\/v2\/types\/post"}],"author":[{"embeddable":true,"href":"https:\/\/www.ac-germania.com\/index.php?rest_route=\/wp\/v2\/users\/1"}],"replies":[{"embeddable":true,"href":"https:\/\/www.ac-germania.com\/index.php?rest_route=%2Fwp%2Fv2%2Fcomments&post=3556"}],"version-history":[{"count":0,"href":"https:\/\/www.ac-germania.com\/index.php?rest_route=\/wp\/v2\/posts\/3556\/revisions"}],"wp:featuredmedia":[{"embeddable":true,"href":"https:\/\/www.ac-germania.com\/index.php?rest_route=\/wp\/v2\/media\/3557"}],"wp:attachment":[{"href":"https:\/\/www.ac-germania.com\/index.php?rest_route=%2Fwp%2Fv2%2Fmedia&parent=3556"}],"wp:term":[{"taxonomy":"category","embeddable":true,"href":"https:\/\/www.ac-germania.com\/index.php?rest_route=%2Fwp%2Fv2%2Fcategories&post=3556"},{"taxonomy":"post_tag","embeddable":true,"href":"https:\/\/www.ac-germania.com\/index.php?rest_route=%2Fwp%2Fv2%2Ftags&post=3556"}],"curies":[{"name":"wp","href":"https:\/\/api.w.org\/{rel}","templated":true}]}}