{"id":3520,"date":"2015-09-04T18:37:58","date_gmt":"2015-09-04T17:37:58","guid":{"rendered":"http:\/\/www.ac-germania.com\/?p=3520"},"modified":"2015-09-04T18:37:58","modified_gmt":"2015-09-04T17:37:58","slug":"vorschau-germanen-starten-gegen-avg-markneukirchen-ins-abenteuer-bundesliga","status":"publish","type":"post","link":"https:\/\/www.ac-germania.com\/?p=3520","title":{"rendered":"Vorschau: Germanen starten gegen AVG Markneukirchen ins Abenteuer Bundesliga"},"content":{"rendered":"<p>Vielleicht hatte es was gutes das dem AC Germania Artern im ersten Kampf der 2. Bundesliga der AV Germania Markneukirchen zugelost wurde, 2002 gab es n\u00e4mlich ein \u00e4hnliches Kr\u00e4ftemessen. Als Aufsteiger aus der Th\u00fcringenliga feierten die Germanen damals vor 1200 Zuschauern auf der Freilichtb\u00fchne einen sensationellen 17:14 Auftaktsieg in der Regionalliga. Mit Jan Leutholdt, Steve Brylla und dem heutigen Trainer Michael Getschmann standen damals bereits drei Akteure aus dem aktuellen Team auf der Matte.<\/p>\n<p><img loading=\"lazy\" decoding=\"async\" class=\"aligncenter size-full wp-image-3521\" src=\"https:\/\/www.ac-germania.com\/A_ACG\/wordpress\/wp-content\/uploads\/2015\/09\/2015-09-04-001.jpg\" alt=\"2015-09-04-001\" width=\"800\" height=\"491\" srcset=\"https:\/\/www.ac-germania.com\/A_ACG\/wordpress\/wp-content\/uploads\/2015\/09\/2015-09-04-001.jpg 800w, https:\/\/www.ac-germania.com\/A_ACG\/wordpress\/wp-content\/uploads\/2015\/09\/2015-09-04-001-300x184.jpg 300w, https:\/\/www.ac-germania.com\/A_ACG\/wordpress\/wp-content\/uploads\/2015\/09\/2015-09-04-001-150x92.jpg 150w\" sizes=\"auto, (max-width: 800px) 100vw, 800px\" \/><\/p>\n<p>Nun sind die Vorzeichen \u00e4hnlich, Artern ist aufgestiegen, Markneukirchen eine gestandene Zweitligamannschaft mit einigen Namhaften Athleten. Fast alle Sportler der Vogtl\u00e4nder k\u00f6nnen internationale Eins\u00e4tze bei EM- und WM vorweisen. Der Kader ist neben den deutschen Athleten mit Polen, Bulgaren, Slowaken und Tschechen sehr ausgeglichen besetzt.<\/p>\n<p>Aber auch der ACG sieht sich gut ger\u00fcstet, alle Kadersportler sind Einsatzf\u00e4hig und hei\u00df auf das erste Bundesligaduell in Artern. Wie Michael Getschmann das Team aufstellen wird ist noch nicht ganz klar, es werden aber am Wochenende alle Kaderathleten in Artern sein. Einige Sportler konnten bereits am Donnerstag in der neuen Unstruthalle das Training absolvieren.<\/p>\n<p>Entgegen der Planung findet das Duell gegen Markneukirchen aufgrund der unsicheren Wetterlage nun doch nicht auf der Freilichtb\u00fchne statt, die Unstruthalle ist aber bestens f\u00fcr die 2. Liga pr\u00e4pariert. Der Kampf wird p\u00fcnktlich 19:30 Uhr angepfiffen, um garantiert einen Platz in der Halle zu bekommen wird empfohlen bereits 18:45 Uhr bis 19:00 Uhr in der Halle zu sein.<\/p>\n<h3><a href=\"http:\/\/av-germania.de\/\" target=\"_blank\">&gt;&gt; Zur Website des AV Germania Markneukirchen<\/a><\/h3>\n","protected":false},"excerpt":{"rendered":"<p>Vielleicht hatte es was gutes das dem AC Germania Artern im ersten Kampf der 2. Bundesliga der AV Germania Markneukirchen zugelost wurde, 2002 gab es n\u00e4mlich ein \u00e4hnliches Kr\u00e4ftemessen. Als Aufsteiger aus der Th\u00fcringenliga feierten die Germanen damals vor 1200 Zuschauern auf der Freilichtb\u00fchne einen sensationellen 17:14 Auftaktsieg in der \u2026 <a class=\"continue-reading-link\" href=\"https:\/\/www.ac-germania.com\/?p=3520\">Weiterlesen <span class=\"meta-nav\">&rarr; <\/span><\/a><\/p>\n","protected":false},"author":1,"featured_media":3521,"comment_status":"open","ping_status":"open","sticky":false,"template":"","format":"standard","meta":{"footnotes":""},"categories":[8],"tags":[],"class_list":["post-3520","post","type-post","status-publish","format-standard","has-post-thumbnail","hentry","category-news-2015"],"_links":{"self":[{"href":"https:\/\/www.ac-germania.com\/index.php?rest_route=\/wp\/v2\/posts\/3520","targetHints":{"allow":["GET"]}}],"collection":[{"href":"https:\/\/www.ac-germania.com\/index.php?rest_route=\/wp\/v2\/posts"}],"about":[{"href":"https:\/\/www.ac-germania.com\/index.php?rest_route=\/wp\/v2\/types\/post"}],"author":[{"embeddable":true,"href":"https:\/\/www.ac-germania.com\/index.php?rest_route=\/wp\/v2\/users\/1"}],"replies":[{"embeddable":true,"href":"https:\/\/www.ac-germania.com\/index.php?rest_route=%2Fwp%2Fv2%2Fcomments&post=3520"}],"version-history":[{"count":0,"href":"https:\/\/www.ac-germania.com\/index.php?rest_route=\/wp\/v2\/posts\/3520\/revisions"}],"wp:featuredmedia":[{"embeddable":true,"href":"https:\/\/www.ac-germania.com\/index.php?rest_route=\/wp\/v2\/media\/3521"}],"wp:attachment":[{"href":"https:\/\/www.ac-germania.com\/index.php?rest_route=%2Fwp%2Fv2%2Fmedia&parent=3520"}],"wp:term":[{"taxonomy":"category","embeddable":true,"href":"https:\/\/www.ac-germania.com\/index.php?rest_route=%2Fwp%2Fv2%2Fcategories&post=3520"},{"taxonomy":"post_tag","embeddable":true,"href":"https:\/\/www.ac-germania.com\/index.php?rest_route=%2Fwp%2Fv2%2Ftags&post=3520"}],"curies":[{"name":"wp","href":"https:\/\/api.w.org\/{rel}","templated":true}]}}