{"id":3500,"date":"2015-09-02T16:01:27","date_gmt":"2015-09-02T15:01:27","guid":{"rendered":"http:\/\/www.ac-germania.com\/?p=3500"},"modified":"2015-09-02T16:01:27","modified_gmt":"2015-09-02T15:01:27","slug":"wichtige-info-fuers-wochenende","status":"publish","type":"post","link":"https:\/\/www.ac-germania.com\/?p=3500","title":{"rendered":">> WICHTIGE INFO F\u00dcRS WOCHENENDE !"},"content":{"rendered":"<p>Der Bundesligakampf am Samstag gegen den AV Germania Markneukirchen e.V.\u200b kann aufgrund der unsicheren Wetterlage leider NICHT auf der Freilichtb\u00fchne stattfinden.<\/p>\n<p>Zu dieser Entscheidung musste sich die Vereinsf\u00fchrung am heutigen Mittwoch durchringen um den Punktkampf und haupts\u00e4chlich die Gesundheit aller Sportler nicht zu gef\u00e4hrden!<\/p>\n<p>Wir haben bis zum Schluss gehofft dieses Event auf der Freilichtb\u00fchne durchf\u00fchren zu k\u00f6nnen und euch ein unvergessliches Ringkampferlebnis zu bieten aber die Wetterprognosen sehen alles andere als gut aus.<\/p>\n<p><strong>WIR DANKEN EUCH F\u00dcR EUER VERST\u00c4NDNIS&#8230;<\/strong><\/p>\n<p>&#8230;und hoffen euch trotzdem am Samstag in der Unstruthalle beg\u00fc\u00dfen zu d\u00fcrfen!<\/p>\n<p>SORRY !<\/p>\n<p><img loading=\"lazy\" decoding=\"async\" class=\"aligncenter size-full wp-image-3501\" src=\"https:\/\/www.ac-germania.com\/A_ACG\/wordpress\/wp-content\/uploads\/2015\/09\/2015-09-02-001.jpg\" alt=\"2015-09-02-001\" width=\"800\" height=\"535\" srcset=\"https:\/\/www.ac-germania.com\/A_ACG\/wordpress\/wp-content\/uploads\/2015\/09\/2015-09-02-001.jpg 800w, https:\/\/www.ac-germania.com\/A_ACG\/wordpress\/wp-content\/uploads\/2015\/09\/2015-09-02-001-300x201.jpg 300w, https:\/\/www.ac-germania.com\/A_ACG\/wordpress\/wp-content\/uploads\/2015\/09\/2015-09-02-001-150x100.jpg 150w\" sizes=\"auto, (max-width: 800px) 100vw, 800px\" \/><\/p>\n","protected":false},"excerpt":{"rendered":"<p>Der Bundesligakampf am Samstag gegen den AV Germania Markneukirchen e.V.\u200b kann aufgrund der unsicheren Wetterlage leider NICHT auf der Freilichtb\u00fchne stattfinden. Zu dieser Entscheidung musste sich die Vereinsf\u00fchrung am heutigen Mittwoch durchringen um den Punktkampf und haupts\u00e4chlich die Gesundheit aller Sportler nicht zu gef\u00e4hrden! Wir haben bis zum Schluss gehofft \u2026 <a class=\"continue-reading-link\" href=\"https:\/\/www.ac-germania.com\/?p=3500\">Weiterlesen <span class=\"meta-nav\">&rarr; <\/span><\/a><\/p>\n","protected":false},"author":1,"featured_media":3501,"comment_status":"open","ping_status":"open","sticky":false,"template":"","format":"standard","meta":{"footnotes":""},"categories":[8],"tags":[],"class_list":["post-3500","post","type-post","status-publish","format-standard","has-post-thumbnail","hentry","category-news-2015"],"_links":{"self":[{"href":"https:\/\/www.ac-germania.com\/index.php?rest_route=\/wp\/v2\/posts\/3500","targetHints":{"allow":["GET"]}}],"collection":[{"href":"https:\/\/www.ac-germania.com\/index.php?rest_route=\/wp\/v2\/posts"}],"about":[{"href":"https:\/\/www.ac-germania.com\/index.php?rest_route=\/wp\/v2\/types\/post"}],"author":[{"embeddable":true,"href":"https:\/\/www.ac-germania.com\/index.php?rest_route=\/wp\/v2\/users\/1"}],"replies":[{"embeddable":true,"href":"https:\/\/www.ac-germania.com\/index.php?rest_route=%2Fwp%2Fv2%2Fcomments&post=3500"}],"version-history":[{"count":0,"href":"https:\/\/www.ac-germania.com\/index.php?rest_route=\/wp\/v2\/posts\/3500\/revisions"}],"wp:featuredmedia":[{"embeddable":true,"href":"https:\/\/www.ac-germania.com\/index.php?rest_route=\/wp\/v2\/media\/3501"}],"wp:attachment":[{"href":"https:\/\/www.ac-germania.com\/index.php?rest_route=%2Fwp%2Fv2%2Fmedia&parent=3500"}],"wp:term":[{"taxonomy":"category","embeddable":true,"href":"https:\/\/www.ac-germania.com\/index.php?rest_route=%2Fwp%2Fv2%2Fcategories&post=3500"},{"taxonomy":"post_tag","embeddable":true,"href":"https:\/\/www.ac-germania.com\/index.php?rest_route=%2Fwp%2Fv2%2Ftags&post=3500"}],"curies":[{"name":"wp","href":"https:\/\/api.w.org\/{rel}","templated":true}]}}