{"id":348,"date":"2013-03-17T13:01:36","date_gmt":"2013-03-17T11:01:36","guid":{"rendered":"http:\/\/www.ac-germania.com\/A_ACG\/wordpress\/?p=348"},"modified":"2013-03-17T13:01:36","modified_gmt":"2013-03-17T11:01:36","slug":"katharina-gilewitsch-wird-deutsche-vizemeisterin-im-ringen","status":"publish","type":"post","link":"https:\/\/www.ac-germania.com\/?p=348","title":{"rendered":"Katharina Gilewitsch wird deutsche Vizemeisterin im Ringen"},"content":{"rendered":"<p>Es scheint, als h\u00e4tten die Arterner Ringer den zweiten Platz im Moment ein wenig f\u00fcr sich gepachtet. Nach f\u00fcnf zweiten P\u00e4tzen in sechs Kategorien am Freitagabend bei der Sportgala zur Wahl der beliebtesten Sportler im Kyffh\u00e4userkreis des Jahres 2012 gab es am Wochenende nun noch einen Vize-Titel zu bejubeln. Bei den deutschen Meisterschaften der weiblichen Ringer-Jugend im saarl\u00e4ndischen Heusweiler drang Katharina Gilewitsch nach drei Siegen bis ins Finale vor, das sie gegen Emilie Haase vom Ringerverein Thalheim auf Schulter verlor. Ein toller zweiter Platz in der leichtesten Gewichtsklasse bis 35 Kilogramm bedeutete einen weiteren deutschen Vize-Titel, nachdem Arterns Tim Walther vor wenigen Wochen bei der A-Jugend-Meisterschaft bereits ebenfalls Zweiter geworden war. Franziska G\u00f6bel kam unterdessen in der Gewichtsklasse bis 56 kg auf den achten Platz.<\/p>\n<h5>Bericht: Alex Krospe (Th\u00fcringer Allgemeine)<\/h5>\n","protected":false},"excerpt":{"rendered":"<p>Es scheint, als h\u00e4tten die Arterner Ringer den zweiten Platz im Moment ein wenig f\u00fcr sich gepachtet. Nach f\u00fcnf zweiten P\u00e4tzen in sechs Kategorien am Freitagabend bei der Sportgala zur Wahl der beliebtesten Sportler im Kyffh\u00e4userkreis des Jahres 2012 gab es am Wochenende nun noch einen Vize-Titel zu bejubeln. Bei \u2026 <a class=\"continue-reading-link\" href=\"https:\/\/www.ac-germania.com\/?p=348\">Weiterlesen <span class=\"meta-nav\">&rarr; <\/span><\/a><\/p>\n","protected":false},"author":1,"featured_media":0,"comment_status":"open","ping_status":"open","sticky":false,"template":"","format":"standard","meta":{"footnotes":""},"categories":[4],"tags":[],"class_list":["post-348","post","type-post","status-publish","format-standard","hentry","category-news-2013"],"_links":{"self":[{"href":"https:\/\/www.ac-germania.com\/index.php?rest_route=\/wp\/v2\/posts\/348","targetHints":{"allow":["GET"]}}],"collection":[{"href":"https:\/\/www.ac-germania.com\/index.php?rest_route=\/wp\/v2\/posts"}],"about":[{"href":"https:\/\/www.ac-germania.com\/index.php?rest_route=\/wp\/v2\/types\/post"}],"author":[{"embeddable":true,"href":"https:\/\/www.ac-germania.com\/index.php?rest_route=\/wp\/v2\/users\/1"}],"replies":[{"embeddable":true,"href":"https:\/\/www.ac-germania.com\/index.php?rest_route=%2Fwp%2Fv2%2Fcomments&post=348"}],"version-history":[{"count":0,"href":"https:\/\/www.ac-germania.com\/index.php?rest_route=\/wp\/v2\/posts\/348\/revisions"}],"wp:attachment":[{"href":"https:\/\/www.ac-germania.com\/index.php?rest_route=%2Fwp%2Fv2%2Fmedia&parent=348"}],"wp:term":[{"taxonomy":"category","embeddable":true,"href":"https:\/\/www.ac-germania.com\/index.php?rest_route=%2Fwp%2Fv2%2Fcategories&post=348"},{"taxonomy":"post_tag","embeddable":true,"href":"https:\/\/www.ac-germania.com\/index.php?rest_route=%2Fwp%2Fv2%2Ftags&post=348"}],"curies":[{"name":"wp","href":"https:\/\/api.w.org\/{rel}","templated":true}]}}