{"id":3449,"date":"2015-09-03T08:57:48","date_gmt":"2015-09-03T07:57:48","guid":{"rendered":"http:\/\/www.ac-germania.com\/?p=3449"},"modified":"2015-09-03T08:57:48","modified_gmt":"2015-09-03T07:57:48","slug":"artern-ist-bundesliga-jetzt-gehts-endlich-los","status":"publish","type":"post","link":"https:\/\/www.ac-germania.com\/?p=3449","title":{"rendered":"Artern ist Bundesliga \u2013 Jetzt geht\u2019s endlich los"},"content":{"rendered":"<p>Acht Monate sind vergangen, im Dezember 2014 besiegelten die Athleten des AC Germania Artern mit dem 20:11 Heimsieg \u00fcber Lugau in der ausverkauften Unstruthalle die Meisterschaft der Regionalliga und damit den Aufstieg in die 2. Bundesliga.<\/p>\n<div id=\"attachment_3510\" style=\"width: 810px\" class=\"wp-caption aligncenter\"><img loading=\"lazy\" decoding=\"async\" aria-describedby=\"caption-attachment-3510\" class=\"wp-image-3510 size-full\" src=\"https:\/\/www.ac-germania.com\/A_ACG\/wordpress\/wp-content\/uploads\/2015\/09\/2015-08-31-001.jpg\" alt=\"2015-08-31-001\" width=\"800\" height=\"401\" srcset=\"https:\/\/www.ac-germania.com\/A_ACG\/wordpress\/wp-content\/uploads\/2015\/09\/2015-08-31-001.jpg 800w, https:\/\/www.ac-germania.com\/A_ACG\/wordpress\/wp-content\/uploads\/2015\/09\/2015-08-31-001-300x150.jpg 300w, https:\/\/www.ac-germania.com\/A_ACG\/wordpress\/wp-content\/uploads\/2015\/09\/2015-08-31-001-150x75.jpg 150w\" sizes=\"auto, (max-width: 800px) 100vw, 800px\" \/><p id=\"caption-attachment-3510\" class=\"wp-caption-text\">So ausgelassen m\u00f6chten die Germanen in dieser Saison auch feiern. (Foto: Nico Kiesel \/ TA)<\/p><\/div>\n<p>Bereits in den Jahren davor kratzten die Unstrutst\u00e4dter meist knapp am Aufstieg vorbei, in der letzten Saison sollte es dann erzwungen werden. \u201eDas waren wir unseren treuen Fans schuldig, wir mussten diesen Schritt gehen um neue sportliche Impulse im Kyffh\u00e4userkreis zu setzen.\u201c sagt ACG Pr\u00e4sident Lothar Finke.<\/p>\n<p>Sportlich gesehen stellt dieser Aufstieg allerdings eine ganz neue Herausforderung dar, dass Niveau in Deutschlands zweith\u00f6chster Klasse ist um einiges h\u00f6her als in der Regionalliga. Hier werden die Germanen auf hochklassige deutsche sowie internationale Topathleten treffen.<\/p>\n<p>Die namhafte Gegnerschaft stammt vorwiegend aus dem s\u00e4chsischen Raum, die weiteste Strecke wird allerdings in den Norden zum RV L\u00fcbtheen f\u00fchren. Beim KFC Leipzig kann man mit \u201enur\u201c 115km Reisestrecke von einem Derby reden. Au\u00dferdem gibt es kein Team mit welchen es die Germanen in den vergangenen Jahren nicht bereits zu tun gehabt haben.<\/p>\n<div id=\"attachment_3514\" style=\"width: 810px\" class=\"wp-caption aligncenter\"><img loading=\"lazy\" decoding=\"async\" aria-describedby=\"caption-attachment-3514\" class=\"wp-image-3514 size-full\" src=\"https:\/\/www.ac-germania.com\/A_ACG\/wordpress\/wp-content\/uploads\/2015\/09\/2015-08-31-003.jpg\" alt=\"2015-08-31-003\" width=\"800\" height=\"439\" srcset=\"https:\/\/www.ac-germania.com\/A_ACG\/wordpress\/wp-content\/uploads\/2015\/09\/2015-08-31-003.jpg 800w, https:\/\/www.ac-germania.com\/A_ACG\/wordpress\/wp-content\/uploads\/2015\/09\/2015-08-31-003-300x165.jpg 300w, https:\/\/www.ac-germania.com\/A_ACG\/wordpress\/wp-content\/uploads\/2015\/09\/2015-08-31-003-150x82.jpg 150w\" sizes=\"auto, (max-width: 800px) 100vw, 800px\" \/><p id=\"caption-attachment-3514\" class=\"wp-caption-text\">Trotz Niederlage konnten die Germanen in Potsdam feiern, ein wichtiger Schritt in Richtung Aufstieg war geschafft.<\/p><\/div>\n<p>In der letzten Zweitligasaison konnte sich am Ende das Team aus L\u00fcbtheen durchsetzen, auf dem Podium folgten Aue und Werdau. L\u00fcbtheen nahm das Aufstiegsrecht in die 1. Liga allerdings nicht wahr und bleibt weiterhin in der 2. Liga. Der KSV Pausa fand sich aufgrund vieler Ausf\u00e4lle und nicht geplanter Niederlagen auf dem letzten Tabellenrang wieder, da die Liga aber nur mit neun Teams gestartet war, mussten die Vogtl\u00e4nder nicht absteigen.<\/p>\n<p>Einen Favoriten kann man vorab nicht ausmachen, gerade die Spitze der Liga ist sehr gleichm\u00e4\u00dfig besetzt. Um den Meistertitel werden aber Aue, Werdau und Greiz ein geh\u00f6riges W\u00f6rtchen mitreden wollen. In vielen Duellen wird es auf die Tagesform und ein gl\u00fcckliches H\u00e4ndchen im Aufstellungspoker hinauslaufen.<\/p>\n<div id=\"attachment_3517\" style=\"width: 810px\" class=\"wp-caption aligncenter\"><img loading=\"lazy\" decoding=\"async\" aria-describedby=\"caption-attachment-3517\" class=\"wp-image-3517 size-full\" src=\"https:\/\/www.ac-germania.com\/A_ACG\/wordpress\/wp-content\/uploads\/2015\/09\/2015-08-31-004.jpg\" alt=\"2015-08-31-004\" width=\"800\" height=\"542\" srcset=\"https:\/\/www.ac-germania.com\/A_ACG\/wordpress\/wp-content\/uploads\/2015\/09\/2015-08-31-004.jpg 800w, https:\/\/www.ac-germania.com\/A_ACG\/wordpress\/wp-content\/uploads\/2015\/09\/2015-08-31-004-300x203.jpg 300w, https:\/\/www.ac-germania.com\/A_ACG\/wordpress\/wp-content\/uploads\/2015\/09\/2015-08-31-004-150x102.jpg 150w\" sizes=\"auto, (max-width: 800px) 100vw, 800px\" \/><p id=\"caption-attachment-3517\" class=\"wp-caption-text\">Solche spektakul\u00e4ren Aktionen wie hier von Andreas Bering wollen die Arterner Fans auch in der 2. Bundesliga sehen.<\/p><\/div>\n<p>Der AC Germania Artern verfolgt allerdings andere Ziele, im ersten Jahr steht ganz klar der Klassenerhalt auf der Agenda. Nach dem Aufstieg war das Ziel des Vereins allen bisherigen Kaderathleten die M\u00f6glichkeit auf Bundesligaringen zu erm\u00f6glichen. Um besser auf Verletzungen reagieren zu k\u00f6nnen sowie variabler in der Aufstellung zu sein wurde das Team trotzdem mit f\u00fcnf neuen Athleten verst\u00e4rkt. Insgesamt stehen dem Trainerteam 22 Athleten aus vier Nationen zur Verf\u00fcgung.<\/p>\n<p>Die Saison beginnt am 05.09. mit dem Duell gegen den AV Germania Markneukirchen, am 18.10. (Greiz) sowie am 08.11. (L\u00fcbtheen) m\u00fcssen die Germanen nach dem Samstagskampf auch Sonntags antreten. In der Hinrunde gibt\u2019s insgesamt f\u00fcnf Heimk\u00e4mpfe, in der R\u00fcckrunde sind es vier. Der letzte Kampf der Saison findet am 19.12. in Leipzig statt. Die Vereinsf\u00fchrung hat bereits angek\u00fcndigt, bei ein bis zwei Ausw\u00e4rtsfahrten f\u00fcr die Germaniafans einen Reisebus zu organisieren.<\/p>\n<hr \/>\n<h2><strong><a href=\"https:\/\/www.ac-germania.com\/?page_id=3455\">&gt;&gt; Hier gehts zum Bundesligakader des AC Germania<\/a><\/strong><\/h2>\n<hr \/>\n<p><strong>Teams 2. Liga Nord Saison 2015<\/strong><\/p>\n<p>AC Germania Artern e.V.<br \/>\nFC Erzgebirge Aue<br \/>\nRSK Gelenau<br \/>\nRSV Rotation Greiz<br \/>\nKFC-Leipzig<br \/>\nRV L\u00fcbtheen<br \/>\nAV Germania Markneukirchen<br \/>\nKSV Pausa<br \/>\nRV Thalheim<br \/>\nAC Werdau<\/p>\n<hr \/>\n<p><strong>Abschlusstabelle 2. Bundesliga Nord Saison 2014<\/strong><\/p>\n<p><img loading=\"lazy\" decoding=\"async\" class=\"size-full wp-image-3450 alignleft\" src=\"https:\/\/www.ac-germania.com\/A_ACG\/wordpress\/wp-content\/uploads\/2015\/08\/2015-08-31-002.jpg\" alt=\"2015-08-31-002\" width=\"550\" height=\"165\" srcset=\"https:\/\/www.ac-germania.com\/A_ACG\/wordpress\/wp-content\/uploads\/2015\/08\/2015-08-31-002.jpg 550w, https:\/\/www.ac-germania.com\/A_ACG\/wordpress\/wp-content\/uploads\/2015\/08\/2015-08-31-002-300x90.jpg 300w, https:\/\/www.ac-germania.com\/A_ACG\/wordpress\/wp-content\/uploads\/2015\/08\/2015-08-31-002-150x45.jpg 150w\" sizes=\"auto, (max-width: 550px) 100vw, 550px\" \/><\/p>\n<p>&nbsp;<\/p>\n<p>&nbsp;<\/p>\n<p>&nbsp;<\/p>\n<p>&nbsp;<\/p>\n<hr \/>\n","protected":false},"excerpt":{"rendered":"<p>Acht Monate sind vergangen, im Dezember 2014 besiegelten die Athleten des AC Germania Artern mit dem 20:11 Heimsieg \u00fcber Lugau in der ausverkauften Unstruthalle die Meisterschaft der Regionalliga und damit den Aufstieg in die 2. Bundesliga. Bereits in den Jahren davor kratzten die Unstrutst\u00e4dter meist knapp am Aufstieg vorbei, in \u2026 <a class=\"continue-reading-link\" href=\"https:\/\/www.ac-germania.com\/?p=3449\">Weiterlesen <span class=\"meta-nav\">&rarr; <\/span><\/a><\/p>\n","protected":false},"author":1,"featured_media":3510,"comment_status":"open","ping_status":"open","sticky":false,"template":"","format":"standard","meta":{"footnotes":""},"categories":[8],"tags":[],"class_list":["post-3449","post","type-post","status-publish","format-standard","has-post-thumbnail","hentry","category-news-2015"],"_links":{"self":[{"href":"https:\/\/www.ac-germania.com\/index.php?rest_route=\/wp\/v2\/posts\/3449","targetHints":{"allow":["GET"]}}],"collection":[{"href":"https:\/\/www.ac-germania.com\/index.php?rest_route=\/wp\/v2\/posts"}],"about":[{"href":"https:\/\/www.ac-germania.com\/index.php?rest_route=\/wp\/v2\/types\/post"}],"author":[{"embeddable":true,"href":"https:\/\/www.ac-germania.com\/index.php?rest_route=\/wp\/v2\/users\/1"}],"replies":[{"embeddable":true,"href":"https:\/\/www.ac-germania.com\/index.php?rest_route=%2Fwp%2Fv2%2Fcomments&post=3449"}],"version-history":[{"count":0,"href":"https:\/\/www.ac-germania.com\/index.php?rest_route=\/wp\/v2\/posts\/3449\/revisions"}],"wp:featuredmedia":[{"embeddable":true,"href":"https:\/\/www.ac-germania.com\/index.php?rest_route=\/wp\/v2\/media\/3510"}],"wp:attachment":[{"href":"https:\/\/www.ac-germania.com\/index.php?rest_route=%2Fwp%2Fv2%2Fmedia&parent=3449"}],"wp:term":[{"taxonomy":"category","embeddable":true,"href":"https:\/\/www.ac-germania.com\/index.php?rest_route=%2Fwp%2Fv2%2Fcategories&post=3449"},{"taxonomy":"post_tag","embeddable":true,"href":"https:\/\/www.ac-germania.com\/index.php?rest_route=%2Fwp%2Fv2%2Ftags&post=3449"}],"curies":[{"name":"wp","href":"https:\/\/api.w.org\/{rel}","templated":true}]}}