{"id":3438,"date":"2015-08-29T11:18:28","date_gmt":"2015-08-29T10:18:28","guid":{"rendered":"http:\/\/www.ac-germania.com\/?p=3438"},"modified":"2015-08-29T11:18:28","modified_gmt":"2015-08-29T10:18:28","slug":"unstruthalle-in-artern-fuer-2-bundesliga-praepariert","status":"publish","type":"post","link":"https:\/\/www.ac-germania.com\/?p=3438","title":{"rendered":"Unstruthalle in Artern f\u00fcr 2. Bundesliga pr\u00e4pariert"},"content":{"rendered":"<p>Das die 2. Bundesliga f\u00fcr den AC Germania Artern neben der Kaderplanung und dem ganzen sportlichen Part auch neue Voraussetzungen in die Wettkampfhalle bedeutet wurde seit Jahresbeginn flei\u00dfig an und in der Unstruthalle gearbeitet.<\/p>\n<div id=\"attachment_3439\" style=\"width: 810px\" class=\"wp-caption aligncenter\"><img loading=\"lazy\" decoding=\"async\" aria-describedby=\"caption-attachment-3439\" class=\"wp-image-3439 size-full\" src=\"https:\/\/www.ac-germania.com\/A_ACG\/wordpress\/wp-content\/uploads\/2015\/08\/2015-08-29-001.jpg\" alt=\"2015-08-29-001\" width=\"800\" height=\"465\" srcset=\"https:\/\/www.ac-germania.com\/A_ACG\/wordpress\/wp-content\/uploads\/2015\/08\/2015-08-29-001.jpg 800w, https:\/\/www.ac-germania.com\/A_ACG\/wordpress\/wp-content\/uploads\/2015\/08\/2015-08-29-001-300x174.jpg 300w, https:\/\/www.ac-germania.com\/A_ACG\/wordpress\/wp-content\/uploads\/2015\/08\/2015-08-29-001-150x87.jpg 150w\" sizes=\"auto, (max-width: 800px) 100vw, 800px\" \/><p id=\"caption-attachment-3439\" class=\"wp-caption-text\">Diese Ansicht der &#8222;alten&#8220; Unstruthalle wird es so nicht mehr geben.<\/p><\/div>\n<p>Im Vordergrund der Umbauma\u00dfnahmen stand die Sicherheit f\u00fcr Athleten und Zuschauer, deshalb wurde eine weitere Fluchtt\u00fcr installiert. Damit stehen im Notfall insgesamt vier Ausg\u00e4nge zur Verf\u00fcgung. Au\u00dferdem musste um den Auflagen des Deutschen Ringerbundes gerecht zu werden eine neue Aufteilung der Wettkampfhalle umgesetzt werden. Dazu z\u00e4hlte auch die Investition in eine neue, leicht gr\u00f6\u00dfere Matte.<\/p>\n<p>Die Trib\u00fcne unterhalb des Ranges wurde deutlich vergr\u00f6\u00dfert, daf\u00fcr musste die Trib\u00fcne auf der Gegenseite weichen, hier werden beide Teams sowie das Kampfgericht ihren Platz finden. \u00dcber der Matte h\u00e4ngt nun eine Traverse mit Licht- und Multimediatechnik. F\u00fcr die Beameranzeige steht au\u00dferdem eine gr\u00f6\u00dfere und zentrale Fl\u00e4che zur Verf\u00fcgung. Um das Geschehen auf der Matte allen zug\u00e4nglich zu machen, die vlt in der Unstruthalle keinen Platz finden gibt es in der angrenzenden Trainingshalle eine Gro\u00dfleinwand und weitere Sitzm\u00f6glichkeiten.<\/p>\n<div id=\"attachment_3440\" style=\"width: 810px\" class=\"wp-caption aligncenter\"><img loading=\"lazy\" decoding=\"async\" aria-describedby=\"caption-attachment-3440\" class=\"wp-image-3440 size-full\" src=\"https:\/\/www.ac-germania.com\/A_ACG\/wordpress\/wp-content\/uploads\/2015\/08\/2015-08-29-002.jpg\" alt=\"2015-08-29-002\" width=\"800\" height=\"488\" srcset=\"https:\/\/www.ac-germania.com\/A_ACG\/wordpress\/wp-content\/uploads\/2015\/08\/2015-08-29-002.jpg 800w, https:\/\/www.ac-germania.com\/A_ACG\/wordpress\/wp-content\/uploads\/2015\/08\/2015-08-29-002-300x183.jpg 300w, https:\/\/www.ac-germania.com\/A_ACG\/wordpress\/wp-content\/uploads\/2015\/08\/2015-08-29-002-150x92.jpg 150w\" sizes=\"auto, (max-width: 800px) 100vw, 800px\" \/><p id=\"caption-attachment-3440\" class=\"wp-caption-text\">So sah die Unstruthalle noch vor einigen Wochen aus, jetzt befinden sich die Umbauma\u00dfnahmen auf der Zielgeraden.<\/p><\/div>\n<p>Um der Gastmannschaft einen angenehmen Aufenthalt zu erm\u00f6glichen wurde der G\u00e4stetrakt inkl. Sanit\u00e4ren Anlagen umfangreich renoviert. Die Umbauma\u00dfnahmen wurden zum gr\u00f6\u00dften Teil in Eigenleistung durchgef\u00fchrt, dennoch gab es viel Unterst\u00fctzung der Sponsoren f\u00fcr dieses Vorhaben.<\/p>\n<p>Mit diesen Ma\u00dfnahmen hofft der Verein eine gute L\u00f6sung gefunden zu haben um den Start in der 2. Bundesliga zu realisieren, leider gibt es in Artern keine gr\u00f6\u00dfere Ausweichhalle um das gro\u00dfe Interesse am professionellen Ringkampfsport noch besser zu vermarkten.<\/p>\n<p>Der erste Kampf am kommenden Samstag gegen den AV Germania Markneukirchen findet Planm\u00e4\u00dfig allerdings auf Arterns Ehrw\u00fcrdiger Freilichtb\u00fchne statt. Wenn das Wetter keinen Strich durch die Rechnung macht werden zu diesem Highlight 1500 Zuschauer erwartet, falls dieses Vorhaben scheitert findet der Kampf in der Unstruthalle statt.<\/p>\n","protected":false},"excerpt":{"rendered":"<p>Das die 2. Bundesliga f\u00fcr den AC Germania Artern neben der Kaderplanung und dem ganzen sportlichen Part auch neue Voraussetzungen in die Wettkampfhalle bedeutet wurde seit Jahresbeginn flei\u00dfig an und in der Unstruthalle gearbeitet. Im Vordergrund der Umbauma\u00dfnahmen stand die Sicherheit f\u00fcr Athleten und Zuschauer, deshalb wurde eine weitere Fluchtt\u00fcr \u2026 <a class=\"continue-reading-link\" href=\"https:\/\/www.ac-germania.com\/?p=3438\">Weiterlesen <span class=\"meta-nav\">&rarr; <\/span><\/a><\/p>\n","protected":false},"author":1,"featured_media":3439,"comment_status":"open","ping_status":"open","sticky":false,"template":"","format":"standard","meta":{"footnotes":""},"categories":[8],"tags":[],"class_list":["post-3438","post","type-post","status-publish","format-standard","has-post-thumbnail","hentry","category-news-2015"],"_links":{"self":[{"href":"https:\/\/www.ac-germania.com\/index.php?rest_route=\/wp\/v2\/posts\/3438","targetHints":{"allow":["GET"]}}],"collection":[{"href":"https:\/\/www.ac-germania.com\/index.php?rest_route=\/wp\/v2\/posts"}],"about":[{"href":"https:\/\/www.ac-germania.com\/index.php?rest_route=\/wp\/v2\/types\/post"}],"author":[{"embeddable":true,"href":"https:\/\/www.ac-germania.com\/index.php?rest_route=\/wp\/v2\/users\/1"}],"replies":[{"embeddable":true,"href":"https:\/\/www.ac-germania.com\/index.php?rest_route=%2Fwp%2Fv2%2Fcomments&post=3438"}],"version-history":[{"count":0,"href":"https:\/\/www.ac-germania.com\/index.php?rest_route=\/wp\/v2\/posts\/3438\/revisions"}],"wp:featuredmedia":[{"embeddable":true,"href":"https:\/\/www.ac-germania.com\/index.php?rest_route=\/wp\/v2\/media\/3439"}],"wp:attachment":[{"href":"https:\/\/www.ac-germania.com\/index.php?rest_route=%2Fwp%2Fv2%2Fmedia&parent=3438"}],"wp:term":[{"taxonomy":"category","embeddable":true,"href":"https:\/\/www.ac-germania.com\/index.php?rest_route=%2Fwp%2Fv2%2Fcategories&post=3438"},{"taxonomy":"post_tag","embeddable":true,"href":"https:\/\/www.ac-germania.com\/index.php?rest_route=%2Fwp%2Fv2%2Ftags&post=3438"}],"curies":[{"name":"wp","href":"https:\/\/api.w.org\/{rel}","templated":true}]}}