{"id":3399,"date":"2015-07-30T16:57:46","date_gmt":"2015-07-30T15:57:46","guid":{"rendered":"http:\/\/www.ac-germania.com\/?p=3399"},"modified":"2015-07-30T16:57:46","modified_gmt":"2015-07-30T15:57:46","slug":"neuzugang-michal-pietrzak-kommt-aus-poznanpolen-zum-acg","status":"publish","type":"post","link":"https:\/\/www.ac-germania.com\/?p=3399","title":{"rendered":"Neuzugang: Michal Pietrzak kommt aus Poznan\/Polen zum ACG"},"content":{"rendered":"<p><img loading=\"lazy\" decoding=\"async\" class=\"alignnone size-full wp-image-3400\" src=\"https:\/\/www.ac-germania.com\/A_ACG\/wordpress\/wp-content\/uploads\/2015\/07\/2015-07-30-001.jpg\" alt=\"2015-07-30-001\" width=\"800\" height=\"300\" srcset=\"https:\/\/www.ac-germania.com\/A_ACG\/wordpress\/wp-content\/uploads\/2015\/07\/2015-07-30-001.jpg 800w, https:\/\/www.ac-germania.com\/A_ACG\/wordpress\/wp-content\/uploads\/2015\/07\/2015-07-30-001-300x113.jpg 300w, https:\/\/www.ac-germania.com\/A_ACG\/wordpress\/wp-content\/uploads\/2015\/07\/2015-07-30-001-150x56.jpg 150w\" sizes=\"auto, (max-width: 800px) 100vw, 800px\" \/><\/p>\n<p><strong>Name:<\/strong> Michal Pietrzak<br \/>\n<strong>Geburtstag:<\/strong> 02.02.1988<br \/>\n<strong>Nationalit\u00e4t:<\/strong> polnisch<br \/>\n<strong>Beruf:<\/strong> Sportler<\/p>\n<p><strong>Bisherige Vereine:<br \/>\n<\/strong>Sobieski Poznan<\/p>\n<p>Zum Ende der Wechselfrist wurden die Germanen nochmals auf dem Transfermarkt aktiv und schlossen eine weitere L\u00fccke in den oberen Gewichtsklassen. Die Wurzeln des 27 Jahre alten Polen Michal Pietrzak liegen im MMA-Kampfsport, wo er international bereits beachtliche Erfolge feiern konnte.<\/p>\n<p>Ringen z\u00e4hlt bei Michal aber auch bereits seit seiner Jugend zu den favorisierten Sportarten, bei unserem polnischen Partnerclub Sobieski Poznan trainiert er seit dem Kindesalter und hatte im zarten Alter von zw\u00f6lf Jahren bereits das Vergn\u00fcgen an einem interkulturellen Austausch in Artern teilzunehmen.<\/p>\n<p><img loading=\"lazy\" decoding=\"async\" class=\"alignnone size-full wp-image-3401\" src=\"https:\/\/www.ac-germania.com\/A_ACG\/wordpress\/wp-content\/uploads\/2015\/07\/2015-07-30-002.jpg\" alt=\"2015-07-30-002\" width=\"800\" height=\"439\" srcset=\"https:\/\/www.ac-germania.com\/A_ACG\/wordpress\/wp-content\/uploads\/2015\/07\/2015-07-30-002.jpg 800w, https:\/\/www.ac-germania.com\/A_ACG\/wordpress\/wp-content\/uploads\/2015\/07\/2015-07-30-002-300x165.jpg 300w, https:\/\/www.ac-germania.com\/A_ACG\/wordpress\/wp-content\/uploads\/2015\/07\/2015-07-30-002-150x82.jpg 150w\" sizes=\"auto, (max-width: 800px) 100vw, 800px\" \/><\/p>\n<p>Bisher k\u00e4mpfte Michal in der polnischen Liga und wurde dort 2010 mit Poznan Meister, in der letzten Saison wurde er zum besten K\u00e4mpfer der Liga gew\u00e4hlt. Bei den Germanen wird er im Limit bis 98kg zum Einsatz kommen und kann dabei in beiden Stilarten eingesetzt werden.<\/p>\n<p>Der sympathische Pole befand sich bereits zum Probetraining in Artern und freut sich sehr auf sein neues Umfeld und die Bundesliga. \u201eIch habe schon viel von der Stimmung in Artern geh\u00f6rt und freue mich auf die Fans sowie meine neuen Teammitglieder, den Trainer sowie einige Sportler durfte ich im Probetraining ja bereits kennenlernen.\u201c gab sich Michal freudig.<\/p>\n<p><strong>Wir freuen uns \u00fcber Michals Entscheidung f\u00fcr den AC Germania und w\u00fcnschen Ihm alles Gute im neuen Team!<\/strong><\/p>\n<p><img loading=\"lazy\" decoding=\"async\" class=\"alignnone size-full wp-image-3402\" src=\"https:\/\/www.ac-germania.com\/A_ACG\/wordpress\/wp-content\/uploads\/2015\/07\/2015-07-30-003.jpg\" alt=\"2015-07-30-003\" width=\"800\" height=\"543\" srcset=\"https:\/\/www.ac-germania.com\/A_ACG\/wordpress\/wp-content\/uploads\/2015\/07\/2015-07-30-003.jpg 800w, https:\/\/www.ac-germania.com\/A_ACG\/wordpress\/wp-content\/uploads\/2015\/07\/2015-07-30-003-300x204.jpg 300w, https:\/\/www.ac-germania.com\/A_ACG\/wordpress\/wp-content\/uploads\/2015\/07\/2015-07-30-003-150x102.jpg 150w\" sizes=\"auto, (max-width: 800px) 100vw, 800px\" \/><\/p>\n","protected":false},"excerpt":{"rendered":"<p>Name: Michal Pietrzak Geburtstag: 02.02.1988 Nationalit\u00e4t: polnisch Beruf: Sportler Bisherige Vereine: Sobieski Poznan Zum Ende der Wechselfrist wurden die Germanen nochmals auf dem Transfermarkt aktiv und schlossen eine weitere L\u00fccke in den oberen Gewichtsklassen. Die Wurzeln des 27 Jahre alten Polen Michal Pietrzak liegen im MMA-Kampfsport, wo er international bereits \u2026 <a class=\"continue-reading-link\" href=\"https:\/\/www.ac-germania.com\/?p=3399\">Weiterlesen <span class=\"meta-nav\">&rarr; <\/span><\/a><\/p>\n","protected":false},"author":1,"featured_media":3400,"comment_status":"open","ping_status":"open","sticky":false,"template":"","format":"standard","meta":{"footnotes":""},"categories":[8],"tags":[],"class_list":["post-3399","post","type-post","status-publish","format-standard","has-post-thumbnail","hentry","category-news-2015"],"_links":{"self":[{"href":"https:\/\/www.ac-germania.com\/index.php?rest_route=\/wp\/v2\/posts\/3399","targetHints":{"allow":["GET"]}}],"collection":[{"href":"https:\/\/www.ac-germania.com\/index.php?rest_route=\/wp\/v2\/posts"}],"about":[{"href":"https:\/\/www.ac-germania.com\/index.php?rest_route=\/wp\/v2\/types\/post"}],"author":[{"embeddable":true,"href":"https:\/\/www.ac-germania.com\/index.php?rest_route=\/wp\/v2\/users\/1"}],"replies":[{"embeddable":true,"href":"https:\/\/www.ac-germania.com\/index.php?rest_route=%2Fwp%2Fv2%2Fcomments&post=3399"}],"version-history":[{"count":0,"href":"https:\/\/www.ac-germania.com\/index.php?rest_route=\/wp\/v2\/posts\/3399\/revisions"}],"wp:featuredmedia":[{"embeddable":true,"href":"https:\/\/www.ac-germania.com\/index.php?rest_route=\/wp\/v2\/media\/3400"}],"wp:attachment":[{"href":"https:\/\/www.ac-germania.com\/index.php?rest_route=%2Fwp%2Fv2%2Fmedia&parent=3399"}],"wp:term":[{"taxonomy":"category","embeddable":true,"href":"https:\/\/www.ac-germania.com\/index.php?rest_route=%2Fwp%2Fv2%2Fcategories&post=3399"},{"taxonomy":"post_tag","embeddable":true,"href":"https:\/\/www.ac-germania.com\/index.php?rest_route=%2Fwp%2Fv2%2Ftags&post=3399"}],"curies":[{"name":"wp","href":"https:\/\/api.w.org\/{rel}","templated":true}]}}