{"id":3385,"date":"2015-07-25T09:41:36","date_gmt":"2015-07-25T08:41:36","guid":{"rendered":"http:\/\/www.ac-germania.com\/?p=3385"},"modified":"2015-07-25T09:41:36","modified_gmt":"2015-07-25T08:41:36","slug":"aktueller-umbaustatus-in-der-unstruthalle","status":"publish","type":"post","link":"https:\/\/www.ac-germania.com\/?p=3385","title":{"rendered":"Aktueller Umbaustatus in der Unstruthalle"},"content":{"rendered":"<p>Das Abenteuer 2. Bundesliga in Artern wirft ja bereits das ganze Jahr \u00fcber seinen Schatten voraus, neben der Kaderplanung und dem ganzen \u201eDrumherum\u201c wird auch der \u201eHexenkessel\u201c Unstruthalle einer umfangreichen Modernisierung unterzogen.<\/p>\n<p><img loading=\"lazy\" decoding=\"async\" class=\"alignnone size-full wp-image-3386\" src=\"https:\/\/www.ac-germania.com\/A_ACG\/wordpress\/wp-content\/uploads\/2015\/07\/2015-07-25-001.jpg\" alt=\"2015-07-25-001\" width=\"800\" height=\"457\" srcset=\"https:\/\/www.ac-germania.com\/A_ACG\/wordpress\/wp-content\/uploads\/2015\/07\/2015-07-25-001.jpg 800w, https:\/\/www.ac-germania.com\/A_ACG\/wordpress\/wp-content\/uploads\/2015\/07\/2015-07-25-001-300x171.jpg 300w, https:\/\/www.ac-germania.com\/A_ACG\/wordpress\/wp-content\/uploads\/2015\/07\/2015-07-25-001-150x86.jpg 150w\" sizes=\"auto, (max-width: 800px) 100vw, 800px\" \/><\/p>\n<p>In der Wettkampfhalle wird es zu den letzten Jahren die gravierendsten \u00c4nderungen geben, die Trib\u00fcne unterhalb des Ranges wird deutlich erweitert, daf\u00fcr verschwindet auf der gegen\u00fcberliegenden Seite die bisherige Trib\u00fcne. Hier sitzen in der neuen Saison das Kampfgericht sowie die beiden Teams.<\/p>\n<p><img loading=\"lazy\" decoding=\"async\" class=\"alignnone size-full wp-image-3387\" src=\"https:\/\/www.ac-germania.com\/A_ACG\/wordpress\/wp-content\/uploads\/2015\/07\/2015-07-25-002.jpg\" alt=\"2015-07-25-002\" width=\"800\" height=\"444\" srcset=\"https:\/\/www.ac-germania.com\/A_ACG\/wordpress\/wp-content\/uploads\/2015\/07\/2015-07-25-002.jpg 800w, https:\/\/www.ac-germania.com\/A_ACG\/wordpress\/wp-content\/uploads\/2015\/07\/2015-07-25-002-300x167.jpg 300w, https:\/\/www.ac-germania.com\/A_ACG\/wordpress\/wp-content\/uploads\/2015\/07\/2015-07-25-002-150x83.jpg 150w\" sizes=\"auto, (max-width: 800px) 100vw, 800px\" \/><\/p>\n<p>Technisch wird auch aufger\u00fcstet, so befindet sich \u00fcber der Matte eine fest installierte Licht und Soundanlage sowie die Beameranzeige.<\/p>\n<p>Um die Sicherheit zu gew\u00e4hrleisten wurde neben dem bisherigen Eingang eine weitere Fluchtt\u00fcr installiert. F\u00fcr die Gastmannschaft wurde die Kabine sowie die dazugeh\u00f6rigen Sanit\u00e4ren Anlagen erneuert.<\/p>\n<p>Die Arbeiten an der Halle werden noch bis Saisonbeginn anhalten und zum gr\u00f6\u00dften Teil in Eigenleistung sowie Sponsoren gestemmt.<\/p>\n<p><img loading=\"lazy\" decoding=\"async\" class=\"alignnone size-full wp-image-3388\" src=\"https:\/\/www.ac-germania.com\/A_ACG\/wordpress\/wp-content\/uploads\/2015\/07\/2015-07-25-003.jpg\" alt=\"2015-07-25-003\" width=\"800\" height=\"530\" srcset=\"https:\/\/www.ac-germania.com\/A_ACG\/wordpress\/wp-content\/uploads\/2015\/07\/2015-07-25-003.jpg 800w, https:\/\/www.ac-germania.com\/A_ACG\/wordpress\/wp-content\/uploads\/2015\/07\/2015-07-25-003-300x199.jpg 300w, https:\/\/www.ac-germania.com\/A_ACG\/wordpress\/wp-content\/uploads\/2015\/07\/2015-07-25-003-150x99.jpg 150w\" sizes=\"auto, (max-width: 800px) 100vw, 800px\" \/><\/p>\n<p><img loading=\"lazy\" decoding=\"async\" class=\"alignnone size-full wp-image-3389\" src=\"https:\/\/www.ac-germania.com\/A_ACG\/wordpress\/wp-content\/uploads\/2015\/07\/2015-07-25-004.jpg\" alt=\"2015-07-25-004\" width=\"800\" height=\"600\" srcset=\"https:\/\/www.ac-germania.com\/A_ACG\/wordpress\/wp-content\/uploads\/2015\/07\/2015-07-25-004.jpg 800w, https:\/\/www.ac-germania.com\/A_ACG\/wordpress\/wp-content\/uploads\/2015\/07\/2015-07-25-004-300x225.jpg 300w, https:\/\/www.ac-germania.com\/A_ACG\/wordpress\/wp-content\/uploads\/2015\/07\/2015-07-25-004-150x113.jpg 150w\" sizes=\"auto, (max-width: 800px) 100vw, 800px\" \/><\/p>\n","protected":false},"excerpt":{"rendered":"<p>Das Abenteuer 2. Bundesliga in Artern wirft ja bereits das ganze Jahr \u00fcber seinen Schatten voraus, neben der Kaderplanung und dem ganzen \u201eDrumherum\u201c wird auch der \u201eHexenkessel\u201c Unstruthalle einer umfangreichen Modernisierung unterzogen. In der Wettkampfhalle wird es zu den letzten Jahren die gravierendsten \u00c4nderungen geben, die Trib\u00fcne unterhalb des Ranges \u2026 <a class=\"continue-reading-link\" href=\"https:\/\/www.ac-germania.com\/?p=3385\">Weiterlesen <span class=\"meta-nav\">&rarr; <\/span><\/a><\/p>\n","protected":false},"author":1,"featured_media":3386,"comment_status":"open","ping_status":"open","sticky":false,"template":"","format":"standard","meta":{"footnotes":""},"categories":[8],"tags":[],"class_list":["post-3385","post","type-post","status-publish","format-standard","has-post-thumbnail","hentry","category-news-2015"],"_links":{"self":[{"href":"https:\/\/www.ac-germania.com\/index.php?rest_route=\/wp\/v2\/posts\/3385","targetHints":{"allow":["GET"]}}],"collection":[{"href":"https:\/\/www.ac-germania.com\/index.php?rest_route=\/wp\/v2\/posts"}],"about":[{"href":"https:\/\/www.ac-germania.com\/index.php?rest_route=\/wp\/v2\/types\/post"}],"author":[{"embeddable":true,"href":"https:\/\/www.ac-germania.com\/index.php?rest_route=\/wp\/v2\/users\/1"}],"replies":[{"embeddable":true,"href":"https:\/\/www.ac-germania.com\/index.php?rest_route=%2Fwp%2Fv2%2Fcomments&post=3385"}],"version-history":[{"count":0,"href":"https:\/\/www.ac-germania.com\/index.php?rest_route=\/wp\/v2\/posts\/3385\/revisions"}],"wp:featuredmedia":[{"embeddable":true,"href":"https:\/\/www.ac-germania.com\/index.php?rest_route=\/wp\/v2\/media\/3386"}],"wp:attachment":[{"href":"https:\/\/www.ac-germania.com\/index.php?rest_route=%2Fwp%2Fv2%2Fmedia&parent=3385"}],"wp:term":[{"taxonomy":"category","embeddable":true,"href":"https:\/\/www.ac-germania.com\/index.php?rest_route=%2Fwp%2Fv2%2Fcategories&post=3385"},{"taxonomy":"post_tag","embeddable":true,"href":"https:\/\/www.ac-germania.com\/index.php?rest_route=%2Fwp%2Fv2%2Ftags&post=3385"}],"curies":[{"name":"wp","href":"https:\/\/api.w.org\/{rel}","templated":true}]}}