{"id":3379,"date":"2015-07-24T16:51:25","date_gmt":"2015-07-24T15:51:25","guid":{"rendered":"http:\/\/www.ac-germania.com\/?p=3379"},"modified":"2015-07-24T16:51:25","modified_gmt":"2015-07-24T15:51:25","slug":"veteranentreffen-beim-ac-germania-artern","status":"publish","type":"post","link":"https:\/\/www.ac-germania.com\/?p=3379","title":{"rendered":"Veteranentreffen beim AC Germania Artern"},"content":{"rendered":"<p>Auf Initiative von Sportfreund Otto Meyer wurden im April zahlreiche ehemalige aktive Ringk\u00e4mpfer des AC Germania Artern im Clubhaus in der Unstrutstra\u00dfe begr\u00fc\u00dft. Gern folgten sie alle seinem Aufruf, denn alle verbindet eine gemeinsame Zeit und viele sch\u00f6ne Erlebnisse in Artern.<\/p>\n<p><img loading=\"lazy\" decoding=\"async\" class=\"alignnone size-full wp-image-3380\" src=\"https:\/\/www.ac-germania.com\/A_ACG\/wordpress\/wp-content\/uploads\/2015\/07\/2015-07-24-001.jpg\" alt=\"2015-07-24-001\" width=\"800\" height=\"442\" srcset=\"https:\/\/www.ac-germania.com\/A_ACG\/wordpress\/wp-content\/uploads\/2015\/07\/2015-07-24-001.jpg 800w, https:\/\/www.ac-germania.com\/A_ACG\/wordpress\/wp-content\/uploads\/2015\/07\/2015-07-24-001-300x166.jpg 300w, https:\/\/www.ac-germania.com\/A_ACG\/wordpress\/wp-content\/uploads\/2015\/07\/2015-07-24-001-150x83.jpg 150w\" sizes=\"auto, (max-width: 800px) 100vw, 800px\" \/><\/p>\n<p>Die gemeinsame Zeit nutzen alle f\u00fcr Gespr\u00e4che \u00fcber alte und neue Zeiten im Ringkampfsport und wie es allen seit \u201edamals\u201c ergangen ist, aber auch f\u00fcr den Besuch des Germania-Vereinsarchivs.<\/p>\n<p>Diese kleine Wiedersehensfeier kam gut bei den Teilnehmern an und so versprach man sich untereinander, sich in nicht all zu langer Zeit wieder zu treffen.<\/p>\n<p><img loading=\"lazy\" decoding=\"async\" class=\"alignnone size-full wp-image-3381\" src=\"https:\/\/www.ac-germania.com\/A_ACG\/wordpress\/wp-content\/uploads\/2015\/07\/2015-07-24-002.jpg\" alt=\"2015-07-24-002\" width=\"800\" height=\"369\" srcset=\"https:\/\/www.ac-germania.com\/A_ACG\/wordpress\/wp-content\/uploads\/2015\/07\/2015-07-24-002.jpg 800w, https:\/\/www.ac-germania.com\/A_ACG\/wordpress\/wp-content\/uploads\/2015\/07\/2015-07-24-002-300x138.jpg 300w, https:\/\/www.ac-germania.com\/A_ACG\/wordpress\/wp-content\/uploads\/2015\/07\/2015-07-24-002-150x69.jpg 150w\" sizes=\"auto, (max-width: 800px) 100vw, 800px\" \/><\/p>\n<p><img loading=\"lazy\" decoding=\"async\" class=\"alignnone size-full wp-image-3382\" src=\"https:\/\/www.ac-germania.com\/A_ACG\/wordpress\/wp-content\/uploads\/2015\/07\/2015-07-24-003.jpg\" alt=\"2015-07-24-003\" width=\"800\" height=\"402\" srcset=\"https:\/\/www.ac-germania.com\/A_ACG\/wordpress\/wp-content\/uploads\/2015\/07\/2015-07-24-003.jpg 800w, https:\/\/www.ac-germania.com\/A_ACG\/wordpress\/wp-content\/uploads\/2015\/07\/2015-07-24-003-300x151.jpg 300w, https:\/\/www.ac-germania.com\/A_ACG\/wordpress\/wp-content\/uploads\/2015\/07\/2015-07-24-003-150x75.jpg 150w\" sizes=\"auto, (max-width: 800px) 100vw, 800px\" \/><\/p>\n<p><img loading=\"lazy\" decoding=\"async\" class=\"alignnone size-full wp-image-3383\" src=\"https:\/\/www.ac-germania.com\/A_ACG\/wordpress\/wp-content\/uploads\/2015\/07\/2015-07-24-004.jpg\" alt=\"2015-07-24-004\" width=\"800\" height=\"445\" srcset=\"https:\/\/www.ac-germania.com\/A_ACG\/wordpress\/wp-content\/uploads\/2015\/07\/2015-07-24-004.jpg 800w, https:\/\/www.ac-germania.com\/A_ACG\/wordpress\/wp-content\/uploads\/2015\/07\/2015-07-24-004-300x167.jpg 300w, https:\/\/www.ac-germania.com\/A_ACG\/wordpress\/wp-content\/uploads\/2015\/07\/2015-07-24-004-150x83.jpg 150w\" sizes=\"auto, (max-width: 800px) 100vw, 800px\" \/><\/p>\n","protected":false},"excerpt":{"rendered":"<p>Auf Initiative von Sportfreund Otto Meyer wurden im April zahlreiche ehemalige aktive Ringk\u00e4mpfer des AC Germania Artern im Clubhaus in der Unstrutstra\u00dfe begr\u00fc\u00dft. Gern folgten sie alle seinem Aufruf, denn alle verbindet eine gemeinsame Zeit und viele sch\u00f6ne Erlebnisse in Artern. Die gemeinsame Zeit nutzen alle f\u00fcr Gespr\u00e4che \u00fcber alte \u2026 <a class=\"continue-reading-link\" href=\"https:\/\/www.ac-germania.com\/?p=3379\">Weiterlesen <span class=\"meta-nav\">&rarr; <\/span><\/a><\/p>\n","protected":false},"author":1,"featured_media":3380,"comment_status":"open","ping_status":"open","sticky":false,"template":"","format":"standard","meta":{"footnotes":""},"categories":[8],"tags":[],"class_list":["post-3379","post","type-post","status-publish","format-standard","has-post-thumbnail","hentry","category-news-2015"],"_links":{"self":[{"href":"https:\/\/www.ac-germania.com\/index.php?rest_route=\/wp\/v2\/posts\/3379","targetHints":{"allow":["GET"]}}],"collection":[{"href":"https:\/\/www.ac-germania.com\/index.php?rest_route=\/wp\/v2\/posts"}],"about":[{"href":"https:\/\/www.ac-germania.com\/index.php?rest_route=\/wp\/v2\/types\/post"}],"author":[{"embeddable":true,"href":"https:\/\/www.ac-germania.com\/index.php?rest_route=\/wp\/v2\/users\/1"}],"replies":[{"embeddable":true,"href":"https:\/\/www.ac-germania.com\/index.php?rest_route=%2Fwp%2Fv2%2Fcomments&post=3379"}],"version-history":[{"count":0,"href":"https:\/\/www.ac-germania.com\/index.php?rest_route=\/wp\/v2\/posts\/3379\/revisions"}],"wp:featuredmedia":[{"embeddable":true,"href":"https:\/\/www.ac-germania.com\/index.php?rest_route=\/wp\/v2\/media\/3380"}],"wp:attachment":[{"href":"https:\/\/www.ac-germania.com\/index.php?rest_route=%2Fwp%2Fv2%2Fmedia&parent=3379"}],"wp:term":[{"taxonomy":"category","embeddable":true,"href":"https:\/\/www.ac-germania.com\/index.php?rest_route=%2Fwp%2Fv2%2Fcategories&post=3379"},{"taxonomy":"post_tag","embeddable":true,"href":"https:\/\/www.ac-germania.com\/index.php?rest_route=%2Fwp%2Fv2%2Ftags&post=3379"}],"curies":[{"name":"wp","href":"https:\/\/api.w.org\/{rel}","templated":true}]}}