{"id":3328,"date":"2015-06-18T17:31:57","date_gmt":"2015-06-18T16:31:57","guid":{"rendered":"http:\/\/www.ac-germania.com\/?p=3328"},"modified":"2015-06-18T17:31:57","modified_gmt":"2015-06-18T16:31:57","slug":"3x-gold-3x-silber-und-1x-bronze-bei-mini-olympiade-in-halle","status":"publish","type":"post","link":"https:\/\/www.ac-germania.com\/?p=3328","title":{"rendered":"3x Gold, 3x Silber und 1x Bronze bei Mini-Olympiade in Halle"},"content":{"rendered":"<p>Am Wochenende stand f\u00fcr die j\u00fcngsten Athleten des AC Germania Artern ein weiterer Wettkampfh\u00f6hepunkt auf dem Programm. Nachwuchscoach Michael Kinitz und Lothar Finke reisten mit sieben Sportlern zur Mini-Olympiade nach Halle. Bei diesem Turnier sollen die Youngster weiter an das Wettkampfgeschehen herangef\u00fchrt und Erfahrung gesammelt werden.<\/p>\n<p><img loading=\"lazy\" decoding=\"async\" class=\" size-full wp-image-3329 aligncenter\" src=\"https:\/\/www.ac-germania.com\/A_ACG\/wordpress\/wp-content\/uploads\/2015\/06\/2015-06-18-001.jpg\" alt=\"2015-06-18-001\" width=\"687\" height=\"496\" srcset=\"https:\/\/www.ac-germania.com\/A_ACG\/wordpress\/wp-content\/uploads\/2015\/06\/2015-06-18-001.jpg 687w, https:\/\/www.ac-germania.com\/A_ACG\/wordpress\/wp-content\/uploads\/2015\/06\/2015-06-18-001-300x217.jpg 300w, https:\/\/www.ac-germania.com\/A_ACG\/wordpress\/wp-content\/uploads\/2015\/06\/2015-06-18-001-150x108.jpg 150w\" sizes=\"auto, (max-width: 687px) 100vw, 687px\" \/><\/p>\n<p>Calvin Daras, Jack Eisenhardt und Jeremy Kie\u00dfler erwischten einen super Tag und konnten alle Gegner bezwingen, daf\u00fcr wurden sie mit der Goldmedaille belohnt. Joy Chantal Kie\u00dfler, Noi Getschmann und Leo Bieling mussten sich nur im Finale geschlagen geben und erk\u00e4mpften Silber. Max Lampe komplettierte mit seiner Bronzemedaille den Medaillensatz und das sehr gute Abschneiden des AC Germania.<\/p>\n<p>Michael Kinitz zeigte sich mit den Leistungen seiner jungen Sch\u00fctzlinge sehr zufrieden und freute sich \u00fcber den durchweg guten Einsatz der Youngster.<\/p>\n<p><strong>Die Platzierungen im \u00dcberblick:<\/strong><\/p>\n<p><strong>D-Jugend<\/strong><\/p>\n<p>Joy Chantal Kie\u00dfler | 38kg | 2. Platz<br \/>\nMax Lampe | 31kg | 3. Platz<\/p>\n<p><strong>E-Jugend<\/strong><\/p>\n<p>Calvin Daras | 22kg | 1. Platz<br \/>\nJack Eisenhardt | 25kg | 1. Patz<br \/>\nJeremy Kie\u00dfler | 28kg | 1. Platz<br \/>\nNoi Getschmann | 28kg | 2. Platz<br \/>\nLeo Bieling | 42kg | 2. Platz<\/p>\n","protected":false},"excerpt":{"rendered":"<p>Am Wochenende stand f\u00fcr die j\u00fcngsten Athleten des AC Germania Artern ein weiterer Wettkampfh\u00f6hepunkt auf dem Programm. Nachwuchscoach Michael Kinitz und Lothar Finke reisten mit sieben Sportlern zur Mini-Olympiade nach Halle. Bei diesem Turnier sollen die Youngster weiter an das Wettkampfgeschehen herangef\u00fchrt und Erfahrung gesammelt werden. Calvin Daras, Jack Eisenhardt \u2026 <a class=\"continue-reading-link\" href=\"https:\/\/www.ac-germania.com\/?p=3328\">Weiterlesen <span class=\"meta-nav\">&rarr; <\/span><\/a><\/p>\n","protected":false},"author":1,"featured_media":3329,"comment_status":"open","ping_status":"open","sticky":false,"template":"","format":"standard","meta":{"footnotes":""},"categories":[8],"tags":[],"class_list":["post-3328","post","type-post","status-publish","format-standard","has-post-thumbnail","hentry","category-news-2015"],"_links":{"self":[{"href":"https:\/\/www.ac-germania.com\/index.php?rest_route=\/wp\/v2\/posts\/3328","targetHints":{"allow":["GET"]}}],"collection":[{"href":"https:\/\/www.ac-germania.com\/index.php?rest_route=\/wp\/v2\/posts"}],"about":[{"href":"https:\/\/www.ac-germania.com\/index.php?rest_route=\/wp\/v2\/types\/post"}],"author":[{"embeddable":true,"href":"https:\/\/www.ac-germania.com\/index.php?rest_route=\/wp\/v2\/users\/1"}],"replies":[{"embeddable":true,"href":"https:\/\/www.ac-germania.com\/index.php?rest_route=%2Fwp%2Fv2%2Fcomments&post=3328"}],"version-history":[{"count":0,"href":"https:\/\/www.ac-germania.com\/index.php?rest_route=\/wp\/v2\/posts\/3328\/revisions"}],"wp:featuredmedia":[{"embeddable":true,"href":"https:\/\/www.ac-germania.com\/index.php?rest_route=\/wp\/v2\/media\/3329"}],"wp:attachment":[{"href":"https:\/\/www.ac-germania.com\/index.php?rest_route=%2Fwp%2Fv2%2Fmedia&parent=3328"}],"wp:term":[{"taxonomy":"category","embeddable":true,"href":"https:\/\/www.ac-germania.com\/index.php?rest_route=%2Fwp%2Fv2%2Fcategories&post=3328"},{"taxonomy":"post_tag","embeddable":true,"href":"https:\/\/www.ac-germania.com\/index.php?rest_route=%2Fwp%2Fv2%2Ftags&post=3328"}],"curies":[{"name":"wp","href":"https:\/\/api.w.org\/{rel}","templated":true}]}}