{"id":328,"date":"2013-02-24T12:58:33","date_gmt":"2013-02-24T10:58:33","guid":{"rendered":"http:\/\/www.ac-germania.com\/A_ACG\/wordpress\/?p=328"},"modified":"2013-02-24T12:58:33","modified_gmt":"2013-02-24T10:58:33","slug":"tim-walther-ist-neuer-deutscher-vizemeister","status":"publish","type":"post","link":"https:\/\/www.ac-germania.com\/?p=328","title":{"rendered":"Tim Walther ist neuer deutscher Vizemeister"},"content":{"rendered":"<p><strong>Der\u00a017-j\u00e4hrige Ringer vom AC Germania Artern wird bei der Deutschen Meisterschaft der A-Jugend in K\u00f6ln-M\u00fchlheim im freien Stil sensationell Zweiter.<\/strong><\/p>\n<p>Der erste Gedanke galt der eigenen Entt\u00e4uschung. Nach zwei Tagen voller Selbstvertrauen, Siegeswillen und vor allem voller Gl\u00fccksmomente blieb Tim Walther der ganz, ganz gro\u00dfe Wurf verwehrt. Im Finale der deutschen Meisterschaft in der A-Jugend unterlag der Ringer vom AC Germania Artern seinem bayerischen Gegner Simon Einsle vom TSV Westendorf nach Punkten.<\/p>\n<p>\u201eEr war taktisch einfach besser\u201c, gab Walther nach dem Kampf zu. Die erste Runde ging beim 1:1 an Einsle, weil er die letzte Wertung holte. In der zweiten Runde siegte der Bayer dann deutlich 7:1 und setzte sich in der Gewichtsklasse bis 58 Kilogramm die Krone auf. Dem Arterner, der vor einem Monat 17 Jahre jung geworden ist, blieb \u201enur\u201c der zweite Platz.<\/p>\n<p>Es ist aber ein Vizetitel, mit dem wohl keiner beim AC Germania gerechnet h\u00e4tte. Entsprechend stolz waren auch die Trainer Gerhard G\u00fcnther und Stephan Grimm, die ebenfalls mit in K\u00f6ln-M\u00fchlheim waren und ihre Sch\u00fctzlinge bei dem dreit\u00e4gigen Championat unterst\u00fctzten. Von zu Hause aus dr\u00fcckten die restlichen Germanen sowie Familie und Freunde die Daumen.<\/p>\n<p>Und Walther schaffte es, mit seinen starken Leistungen eine riesige Euphorie in Artern zu entfachen. \u00dcber Facebook, SMS und Anrufe immer bestens informiert, fieberten die Unstrutst\u00e4dter mit ihrem \u201eWaldi\u201c mit. Der hatte am Freitag etwas Losgl\u00fcck, konnte den Bayern Christoph Rippl (TSV Burgebrach) technisch \u00fcberlegen (6:0, 7:0) bezwingen. Auch am Samstag setzte sich die Siegesserie fort. Mit drei Schultersiegen \u00fcber Rene Wenigmann (RC H\u00fcrth), Robin Hezel (AV Sulgen) und den Saarl\u00e4nder Moritz Paulus (KV Riegelsberg) stand Walther kurz vor dem Finaleinzug, den er mit dem Sieg \u00fcber den Hessen Nico Weiss (SC Gro\u00dfostheim) durch technische \u00dcberlegenheit auch tats\u00e4chlich schaffte. Nach einer ganz gewiss unruhigen Nacht verlor er dann gestern Mittag das Finale.<\/p>\n<p>\u201eDeutscher Vizemeister. Das kann nicht jeder von sich sagen\u201c, m\u00fcnzte der 17-J\u00e4hrige dann w\u00e4hrend der Heimfahrt am gestrigen Nachmittag die Entt\u00e4uschung in Zufriedenheit um. \u201eIch habe im Vorfeld nicht damit gerechnet. Eine Medaille wollte ich ja schon immer. Das war auch dieses Mal das Ziel. Ich wollte sie aber mehr als fr\u00fcher\u201c, so Walther. Bei seinen bisherigen f\u00fcnf Teilnahmen an deutschen Meisterschaften stand ein f\u00fcnfter Platz als gr\u00f6\u00dfter Karriere-Erfolg. Den hat er nun getoppt. Die SMS durch Tanten und Onkel mit Gl\u00fcckw\u00fcnschen nach dem Kampf waren wohl nur ein Vorgeschmack auf das, was noch kommt.<\/p>\n<p>\u201eEine \u00dcberraschungsparty? Das k\u00f6nnte passieren\u201c, freute sich Walther am gestrigen Nachmittag vor der R\u00fcckkehr nach Artern. Und auch am S\u00f6mmerdaer Gymnasium, das der Elftkl\u00e4ssler besucht, wird heute, am ersten Tag nach den Winterferien, sicher ein wenig gefeiert.<\/p>\n<p>Nicht ganz so viel Grund zur Freude hatten die beiden weiteren Meisterschafts-Starter vom ACG. Nick Ratayczak (76 kg) verlor seinen ersten Kampf gegen den Hessen Sebastian Krist technisch unterlegen. Dem Sieg \u00fcber Marvin Aliov nach Punkten folgte eine Niederlage auf Schulter gegen den sp\u00e4teren deutschen Meister Johann Chris Steinforth aus Leipzig. Ratayczak wurde 13.<\/p>\n<p>Alexander Gilewitsch (69 kg) kam am Ende auf Rang elf. Er musste sich nach einem Schultersieg gegen den Niedersachsen Enrico Humann dem Hessen Nicolas Ge\u00dfler (technisch unterlegen) und dem N\u00fcrnberger Berkan Berkil (nach Punkten) geschlagen geben.<\/p>\n<h5>Bericht: Alexander Krospe (Th\u00fcringer Allgemeine)<\/h5>\n<p>&nbsp;<\/p>\n<p><iframe loading=\"lazy\" src=\"http:\/\/www.youtube.com\/embed\/B6oLrEt2XEA\" height=\"315\" width=\"560\" allowfullscreen=\"\" frameborder=\"0\"><\/iframe><br \/>\n<i>Finalkampf 2013 &#8211; DM A-Jugend FR bis 58kg<\/i><\/p>\n","protected":false},"excerpt":{"rendered":"<p>Der\u00a017-j\u00e4hrige Ringer vom AC Germania Artern wird bei der Deutschen Meisterschaft der A-Jugend in K\u00f6ln-M\u00fchlheim im freien Stil sensationell Zweiter. Der erste Gedanke galt der eigenen Entt\u00e4uschung. Nach zwei Tagen voller Selbstvertrauen, Siegeswillen und vor allem voller Gl\u00fccksmomente blieb Tim Walther der ganz, ganz gro\u00dfe Wurf verwehrt. Im Finale der \u2026 <a class=\"continue-reading-link\" href=\"https:\/\/www.ac-germania.com\/?p=328\">Weiterlesen <span class=\"meta-nav\">&rarr; <\/span><\/a><\/p>\n","protected":false},"author":1,"featured_media":0,"comment_status":"open","ping_status":"open","sticky":false,"template":"","format":"standard","meta":{"footnotes":""},"categories":[4],"tags":[],"class_list":["post-328","post","type-post","status-publish","format-standard","hentry","category-news-2013"],"_links":{"self":[{"href":"https:\/\/www.ac-germania.com\/index.php?rest_route=\/wp\/v2\/posts\/328","targetHints":{"allow":["GET"]}}],"collection":[{"href":"https:\/\/www.ac-germania.com\/index.php?rest_route=\/wp\/v2\/posts"}],"about":[{"href":"https:\/\/www.ac-germania.com\/index.php?rest_route=\/wp\/v2\/types\/post"}],"author":[{"embeddable":true,"href":"https:\/\/www.ac-germania.com\/index.php?rest_route=\/wp\/v2\/users\/1"}],"replies":[{"embeddable":true,"href":"https:\/\/www.ac-germania.com\/index.php?rest_route=%2Fwp%2Fv2%2Fcomments&post=328"}],"version-history":[{"count":0,"href":"https:\/\/www.ac-germania.com\/index.php?rest_route=\/wp\/v2\/posts\/328\/revisions"}],"wp:attachment":[{"href":"https:\/\/www.ac-germania.com\/index.php?rest_route=%2Fwp%2Fv2%2Fmedia&parent=328"}],"wp:term":[{"taxonomy":"category","embeddable":true,"href":"https:\/\/www.ac-germania.com\/index.php?rest_route=%2Fwp%2Fv2%2Fcategories&post=328"},{"taxonomy":"post_tag","embeddable":true,"href":"https:\/\/www.ac-germania.com\/index.php?rest_route=%2Fwp%2Fv2%2Ftags&post=328"}],"curies":[{"name":"wp","href":"https:\/\/api.w.org\/{rel}","templated":true}]}}