{"id":3244,"date":"2015-04-14T07:26:27","date_gmt":"2015-04-14T06:26:27","guid":{"rendered":"http:\/\/www.ac-germania.com\/?p=3244"},"modified":"2015-04-14T07:26:27","modified_gmt":"2015-04-14T06:26:27","slug":"ende-einer-unnachahmlichen-funktionaersaera","status":"publish","type":"post","link":"https:\/\/www.ac-germania.com\/?p=3244","title":{"rendered":"Ende einer unnachahmlichen Funktion\u00e4rs\u00e4ra&#8230;"},"content":{"rendered":"<p><strong>Der Arterner Gerd Pillep \u00fcbergibt nach 46 Jahren sein Pr\u00e4sidentenamt in j\u00fcngere H\u00e4nde<\/strong><\/p>\n<h5>Bericht: Manja Braunsdorf<\/h5>\n<p>Was f\u00fcr viele Arterner Ringkampfsportler und Sportfreunde in den neuen, wie auch alten Bundesl\u00e4ndern und dar\u00fcber hinaus auch bei befreundeten internationalen Sportfreunden undenkbar erscheint, ist nun tats\u00e4chlich wahr geworden. Gerd Pillep, seit fast 46 Jahren Vereinsvorsitzender des AC Germania Artern, hat seine Leitungsfunktion weitergegeben. Am 27.03.2015 fand in der Arterner Ringerhalle eine Mitgliedervollversammlung statt. Hier wurde neben der Abstimmung zur neuen Vereinssatzung auch der Vorstand neu konstituiert. Was f\u00fcr den Moment lediglich einen admistrativen Charakter hatte, war doch f\u00fcr alle an diesem Abend ein sehr emotionaler und kaum fassbarer Augenblick.<\/p>\n<div id=\"attachment_3245\" style=\"width: 527px\" class=\"wp-caption aligncenter\"><img loading=\"lazy\" decoding=\"async\" aria-describedby=\"caption-attachment-3245\" class=\"wp-image-3245 size-full\" src=\"https:\/\/www.ac-germania.com\/A_ACG\/wordpress\/wp-content\/uploads\/2015\/04\/2015-04-14-001.jpg\" alt=\"2015-04-14-001\" width=\"517\" height=\"559\" srcset=\"https:\/\/www.ac-germania.com\/A_ACG\/wordpress\/wp-content\/uploads\/2015\/04\/2015-04-14-001.jpg 517w, https:\/\/www.ac-germania.com\/A_ACG\/wordpress\/wp-content\/uploads\/2015\/04\/2015-04-14-001-277x300.jpg 277w, https:\/\/www.ac-germania.com\/A_ACG\/wordpress\/wp-content\/uploads\/2015\/04\/2015-04-14-001-139x150.jpg 139w\" sizes=\"auto, (max-width: 517px) 100vw, 517px\" \/><p id=\"caption-attachment-3245\" class=\"wp-caption-text\">Gerd Pillep l\u00e4ssig in den 60er-Jahren.<\/p><\/div>\n<p>Die meisten Anwesenden, wie auch die Au\u00dfenstehenden aus vielen befreundeten Vereinen, ehemalige Sportler, Funktion\u00e4re des einstigen DDR-Ringerverbandes und des DTSB der DDR oder der heutigen Landesportverb\u00e4nde in Sachsen-Anhalt und Th\u00fcringen, aber auch Sportfreunde beim Deutschen-Ringerverband und die Bewohner der Stadt und dem Landkreis k\u00f6nnen sich den Arterner Ringkampfsport ohne Gerd gar nicht vorstellen.<\/p>\n<div id=\"attachment_3246\" style=\"width: 810px\" class=\"wp-caption alignnone\"><img loading=\"lazy\" decoding=\"async\" aria-describedby=\"caption-attachment-3246\" class=\"wp-image-3246 size-full\" src=\"https:\/\/www.ac-germania.com\/A_ACG\/wordpress\/wp-content\/uploads\/2015\/04\/2015-04-14-002.jpg\" alt=\"2015-04-14-002\" width=\"800\" height=\"269\" srcset=\"https:\/\/www.ac-germania.com\/A_ACG\/wordpress\/wp-content\/uploads\/2015\/04\/2015-04-14-002.jpg 800w, https:\/\/www.ac-germania.com\/A_ACG\/wordpress\/wp-content\/uploads\/2015\/04\/2015-04-14-002-300x101.jpg 300w, https:\/\/www.ac-germania.com\/A_ACG\/wordpress\/wp-content\/uploads\/2015\/04\/2015-04-14-002-150x50.jpg 150w\" sizes=\"auto, (max-width: 800px) 100vw, 800px\" \/><p id=\"caption-attachment-3246\" class=\"wp-caption-text\">Bei den Kreisjugendspielen als Hinweisgeber f\u00fcr die kleinsten Ringer.<\/p><\/div>\n<p>Sind doch viele der auch heute noch im Verein Mitwirkenden mit Gerd gro\u00df geworden oder haben ihre Sportkarriere gemeinsam mit Gerd verbracht. Jeder kennt ihn, nicht zur im Trainigsanzug als \u00dcbungsleiter, an der Schreibmaschine oder dem Rednerpult, sondern auch mit viel Herzblut als Vermittler zwischen den Kulturen und Vereinen, Organisator von internationalen Jugendaustauschprojekten und Kindergartensportfesten, wie auch fr\u00fcher von nationalen, wie auch internationalen Ringkampfwettk\u00e4mpfen und Wettkampfreisen bis ins russische Ufa oder heute bis nach Malta. Vielen Kindern und Jugendlichen wurde auf diese Weise und durch sein Engagement eine sinnvolle und aktive Freizeitbesch\u00e4ftigung geboten und Reisen erm\u00f6glicht, die nicht immer selbstverst\u00e4ndlich waren.<\/p>\n<div id=\"attachment_3248\" style=\"width: 763px\" class=\"wp-caption aligncenter\"><img loading=\"lazy\" decoding=\"async\" aria-describedby=\"caption-attachment-3248\" class=\"wp-image-3248 size-full\" src=\"https:\/\/www.ac-germania.com\/A_ACG\/wordpress\/wp-content\/uploads\/2015\/04\/2015-04-14-003.jpg\" alt=\"2015-04-14-003\" width=\"753\" height=\"257\" srcset=\"https:\/\/www.ac-germania.com\/A_ACG\/wordpress\/wp-content\/uploads\/2015\/04\/2015-04-14-003.jpg 753w, https:\/\/www.ac-germania.com\/A_ACG\/wordpress\/wp-content\/uploads\/2015\/04\/2015-04-14-003-300x102.jpg 300w, https:\/\/www.ac-germania.com\/A_ACG\/wordpress\/wp-content\/uploads\/2015\/04\/2015-04-14-003-150x51.jpg 150w\" sizes=\"auto, (max-width: 753px) 100vw, 753px\" \/><p id=\"caption-attachment-3248\" class=\"wp-caption-text\">Auch als Kampfrichter (1964) machte Gerd Pillep eine gute Figur.<\/p><\/div>\n<p>Unnachamlich sind seine Auftritte am Rednerpult, ob spontan oder vorbereitet, Gerd erntete immer respektvollen und begeisterten Applaus.<\/p>\n<div id=\"attachment_3250\" style=\"width: 473px\" class=\"wp-caption aligncenter\"><img loading=\"lazy\" decoding=\"async\" aria-describedby=\"caption-attachment-3250\" class=\"wp-image-3250 size-full\" src=\"https:\/\/www.ac-germania.com\/A_ACG\/wordpress\/wp-content\/uploads\/2015\/04\/2015-04-14-005.jpg\" alt=\"2015-04-14-005\" width=\"463\" height=\"370\" srcset=\"https:\/\/www.ac-germania.com\/A_ACG\/wordpress\/wp-content\/uploads\/2015\/04\/2015-04-14-005.jpg 463w, https:\/\/www.ac-germania.com\/A_ACG\/wordpress\/wp-content\/uploads\/2015\/04\/2015-04-14-005-300x240.jpg 300w, https:\/\/www.ac-germania.com\/A_ACG\/wordpress\/wp-content\/uploads\/2015\/04\/2015-04-14-005-150x120.jpg 150w\" sizes=\"auto, (max-width: 463px) 100vw, 463px\" \/><p id=\"caption-attachment-3250\" class=\"wp-caption-text\">Gerd Pillep 1979 in seiner Funktion als DTSB-Vorsitzender.<\/p><\/div>\n<p>Gerd, selbst einer sportlich aktiven Familie entstammend, wuchs schon fr\u00fch in seiner Ringerkarriere in die Funktion\u00e4rsebene hinein. Nachdem Vater Fritz, sowie Onkel Karl und selbst Gro\u00dfvater Karl (sen.) bereits im Verein aktiv als Sportler, Trainer und Vereinspr\u00e4sidenten t\u00e4tig waren, war Gerd schon fr\u00fchzeitig bei den Mannschaftsk\u00e4mpfen, Gastbesuchen und dem Vereinsleben dabei. So war auch er auf der Matte aktiv als Sportler und Kampfrichter und \u00fcbernahm schon mit 28 Jahren den Vorsitz im damaligen Verein BSG Motor Kyffh\u00e4userh\u00fctte Artern einschlie\u00dflich des Anfang der 70er Jahre folgenden Trainingszentrums Ringen. Dazu kamen in den folgenden Jahren u.a. der Vorsitz im Bezirksfachauschuss Ringen, Vorstandst\u00e4tigkeit im DTSB-Bezirksvorstand und im Ringerverband der DDR. Nach der politischen Wende wurde ihm weiter auch \u00fcber die Landesgrenzen hinaus das Vertrauen ausgesprochen, so dass er bis 2009 als Pr\u00e4sident des Landesringerverbandes Sachsen-Anhalt fungierte und danach zu dessen Ehrenpr\u00e4sidenten ernannt wurde.<\/p>\n<p><img loading=\"lazy\" decoding=\"async\" class=\" size-full wp-image-3249 aligncenter\" src=\"https:\/\/www.ac-germania.com\/A_ACG\/wordpress\/wp-content\/uploads\/2015\/04\/2015-04-14-004.jpg\" alt=\"2015-04-14-004\" width=\"455\" height=\"847\" srcset=\"https:\/\/www.ac-germania.com\/A_ACG\/wordpress\/wp-content\/uploads\/2015\/04\/2015-04-14-004.jpg 455w, https:\/\/www.ac-germania.com\/A_ACG\/wordpress\/wp-content\/uploads\/2015\/04\/2015-04-14-004-161x300.jpg 161w, https:\/\/www.ac-germania.com\/A_ACG\/wordpress\/wp-content\/uploads\/2015\/04\/2015-04-14-004-81x150.jpg 81w\" sizes=\"auto, (max-width: 455px) 100vw, 455px\" \/><\/p>\n<p>Sein ehrenamltiches und vielf\u00e4ltiges sportliches Engagement zu gunsten der Nachwuchs- und Jugendf\u00f6rderung, als auch der Entwicklung des Ringkampfsportes und der internationalen Beziehungen wurde \u00fcber die Jahre durch viele Auszeichnungen gew\u00fcrdigt. Neben Ehrennadeln des DRV der DDR, wie auch des Deutschen Ringerbundes und der Landessportverb\u00e4nde wurde er auch mit der Guts-Muts-Ehrenplakette des Th\u00fcringer Landessportbundes und dem Bundesverdienstkreuz im Jahr 2011 ausgezeichnet. Diese Auszeichnungen machte nicht nur ihn, sondern besonders seine \u201eGermanen\u201c stolz.<\/p>\n<p>An den aktuellen Reaktionen auf den pr\u00e4sidialen Wechsel erkennt man seine Bekanntheit und Beliebtheit und vor allem welch\u2019 Respekt und gute Erinnerungen ihm \u00fcberall Zuteil werden. Ob auf Facebook, pers\u00f6nlich oder am Telefon und per E-Mail, aus vielen Richtungen kommen gute W\u00fcnsche, herzliche Gr\u00fc\u00dfe von ehemaligen Sportlern und Weggef\u00e4hrten.<\/p>\n<p>Lange Zeit hatte Gerd \u00fcber diesen Schritt schon nachgedacht und doch immer wieder seine historische Aktentasche gepackt und sich um alles gek\u00fcmmert. Nun wurde der Nachfolger einstimmig durch die anwesenden Mitglieder gew\u00e4hlt. Lothar Finke, selbst seit den 80ziger Jahren im Verein als Helfer und \u00dcbungsleiter bei den j\u00fcngsten Mattenf\u00fcchsen oder Mannschaftsleiter der zweiten und ersten Mannschaft ehrenamltich t\u00e4tig, hat nun die Nachfolge von Gerd angetreten.<\/p>\n<p>Lothar freute sich \u00fcber die Zustimmung der Vereinsmitglieder und auf die neue Aufgabe, f\u00fcr die er all seine Kraft und Engagement einbringen m\u00f6chte.<\/p>\n<p>Doch der neue Pr\u00e4sident konnte ein mulmiges Gef\u00fchl nicht unterschlagen, welches ihn trotz der Freude umschlich. Wird man doch an seinem Vorg\u00e4nger gemessen und dies hei\u00dft mit Lothars Worten, in die \u201esehr gro\u00dfe Jacke von Gerd hineinzuwachsen\u201c. Aber Gerd, wie auch die weiteren Vorstandsmitglieder, machten ihm Mut und sicherten Lothar, jederzeit ihre Unterst\u00fctzung f\u00fcr die kommenden Aufgaben zu.<\/p>\n<p>Und wer Gerd kennt, der wei\u00df genau, was alle \u201eGermanen\u201c an ihm so sch\u00e4tzen und nicht missen m\u00f6chten. Darum war es selbstverst\u00e4ndlich, dass Gerd noch am Abend der Versammlung die Ehrenpr\u00e4sidentschaft verliehen wurde. Denn wir hoffen, dass wir ihn noch lange in unserer Mitte begr\u00fc\u00dfen und mit ihm Erfolge feiern k\u00f6nnen. Kann er doch zuk\u00fcnftig, so hoffen wir zumindest, ganz \u201estre\u00dffrei\u201c die Ringkampfabende und Wettkampfveranstaltungen besuchen.<\/p>\n<p>Aber wir w\u00fcnschen ihm auch sch\u00f6ne und erholsame Stunden mit seiner Familie und danken an dieser Stelle ganz besonders seiner Ehefrau Adelheid, die ihn all die Jahrzehnte und unz\u00e4hligen Stunden unterst\u00fctzte und den R\u00fccken f\u00fcr all seine Aufgaben im Ringkampfsport frei gehalten hat.<\/p>\n<div id=\"attachment_3158\" style=\"width: 810px\" class=\"wp-caption aligncenter\"><img loading=\"lazy\" decoding=\"async\" aria-describedby=\"caption-attachment-3158\" class=\"wp-image-3158 size-full\" src=\"https:\/\/www.ac-germania.com\/A_ACG\/wordpress\/wp-content\/uploads\/2015\/03\/2015-03-29-003.jpg\" alt=\"2015-03-29-003\" width=\"800\" height=\"798\" srcset=\"https:\/\/www.ac-germania.com\/A_ACG\/wordpress\/wp-content\/uploads\/2015\/03\/2015-03-29-003.jpg 800w, https:\/\/www.ac-germania.com\/A_ACG\/wordpress\/wp-content\/uploads\/2015\/03\/2015-03-29-003-150x150.jpg 150w, https:\/\/www.ac-germania.com\/A_ACG\/wordpress\/wp-content\/uploads\/2015\/03\/2015-03-29-003-300x300.jpg 300w\" sizes=\"auto, (max-width: 800px) 100vw, 800px\" \/><p id=\"caption-attachment-3158\" class=\"wp-caption-text\">Gerd Pillep und Lothar Finke bei der Amts\u00fcbergabe.<\/p><\/div>\n<p>&nbsp;<\/p>\n","protected":false},"excerpt":{"rendered":"<p>Der Arterner Gerd Pillep \u00fcbergibt nach 46 Jahren sein Pr\u00e4sidentenamt in j\u00fcngere H\u00e4nde Bericht: Manja Braunsdorf Was f\u00fcr viele Arterner Ringkampfsportler und Sportfreunde in den neuen, wie auch alten Bundesl\u00e4ndern und dar\u00fcber hinaus auch bei befreundeten internationalen Sportfreunden undenkbar erscheint, ist nun tats\u00e4chlich wahr geworden. Gerd Pillep, seit fast 46 \u2026 <a class=\"continue-reading-link\" href=\"https:\/\/www.ac-germania.com\/?p=3244\">Weiterlesen <span class=\"meta-nav\">&rarr; <\/span><\/a><\/p>\n","protected":false},"author":1,"featured_media":3245,"comment_status":"open","ping_status":"open","sticky":false,"template":"","format":"standard","meta":{"footnotes":""},"categories":[8],"tags":[],"class_list":["post-3244","post","type-post","status-publish","format-standard","has-post-thumbnail","hentry","category-news-2015"],"_links":{"self":[{"href":"https:\/\/www.ac-germania.com\/index.php?rest_route=\/wp\/v2\/posts\/3244","targetHints":{"allow":["GET"]}}],"collection":[{"href":"https:\/\/www.ac-germania.com\/index.php?rest_route=\/wp\/v2\/posts"}],"about":[{"href":"https:\/\/www.ac-germania.com\/index.php?rest_route=\/wp\/v2\/types\/post"}],"author":[{"embeddable":true,"href":"https:\/\/www.ac-germania.com\/index.php?rest_route=\/wp\/v2\/users\/1"}],"replies":[{"embeddable":true,"href":"https:\/\/www.ac-germania.com\/index.php?rest_route=%2Fwp%2Fv2%2Fcomments&post=3244"}],"version-history":[{"count":0,"href":"https:\/\/www.ac-germania.com\/index.php?rest_route=\/wp\/v2\/posts\/3244\/revisions"}],"wp:featuredmedia":[{"embeddable":true,"href":"https:\/\/www.ac-germania.com\/index.php?rest_route=\/wp\/v2\/media\/3245"}],"wp:attachment":[{"href":"https:\/\/www.ac-germania.com\/index.php?rest_route=%2Fwp%2Fv2%2Fmedia&parent=3244"}],"wp:term":[{"taxonomy":"category","embeddable":true,"href":"https:\/\/www.ac-germania.com\/index.php?rest_route=%2Fwp%2Fv2%2Fcategories&post=3244"},{"taxonomy":"post_tag","embeddable":true,"href":"https:\/\/www.ac-germania.com\/index.php?rest_route=%2Fwp%2Fv2%2Ftags&post=3244"}],"curies":[{"name":"wp","href":"https:\/\/api.w.org\/{rel}","templated":true}]}}