{"id":3239,"date":"2015-04-13T11:44:47","date_gmt":"2015-04-13T10:44:47","guid":{"rendered":"http:\/\/www.ac-germania.com\/?p=3239"},"modified":"2015-04-13T11:44:47","modified_gmt":"2015-04-13T10:44:47","slug":"ringkampfveteran-detlef-friedchen-feierte-am-10-april-sein-60-wiegenfest","status":"publish","type":"post","link":"https:\/\/www.ac-germania.com\/?p=3239","title":{"rendered":"Ringkampfveteran Detlef Friedchen feierte am 10. April sein 60. Wiegenfest!"},"content":{"rendered":"<p>Dazu gratulierte nat\u00fcrlich auch der AC Germania Artern e.V.! Eine kleine Abordnung besuchte ihn am Vormittag in seiner \u201eGaststube\u201c und \u00fcberraschte ihn mit Blumen und kleinen pers\u00f6nlichen Geschenken. Hierbei \u00fcberreichten ihm Ehrenpr\u00e4sident Gerd Pillep und AC-Pr\u00e4sident Lothar Finke in Anerkennung um seine Verdienste im Ringkampfsport auch die \u201eSilberne Ehrennadel\u201c des Deutschen Ringerbundes. Gern erinneren sich alle Germanen an Detlefs aktive und erfolgreiche Zeit nicht zur in den Reihen des Arterner Ringervereins.<\/p>\n<p><img loading=\"lazy\" decoding=\"async\" class=\" size-full wp-image-3241 aligncenter\" src=\"https:\/\/www.ac-germania.com\/A_ACG\/wordpress\/wp-content\/uploads\/2015\/04\/2015-04-13-001.jpg\" alt=\"2015-04-13-001\" width=\"800\" height=\"423\" srcset=\"https:\/\/www.ac-germania.com\/A_ACG\/wordpress\/wp-content\/uploads\/2015\/04\/2015-04-13-001.jpg 800w, https:\/\/www.ac-germania.com\/A_ACG\/wordpress\/wp-content\/uploads\/2015\/04\/2015-04-13-001-300x159.jpg 300w, https:\/\/www.ac-germania.com\/A_ACG\/wordpress\/wp-content\/uploads\/2015\/04\/2015-04-13-001-150x79.jpg 150w\" sizes=\"auto, (max-width: 800px) 100vw, 800px\" \/><\/p>\n<p>Freistiler Detlef Friedchen hatte sich in seiner Ringerkarriere beim Sportclub SC Chemie Halle, aufgrund seiner vielen nationalen und internationalen Erfolge, schon einen Namen gemacht, ehe er in den 1980ziger Jahren f\u00fcr die Oberligamannschaft in Artern gewonnen werden konnte. Hier war er im Schwergewicht f\u00fcr die Arterner nachfolgend ein zuverl\u00e4ssiger Aktivposten.<\/p>\n<p><img loading=\"lazy\" decoding=\"async\" class=\"alignnone size-full wp-image-3242 aligncenter\" src=\"https:\/\/www.ac-germania.com\/A_ACG\/wordpress\/wp-content\/uploads\/2015\/04\/2015-04-13-003.jpg\" alt=\"2015-04-13-003\" width=\"800\" height=\"649\" srcset=\"https:\/\/www.ac-germania.com\/A_ACG\/wordpress\/wp-content\/uploads\/2015\/04\/2015-04-13-003.jpg 800w, https:\/\/www.ac-germania.com\/A_ACG\/wordpress\/wp-content\/uploads\/2015\/04\/2015-04-13-003-300x243.jpg 300w, https:\/\/www.ac-germania.com\/A_ACG\/wordpress\/wp-content\/uploads\/2015\/04\/2015-04-13-003-150x122.jpg 150w\" sizes=\"auto, (max-width: 800px) 100vw, 800px\" \/><\/p>\n<p>Seine aktive Karriere setzte er auch nach einer berufsorientierten Pause dann nach der politischen Wende noch bis 1994 in der M\u00e4nnermannschaft des AC Germania Artern erfolgreich fort. Viel Respekt wurde ihm bei seinem letzten Kampf in Artern zu teil. Mit 39 Jahren, immer noch kraftvoll und routiniert, stellte er sich einem weitaus j\u00fcngeren Sportfreund auf der Matte, ehe er dann sein Trikot mit gro\u00dfem Applaus f\u00fcr immer an den Nagel hing.<\/p>\n<p>Noch zu DDR-Zeiten endg\u00fcltig aus Stendal nach Artern gezogen, widmete er sich beruflich dem Gastronomiegewerbe. Gleich zur Wende er\u00f6ffnete er die eigene Gastst\u00e4tte mit Pension (heute ausgezeichnetes und beliebtes Hotel), welche er bis heute erfolgreich und gastfreundlich mit seiner Familie betreibt und stets mit neuen Ideen erweitert.<\/p>\n<p><strong>Der AC Germania Artern e.V. w\u00fcnscht ihm weiterhin Gesundheit, Wohlergehen und Schaffenskraft, verbunden mit den besten W\u00fcnschen f\u00fcr das Gesch\u00e4ft und famili\u00e4re Gl\u00fcck! AC, AC, AC!<\/strong><\/p>\n<p><img loading=\"lazy\" decoding=\"async\" class=\" size-full wp-image-3240 aligncenter\" src=\"https:\/\/www.ac-germania.com\/A_ACG\/wordpress\/wp-content\/uploads\/2015\/04\/2015-04-13-002.jpg\" alt=\"2015-04-13-002\" width=\"800\" height=\"899\" srcset=\"https:\/\/www.ac-germania.com\/A_ACG\/wordpress\/wp-content\/uploads\/2015\/04\/2015-04-13-002.jpg 800w, https:\/\/www.ac-germania.com\/A_ACG\/wordpress\/wp-content\/uploads\/2015\/04\/2015-04-13-002-267x300.jpg 267w, https:\/\/www.ac-germania.com\/A_ACG\/wordpress\/wp-content\/uploads\/2015\/04\/2015-04-13-002-133x150.jpg 133w\" sizes=\"auto, (max-width: 800px) 100vw, 800px\" \/><\/p>\n","protected":false},"excerpt":{"rendered":"<p>Dazu gratulierte nat\u00fcrlich auch der AC Germania Artern e.V.! Eine kleine Abordnung besuchte ihn am Vormittag in seiner \u201eGaststube\u201c und \u00fcberraschte ihn mit Blumen und kleinen pers\u00f6nlichen Geschenken. Hierbei \u00fcberreichten ihm Ehrenpr\u00e4sident Gerd Pillep und AC-Pr\u00e4sident Lothar Finke in Anerkennung um seine Verdienste im Ringkampfsport auch die \u201eSilberne Ehrennadel\u201c des \u2026 <a class=\"continue-reading-link\" href=\"https:\/\/www.ac-germania.com\/?p=3239\">Weiterlesen <span class=\"meta-nav\">&rarr; <\/span><\/a><\/p>\n","protected":false},"author":1,"featured_media":3241,"comment_status":"open","ping_status":"open","sticky":false,"template":"","format":"standard","meta":{"footnotes":""},"categories":[8],"tags":[],"class_list":["post-3239","post","type-post","status-publish","format-standard","has-post-thumbnail","hentry","category-news-2015"],"_links":{"self":[{"href":"https:\/\/www.ac-germania.com\/index.php?rest_route=\/wp\/v2\/posts\/3239","targetHints":{"allow":["GET"]}}],"collection":[{"href":"https:\/\/www.ac-germania.com\/index.php?rest_route=\/wp\/v2\/posts"}],"about":[{"href":"https:\/\/www.ac-germania.com\/index.php?rest_route=\/wp\/v2\/types\/post"}],"author":[{"embeddable":true,"href":"https:\/\/www.ac-germania.com\/index.php?rest_route=\/wp\/v2\/users\/1"}],"replies":[{"embeddable":true,"href":"https:\/\/www.ac-germania.com\/index.php?rest_route=%2Fwp%2Fv2%2Fcomments&post=3239"}],"version-history":[{"count":0,"href":"https:\/\/www.ac-germania.com\/index.php?rest_route=\/wp\/v2\/posts\/3239\/revisions"}],"wp:featuredmedia":[{"embeddable":true,"href":"https:\/\/www.ac-germania.com\/index.php?rest_route=\/wp\/v2\/media\/3241"}],"wp:attachment":[{"href":"https:\/\/www.ac-germania.com\/index.php?rest_route=%2Fwp%2Fv2%2Fmedia&parent=3239"}],"wp:term":[{"taxonomy":"category","embeddable":true,"href":"https:\/\/www.ac-germania.com\/index.php?rest_route=%2Fwp%2Fv2%2Fcategories&post=3239"},{"taxonomy":"post_tag","embeddable":true,"href":"https:\/\/www.ac-germania.com\/index.php?rest_route=%2Fwp%2Fv2%2Ftags&post=3239"}],"curies":[{"name":"wp","href":"https:\/\/api.w.org\/{rel}","templated":true}]}}