{"id":3206,"date":"2015-04-01T08:52:35","date_gmt":"2015-04-01T07:52:35","guid":{"rendered":"http:\/\/www.ac-germania.com\/?p=3206"},"modified":"2015-04-02T16:25:32","modified_gmt":"2015-04-02T15:25:32","slug":"germanen-holen-shinichi-yumoto-aus-japan","status":"publish","type":"post","link":"https:\/\/www.ac-germania.com\/?p=3206","title":{"rendered":"**APRILSCHERZ**Germanen holen Shinichi Yumoto aus Japan**APRILSCHERZ**"},"content":{"rendered":"<h2><strong>**APRILSCHERZ**APRILSCHERZ**APRILSCHERZ**<\/strong><\/h2>\n<p><strong><em>Wie von vielen bereits vermutet handelte es sich bei der Meldung von gestern um einen Aprilscherz. <\/em><\/strong><strong><em>Wir hoffen trotzdem das ihr \u00fcber unseren kleinen Spa\u00df ein wenig schmunzeln konntet und <\/em><em>w\u00fcnschen euch eine angenehme Zeit.<\/em><\/strong><\/p>\n<p><img loading=\"lazy\" decoding=\"async\" class=\"alignnone size-full wp-image-3207\" src=\"https:\/\/www.ac-germania.com\/A_ACG\/wordpress\/wp-content\/uploads\/2015\/04\/2015-04-01-001.jpg\" alt=\"2015-04-01-001\" width=\"800\" height=\"300\" srcset=\"https:\/\/www.ac-germania.com\/A_ACG\/wordpress\/wp-content\/uploads\/2015\/04\/2015-04-01-001.jpg 800w, https:\/\/www.ac-germania.com\/A_ACG\/wordpress\/wp-content\/uploads\/2015\/04\/2015-04-01-001-300x113.jpg 300w, https:\/\/www.ac-germania.com\/A_ACG\/wordpress\/wp-content\/uploads\/2015\/04\/2015-04-01-001-150x56.jpg 150w\" sizes=\"auto, (max-width: 800px) 100vw, 800px\" \/><\/p>\n<p><strong>Name:<\/strong> Shinichi Yumoto<br \/>\n<strong>Geburtstag:<\/strong> 04.12..1984<br \/>\n<strong>Beruf:<\/strong> Profisportler<\/p>\n<p>Noch vor der am vergangenen Freitag stattfindenden Mitgliederversammlung gelang der Vereinsf\u00fchrung ein weiterer spektakul\u00e4rer Transfer f\u00fcr das Bundesligateam.<\/p>\n<p>Der Japaner Shinichi Yumoto wird das Team von Michael Getschmann im Limit bis 57kg- und 61kg verst\u00e4rken. Der 31-j\u00e4hrige Yumoto z\u00e4hlt zu den besten Athleten Japans und konnte bei den Olympischen Spielen 2012 in London die Bronzemedaille gewinnen.<\/p>\n<p><img loading=\"lazy\" decoding=\"async\" class=\" size-full wp-image-3208 aligncenter\" src=\"https:\/\/www.ac-germania.com\/A_ACG\/wordpress\/wp-content\/uploads\/2015\/04\/2015-04-01-002.jpg\" alt=\"2015-04-01-002\" width=\"594\" height=\"367\" srcset=\"https:\/\/www.ac-germania.com\/A_ACG\/wordpress\/wp-content\/uploads\/2015\/04\/2015-04-01-002.jpg 594w, https:\/\/www.ac-germania.com\/A_ACG\/wordpress\/wp-content\/uploads\/2015\/04\/2015-04-01-002-300x185.jpg 300w, https:\/\/www.ac-germania.com\/A_ACG\/wordpress\/wp-content\/uploads\/2015\/04\/2015-04-01-002-150x93.jpg 150w\" sizes=\"auto, (max-width: 594px) 100vw, 594px\" \/><\/p>\n<p>Shinichi tauchte bisher noch nicht in den deutschen Ligen auf, lie\u00df sich aber in vielen Gespr\u00e4chen vom AC Germania \u00fcberzeugen. Besonders beeindruckt war der sympathische Japaner von der Zuschauerkulisse in der Unstuthalle.<\/p>\n<p>W\u00e4hrend der im September beginnenden Zweitligasaison wird Shinichi in Deutschland wohnen. <em>\u201eIm Limit bis 57kg wird Shinichi nicht zu besiegen sein, ich freue mich \u00fcber diesen Transfer und w\u00fcnsche ihm alles Gute bei uns.\u201c<\/em> sagte ACG-Coach Michael Getschmann.<\/p>\n<p><img loading=\"lazy\" decoding=\"async\" class=\" size-full wp-image-3211 aligncenter\" src=\"https:\/\/www.ac-germania.com\/A_ACG\/wordpress\/wp-content\/uploads\/2015\/04\/2015-04-01-003.jpg\" alt=\"2015-04-01-003\" width=\"594\" height=\"395\" srcset=\"https:\/\/www.ac-germania.com\/A_ACG\/wordpress\/wp-content\/uploads\/2015\/04\/2015-04-01-003.jpg 594w, https:\/\/www.ac-germania.com\/A_ACG\/wordpress\/wp-content\/uploads\/2015\/04\/2015-04-01-003-300x199.jpg 300w, https:\/\/www.ac-germania.com\/A_ACG\/wordpress\/wp-content\/uploads\/2015\/04\/2015-04-01-003-150x100.jpg 150w\" sizes=\"auto, (max-width: 594px) 100vw, 594px\" \/><\/p>\n","protected":false},"excerpt":{"rendered":"<p>**APRILSCHERZ**APRILSCHERZ**APRILSCHERZ** Wie von vielen bereits vermutet handelte es sich bei der Meldung von gestern um einen Aprilscherz. Wir hoffen trotzdem das ihr \u00fcber unseren kleinen Spa\u00df ein wenig schmunzeln konntet und w\u00fcnschen euch eine angenehme Zeit. Name: Shinichi Yumoto Geburtstag: 04.12..1984 Beruf: Profisportler Noch vor der am vergangenen Freitag stattfindenden \u2026 <a class=\"continue-reading-link\" href=\"https:\/\/www.ac-germania.com\/?p=3206\">Weiterlesen <span class=\"meta-nav\">&rarr; <\/span><\/a><\/p>\n","protected":false},"author":1,"featured_media":3207,"comment_status":"open","ping_status":"open","sticky":false,"template":"","format":"standard","meta":{"footnotes":""},"categories":[8],"tags":[],"class_list":["post-3206","post","type-post","status-publish","format-standard","has-post-thumbnail","hentry","category-news-2015"],"_links":{"self":[{"href":"https:\/\/www.ac-germania.com\/index.php?rest_route=\/wp\/v2\/posts\/3206","targetHints":{"allow":["GET"]}}],"collection":[{"href":"https:\/\/www.ac-germania.com\/index.php?rest_route=\/wp\/v2\/posts"}],"about":[{"href":"https:\/\/www.ac-germania.com\/index.php?rest_route=\/wp\/v2\/types\/post"}],"author":[{"embeddable":true,"href":"https:\/\/www.ac-germania.com\/index.php?rest_route=\/wp\/v2\/users\/1"}],"replies":[{"embeddable":true,"href":"https:\/\/www.ac-germania.com\/index.php?rest_route=%2Fwp%2Fv2%2Fcomments&post=3206"}],"version-history":[{"count":0,"href":"https:\/\/www.ac-germania.com\/index.php?rest_route=\/wp\/v2\/posts\/3206\/revisions"}],"wp:featuredmedia":[{"embeddable":true,"href":"https:\/\/www.ac-germania.com\/index.php?rest_route=\/wp\/v2\/media\/3207"}],"wp:attachment":[{"href":"https:\/\/www.ac-germania.com\/index.php?rest_route=%2Fwp%2Fv2%2Fmedia&parent=3206"}],"wp:term":[{"taxonomy":"category","embeddable":true,"href":"https:\/\/www.ac-germania.com\/index.php?rest_route=%2Fwp%2Fv2%2Fcategories&post=3206"},{"taxonomy":"post_tag","embeddable":true,"href":"https:\/\/www.ac-germania.com\/index.php?rest_route=%2Fwp%2Fv2%2Ftags&post=3206"}],"curies":[{"name":"wp","href":"https:\/\/api.w.org\/{rel}","templated":true}]}}