{"id":3151,"date":"2015-03-29T15:20:41","date_gmt":"2015-03-29T14:20:41","guid":{"rendered":"http:\/\/www.ac-germania.com\/?p=3151"},"modified":"2015-03-29T15:20:41","modified_gmt":"2015-03-29T14:20:41","slug":"oldrich-varga-vertrat-tschechien-bei-u23-europameisterschaft-in-polen","status":"publish","type":"post","link":"https:\/\/www.ac-germania.com\/?p=3151","title":{"rendered":"Oldrich Varga vertrat Tschechien bei U23 Europameisterschaft in Polen"},"content":{"rendered":"<p>Am heutigen Sonntag startete Oldrich Varga f\u00fcr die Tschechische Nationalmannschaft bei der erstmals ausgetragenen U23 Europameisterschaft im polnischen Walbrzych. Olda wurde im Limit bis 75kg\/GR nominiert und hatte es im ersten Kampf mit Bislan Assakalov aus Russland zu tun.<\/p>\n<p>Olda verlor das Duell gegen Assakalov deutlich mit 8:0 Punkten, da der Russe im Halbfinale eine Niederlage gegen den Wei\u00dfrussen Kazbek Kilou einstecken musste war diese Europameisterschaft f\u00fcr Olda beendet.<\/p>\n<p>Trotzdem konnte Olda bei dieser EM wichtige Wettkampfpraxis sammeln, und kann Stolz \u00fcber die Nominierung sein!<\/p>\n<p><a href=\"https:\/\/unitedworldwrestling.org\/event\/u23-european-championship\" target=\"_blank\">&gt;&gt; Hier gehts zur offiziellen Turnier-Website<\/a><\/p>\n<div id=\"attachment_3152\" style=\"width: 810px\" class=\"wp-caption aligncenter\"><img loading=\"lazy\" decoding=\"async\" aria-describedby=\"caption-attachment-3152\" class=\"wp-image-3152 size-full\" src=\"https:\/\/www.ac-germania.com\/A_ACG\/wordpress\/wp-content\/uploads\/2015\/03\/2015-03-29-001.jpg\" alt=\"2015-03-29-001\" width=\"800\" height=\"532\" srcset=\"https:\/\/www.ac-germania.com\/A_ACG\/wordpress\/wp-content\/uploads\/2015\/03\/2015-03-29-001.jpg 800w, https:\/\/www.ac-germania.com\/A_ACG\/wordpress\/wp-content\/uploads\/2015\/03\/2015-03-29-001-300x200.jpg 300w, https:\/\/www.ac-germania.com\/A_ACG\/wordpress\/wp-content\/uploads\/2015\/03\/2015-03-29-001-150x100.jpg 150w\" sizes=\"auto, (max-width: 800px) 100vw, 800px\" \/><p id=\"caption-attachment-3152\" class=\"wp-caption-text\">Olda im Trikot der Tschechischen Nationalmannschaft. Bild: Svaz z\u00e1pasu \u010cesk\u00e9 republiky<\/p><\/div>\n<p>&nbsp;<\/p>\n","protected":false},"excerpt":{"rendered":"<p>Am heutigen Sonntag startete Oldrich Varga f\u00fcr die Tschechische Nationalmannschaft bei der erstmals ausgetragenen U23 Europameisterschaft im polnischen Walbrzych. Olda wurde im Limit bis 75kg\/GR nominiert und hatte es im ersten Kampf mit Bislan Assakalov aus Russland zu tun. Olda verlor das Duell gegen Assakalov deutlich mit 8:0 Punkten, da \u2026 <a class=\"continue-reading-link\" href=\"https:\/\/www.ac-germania.com\/?p=3151\">Weiterlesen <span class=\"meta-nav\">&rarr; <\/span><\/a><\/p>\n","protected":false},"author":1,"featured_media":3152,"comment_status":"open","ping_status":"open","sticky":false,"template":"","format":"standard","meta":{"footnotes":""},"categories":[8],"tags":[],"class_list":["post-3151","post","type-post","status-publish","format-standard","has-post-thumbnail","hentry","category-news-2015"],"_links":{"self":[{"href":"https:\/\/www.ac-germania.com\/index.php?rest_route=\/wp\/v2\/posts\/3151","targetHints":{"allow":["GET"]}}],"collection":[{"href":"https:\/\/www.ac-germania.com\/index.php?rest_route=\/wp\/v2\/posts"}],"about":[{"href":"https:\/\/www.ac-germania.com\/index.php?rest_route=\/wp\/v2\/types\/post"}],"author":[{"embeddable":true,"href":"https:\/\/www.ac-germania.com\/index.php?rest_route=\/wp\/v2\/users\/1"}],"replies":[{"embeddable":true,"href":"https:\/\/www.ac-germania.com\/index.php?rest_route=%2Fwp%2Fv2%2Fcomments&post=3151"}],"version-history":[{"count":0,"href":"https:\/\/www.ac-germania.com\/index.php?rest_route=\/wp\/v2\/posts\/3151\/revisions"}],"wp:featuredmedia":[{"embeddable":true,"href":"https:\/\/www.ac-germania.com\/index.php?rest_route=\/wp\/v2\/media\/3152"}],"wp:attachment":[{"href":"https:\/\/www.ac-germania.com\/index.php?rest_route=%2Fwp%2Fv2%2Fmedia&parent=3151"}],"wp:term":[{"taxonomy":"category","embeddable":true,"href":"https:\/\/www.ac-germania.com\/index.php?rest_route=%2Fwp%2Fv2%2Fcategories&post=3151"},{"taxonomy":"post_tag","embeddable":true,"href":"https:\/\/www.ac-germania.com\/index.php?rest_route=%2Fwp%2Fv2%2Ftags&post=3151"}],"curies":[{"name":"wp","href":"https:\/\/api.w.org\/{rel}","templated":true}]}}