{"id":3116,"date":"2015-03-04T20:44:54","date_gmt":"2015-03-04T19:44:54","guid":{"rendered":"http:\/\/www.ac-germania.com\/?p=3116"},"modified":"2015-03-04T20:44:54","modified_gmt":"2015-03-04T19:44:54","slug":"erste-infos-zur-bundesliga","status":"publish","type":"post","link":"https:\/\/www.ac-germania.com\/?p=3116","title":{"rendered":"Erste Infos zur Bundesliga"},"content":{"rendered":"<p>Vergangenes Wochenende fand in Darmstadt die DRB-Tagung f\u00fcr die Vereine der ersten und zweiten Bundesliga statt. Erstmals nahmen an dieser Tagung auch Vertreter des AC Germania Artern teil.<\/p>\n<p>Nachdem von den Verantwortlichen des DRB ein kurzer R\u00fcckblick sowie die Ehrung der Zweitligameister vorgenommen wurden, begannen die Diskussionen und Einteilung f\u00fcr die kommende Saison.<\/p>\n<p>Der ACG wurde von Coach Michael Getschmann und Lothar Finke vertreten. Wie erwartet k\u00e4mpfen die Germanen in der 2. Bundesliga Nord. Die Saison beginnt am 05. September mit einem Heimkampf gegen das Team aus Markneukirchen. Dabei k\u00f6nnte es zu einem Deja-vu kommen, beim Aufstieg in die Regionalliga 2003 k\u00e4mpften die Germanen auch im ersten Kampf gegen die damals \u00fcberm\u00e4chtigen Vogtl\u00e4nder. Damals gingen die Germanen vor \u00fcber 1000 Zuschauer auf Arterns Freilichtb\u00fchne \u00fcberraschend als Sieger hervor, k\u00e4mpften im weiteren Saisonverlauf aber um den Abstieg.<\/p>\n<p>Da die Liga mit zehn Mannschaften voll best\u00fcckt ist, wird bis zum 19.12. jede Woche gek\u00e4mpft. Au\u00dferdem gibt es am 17. &amp; 18.10 sowie am 07. &amp; 08.11 einen Doppelkampftag wo die Germanen jeweils Samstag und Sonntag antreten m\u00fcssen.<\/p>\n<p>Der Vorjahresmeister RV L\u00fcbtheen hat nicht vom Aufstiegsrecht in die 1. Bundesliga Gebrauch gemacht und wird auch in diesem Jahr in der 2. Bundeliga-Nord vertreten sein. Gegen die starken Mecklenburger haben die Germanen \u00fcbrigens eine makellose Bilanz, in der Regionalligasaison 2012 behielt das Team von Michael Getschmann in beiden Duellen die Oberhand gegen den sp\u00e4teren Meister.<\/p>\n<p>Die meisten Gegner sind allerdings im s\u00e4chsischen Raum ans\u00e4ssig, hier wird es packende Duelle mit den Hochburgen aus Aue, Werdau, Markneukirchen, Greiz, Thalheim, Gelenau und Pausa\/Plauen geben.<\/p>\n<p>Da kann man beim Kr\u00e4ftemessen gegen den KFC Leipzig bereits von einem Derby reden, Leipzig ist mit knapp 110km Anreise die k\u00fcrzeste Strecke f\u00fcr die Germanen.<\/p>\n<p>Der erste Entwurf der Ansetzungen wurde vom DRB bereits an die Vereine ausgeh\u00e4ndigt, da gibt es aber noch die M\u00f6glichkeit der \u00c4nderung durch Antr\u00e4ge der Vereine. Wenn die Paarungen endg\u00fcltig feststehen, k\u00f6nnen diese auf der ACG-Homepage abgerufen werden.<\/p>\n<p><strong>Unsere Gegner in der 2. Bundesliga Nord:<\/strong><\/p>\n<p><a href=\"http:\/\/www.ringen-luebtheen.de\/\" target=\"_blank\">RV L\u00fcbtheen<\/a> (Vorjahresmeister) (247km)<br \/>\n<a href=\"http:\/\/www.aue-ringen.de\/\" target=\"_blank\">FC Erzgebirge Aue<\/a> (199km)<br \/>\n<a href=\"http:\/\/www.ac1897werdau.de\/\" target=\"_blank\">AC 1897 Werdau<\/a> (174km)<br \/>\n<a href=\"http:\/\/www.av-germania.com\/\" target=\"_blank\">AV Germania Markneukirchen<\/a> (242km)<br \/>\n<a href=\"http:\/\/www.rsvgreiz.de\/\" target=\"_blank\">RSV Rotation Greiz<\/a> (166km)<br \/>\n<a href=\"http:\/\/www.kfc-leipzig.de\/\" target=\"_blank\">KFC Leipzig<\/a> (111km)<br \/>\n<a href=\"http:\/\/www.ringen-thalheim.de\/rvt\/\" target=\"_blank\">RV Thalheim<\/a> (187km)<br \/>\n<a href=\"http:\/\/www.rsk-gelenau.de\/\" target=\"_blank\">RSK Gelenau<\/a> (188km)<br \/>\n<a href=\"http:\/\/www.ksv-pausa.de\/\" target=\"_blank\">WKG Pausa\/Plauen<\/a> (164km)<\/p>\n","protected":false},"excerpt":{"rendered":"<p>Vergangenes Wochenende fand in Darmstadt die DRB-Tagung f\u00fcr die Vereine der ersten und zweiten Bundesliga statt. Erstmals nahmen an dieser Tagung auch Vertreter des AC Germania Artern teil. Nachdem von den Verantwortlichen des DRB ein kurzer R\u00fcckblick sowie die Ehrung der Zweitligameister vorgenommen wurden, begannen die Diskussionen und Einteilung f\u00fcr \u2026 <a class=\"continue-reading-link\" href=\"https:\/\/www.ac-germania.com\/?p=3116\">Weiterlesen <span class=\"meta-nav\">&rarr; <\/span><\/a><\/p>\n","protected":false},"author":1,"featured_media":3117,"comment_status":"open","ping_status":"open","sticky":false,"template":"","format":"standard","meta":{"footnotes":""},"categories":[8],"tags":[],"class_list":["post-3116","post","type-post","status-publish","format-standard","has-post-thumbnail","hentry","category-news-2015"],"_links":{"self":[{"href":"https:\/\/www.ac-germania.com\/index.php?rest_route=\/wp\/v2\/posts\/3116","targetHints":{"allow":["GET"]}}],"collection":[{"href":"https:\/\/www.ac-germania.com\/index.php?rest_route=\/wp\/v2\/posts"}],"about":[{"href":"https:\/\/www.ac-germania.com\/index.php?rest_route=\/wp\/v2\/types\/post"}],"author":[{"embeddable":true,"href":"https:\/\/www.ac-germania.com\/index.php?rest_route=\/wp\/v2\/users\/1"}],"replies":[{"embeddable":true,"href":"https:\/\/www.ac-germania.com\/index.php?rest_route=%2Fwp%2Fv2%2Fcomments&post=3116"}],"version-history":[{"count":0,"href":"https:\/\/www.ac-germania.com\/index.php?rest_route=\/wp\/v2\/posts\/3116\/revisions"}],"wp:featuredmedia":[{"embeddable":true,"href":"https:\/\/www.ac-germania.com\/index.php?rest_route=\/wp\/v2\/media\/3117"}],"wp:attachment":[{"href":"https:\/\/www.ac-germania.com\/index.php?rest_route=%2Fwp%2Fv2%2Fmedia&parent=3116"}],"wp:term":[{"taxonomy":"category","embeddable":true,"href":"https:\/\/www.ac-germania.com\/index.php?rest_route=%2Fwp%2Fv2%2Fcategories&post=3116"},{"taxonomy":"post_tag","embeddable":true,"href":"https:\/\/www.ac-germania.com\/index.php?rest_route=%2Fwp%2Fv2%2Ftags&post=3116"}],"curies":[{"name":"wp","href":"https:\/\/api.w.org\/{rel}","templated":true}]}}