{"id":3095,"date":"2015-02-19T17:44:35","date_gmt":"2015-02-19T16:44:35","guid":{"rendered":"http:\/\/www.ac-germania.com\/?p=3095"},"modified":"2015-02-19T17:44:35","modified_gmt":"2015-02-19T16:44:35","slug":"sportlerwahl-titelverteidigerin-katharina-gilewitsch-ist-erneut-dabei","status":"publish","type":"post","link":"https:\/\/www.ac-germania.com\/?p=3095","title":{"rendered":"Sportlerwahl: Titelverteidigerin Katharina Gilewitsch ist erneut dabei"},"content":{"rendered":"<h4><a href=\"http:\/\/artern.thueringer-allgemeine.de\/\" target=\"_blank\">Bericht: Alexander Krospe (Th\u00fcringer Allgemeine)<\/a><\/h4>\n<p>Katharina Gilewitsch aus Bad Frankenhausen ist in Sachen Sportlerwahl fast schon ein alter Hase. Im Vorjahr wurde die Ringerin vom AC Germania Artern nach ihrer Silbermedaille bei der deutschen Meisterschaft bereits zur beliebtesten Nachwuchssportlerin des Jahres im Kyffh\u00e4userkreis gew\u00e4hlt und auch in diesem Jahr ist die 14-J\u00e4hrige wieder nominiert worden.<\/p>\n<div id=\"attachment_3087\" style=\"width: 810px\" class=\"wp-caption alignnone\"><img loading=\"lazy\" decoding=\"async\" aria-describedby=\"caption-attachment-3087\" class=\"wp-image-3087 size-full\" src=\"https:\/\/www.ac-germania.com\/A_ACG\/wordpress\/wp-content\/uploads\/2015\/02\/2015-02-12-004.jpg\" alt=\"2015-02-12-004\" width=\"800\" height=\"395\" srcset=\"https:\/\/www.ac-germania.com\/A_ACG\/wordpress\/wp-content\/uploads\/2015\/02\/2015-02-12-004.jpg 800w, https:\/\/www.ac-germania.com\/A_ACG\/wordpress\/wp-content\/uploads\/2015\/02\/2015-02-12-004-300x148.jpg 300w, https:\/\/www.ac-germania.com\/A_ACG\/wordpress\/wp-content\/uploads\/2015\/02\/2015-02-12-004-150x74.jpg 150w\" sizes=\"auto, (max-width: 800px) 100vw, 800px\" \/><p id=\"caption-attachment-3087\" class=\"wp-caption-text\">Katharina wurde vergangene Woche in die Nationalmannschaft berufen und erk\u00e4mpfte bei den Klippan Lady Open in Schweden den 8. Platz.<\/p><\/div>\n<p>Die Ehrung im Vorjahr hatte Gilewitsch aufgrund ihres Einsatzes bei der deutschen Meisterschaft in Demmin verpasst, konnte sich aber mit der Bronzemedaille bei diesem Championat tr\u00f6sten, nachdem sie zuvor bereits in Luckenwalde nach vier Siegen in vier K\u00e4mpfen Mitteldeutsche Meisterin bei den weiblichen Sch\u00fclern in der Gewichtsklasse bis 40 Kilogramm geworden war. Bei der deutschen Meisterschaft verlor sie dagegen das Poolfinale gegen Hanna Frotscher (Schaafheim) und verpasste so das Finale.<\/p>\n<p>Dieses erreicht hat Gilewitsch, die seit August 2013 aufs Jenaer Sportgymnasium geht und damit ihrem \u00e4lteren Bruder Alexander folgte, beim international besetzten Brandenburg-Cup in Frankfurt\/Oder, wo die Frankenh\u00e4userin Silber holte und sich wie bei der deutschen Meisterschaft 2013 im Finale Emilie Haase vom RV Thalheim geschlagen geben musste. Bei der Sportlerwahl\u00a0 will Gilewitsch\u00a0 ihren Titel verteidigen.<\/p>\n<p><strong>Wir w\u00fcrden uns freuen, wenn Sie Katharina und unsere anderen nominierten Sportler sowie Mannschaften mit Ihrer Stimme unterst\u00fctzen w\u00fcrden. VIELEN DANK !<\/strong><\/p>\n","protected":false},"excerpt":{"rendered":"<p>Bericht: Alexander Krospe (Th\u00fcringer Allgemeine) Katharina Gilewitsch aus Bad Frankenhausen ist in Sachen Sportlerwahl fast schon ein alter Hase. Im Vorjahr wurde die Ringerin vom AC Germania Artern nach ihrer Silbermedaille bei der deutschen Meisterschaft bereits zur beliebtesten Nachwuchssportlerin des Jahres im Kyffh\u00e4userkreis gew\u00e4hlt und auch in diesem Jahr ist \u2026 <a class=\"continue-reading-link\" href=\"https:\/\/www.ac-germania.com\/?p=3095\">Weiterlesen <span class=\"meta-nav\">&rarr; <\/span><\/a><\/p>\n","protected":false},"author":1,"featured_media":3087,"comment_status":"open","ping_status":"open","sticky":false,"template":"","format":"standard","meta":{"footnotes":""},"categories":[8],"tags":[],"class_list":["post-3095","post","type-post","status-publish","format-standard","has-post-thumbnail","hentry","category-news-2015"],"_links":{"self":[{"href":"https:\/\/www.ac-germania.com\/index.php?rest_route=\/wp\/v2\/posts\/3095","targetHints":{"allow":["GET"]}}],"collection":[{"href":"https:\/\/www.ac-germania.com\/index.php?rest_route=\/wp\/v2\/posts"}],"about":[{"href":"https:\/\/www.ac-germania.com\/index.php?rest_route=\/wp\/v2\/types\/post"}],"author":[{"embeddable":true,"href":"https:\/\/www.ac-germania.com\/index.php?rest_route=\/wp\/v2\/users\/1"}],"replies":[{"embeddable":true,"href":"https:\/\/www.ac-germania.com\/index.php?rest_route=%2Fwp%2Fv2%2Fcomments&post=3095"}],"version-history":[{"count":0,"href":"https:\/\/www.ac-germania.com\/index.php?rest_route=\/wp\/v2\/posts\/3095\/revisions"}],"wp:featuredmedia":[{"embeddable":true,"href":"https:\/\/www.ac-germania.com\/index.php?rest_route=\/wp\/v2\/media\/3087"}],"wp:attachment":[{"href":"https:\/\/www.ac-germania.com\/index.php?rest_route=%2Fwp%2Fv2%2Fmedia&parent=3095"}],"wp:term":[{"taxonomy":"category","embeddable":true,"href":"https:\/\/www.ac-germania.com\/index.php?rest_route=%2Fwp%2Fv2%2Fcategories&post=3095"},{"taxonomy":"post_tag","embeddable":true,"href":"https:\/\/www.ac-germania.com\/index.php?rest_route=%2Fwp%2Fv2%2Ftags&post=3095"}],"curies":[{"name":"wp","href":"https:\/\/api.w.org\/{rel}","templated":true}]}}