{"id":3082,"date":"2015-02-13T09:32:22","date_gmt":"2015-02-13T08:32:22","guid":{"rendered":"http:\/\/www.ac-germania.com\/?p=3082"},"modified":"2015-02-13T09:32:22","modified_gmt":"2015-02-13T08:32:22","slug":"sportlerwahl-kyffhaeuserkreis-germanen-in-fast-allen-kategorien-vertreten","status":"publish","type":"post","link":"https:\/\/www.ac-germania.com\/?p=3082","title":{"rendered":"Sportlerwahl Kyffh\u00e4userkreis \u2013 Germanen in fast allen Kategorien vertreten"},"content":{"rendered":"<p>Wie jedes Jahr sucht der Kyffh\u00e4user-Kreissportbund die Sportler des Jahres im Kyffh\u00e4userkreis. Im vergangenen Jahr konnte er AC Germania Artern in jeder Kategorie den Sportler bzw. die Sportlerin des Jahres stellen, auch das Regionalligateam sowie die Jugendmannschaft sicherten sich die meisten Stimmen. \u201eAuf dieses Ergebnis bin ich sehr Stolz, es zeigt wie bekannt und beliebt der ACG in der Kyffh\u00e4userregion ist. Jedes Vereinsmitglied hat dazu seinen Teil beigetragen.\u201c freute sich ACG-Pr\u00e4sident Gerd Pillep nach der Wahl im vergangenem Jahr.<\/p>\n<p>Seit der letzten Wahl ist viel passiert im Verein, nach zahlreichen Einzelwettk\u00e4mpfen sowie internationalen Jugendma\u00dfnahmen war das Highlight nat\u00fcrlich der Aufstieg der M\u00e4nnermannschaft in die 2. Bundesliga. Damit ist die <a href=\"https:\/\/www.ac-germania.com\/?page_id=2584\">Meistermannschaft<\/a> nat\u00fcrlich wieder Haushoher Favorit bei der Wahl zur beliebtesten Mannschaft im Kyffh\u00e4userkreis.<\/p>\n<div id=\"attachment_3083\" style=\"width: 810px\" class=\"wp-caption alignnone\"><img loading=\"lazy\" decoding=\"async\" aria-describedby=\"caption-attachment-3083\" class=\"wp-image-3083 size-full\" src=\"https:\/\/www.ac-germania.com\/A_ACG\/wordpress\/wp-content\/uploads\/2015\/02\/2015-02-12-002.jpg\" alt=\"2015-02-12-002\" width=\"800\" height=\"395\" srcset=\"https:\/\/www.ac-germania.com\/A_ACG\/wordpress\/wp-content\/uploads\/2015\/02\/2015-02-12-002.jpg 800w, https:\/\/www.ac-germania.com\/A_ACG\/wordpress\/wp-content\/uploads\/2015\/02\/2015-02-12-002-300x148.jpg 300w, https:\/\/www.ac-germania.com\/A_ACG\/wordpress\/wp-content\/uploads\/2015\/02\/2015-02-12-002-150x74.jpg 150w\" sizes=\"auto, (max-width: 800px) 100vw, 800px\" \/><p id=\"caption-attachment-3083\" class=\"wp-caption-text\">Die Meistermannschaft! Sie bescherte dem Kyffh\u00e4userkreis die erste Bundesligateilnahme!<\/p><\/div>\n<p>Einen gro\u00dfen Anteil an diesem Erfolg hatte auch Publikumsliebling Juan Nguyen, er zeigte in jedem Kampf gro\u00dfen Einsatz und spektakul\u00e4re Aktionen. Juan blieb in jedem ausgetragenen Kampf unbesiegt und wurde vom Verein damit f\u00fcr die Kategorie \u201eSportler des Jahres\u201c nominiert.<\/p>\n<div id=\"attachment_3084\" style=\"width: 810px\" class=\"wp-caption alignnone\"><img loading=\"lazy\" decoding=\"async\" aria-describedby=\"caption-attachment-3084\" class=\"wp-image-3084 size-full\" src=\"https:\/\/www.ac-germania.com\/A_ACG\/wordpress\/wp-content\/uploads\/2015\/02\/2015-02-12-003.jpg\" alt=\"2015-02-12-003\" width=\"800\" height=\"553\" srcset=\"https:\/\/www.ac-germania.com\/A_ACG\/wordpress\/wp-content\/uploads\/2015\/02\/2015-02-12-003.jpg 800w, https:\/\/www.ac-germania.com\/A_ACG\/wordpress\/wp-content\/uploads\/2015\/02\/2015-02-12-003-300x207.jpg 300w, https:\/\/www.ac-germania.com\/A_ACG\/wordpress\/wp-content\/uploads\/2015\/02\/2015-02-12-003-150x104.jpg 150w\" sizes=\"auto, (max-width: 800px) 100vw, 800px\" \/><p id=\"caption-attachment-3084\" class=\"wp-caption-text\">Juan Nguyen verzauberte die Arterner Fans mit Lehrbuchhaften Freistilaktionen!<\/p><\/div>\n<p>Bei den Nachwuchsmannschaften stehen erneut die Germanen-Youngster um die Trainer Gerhard G\u00fcnther, Marcel M\u00fcnchhoff, Stefan Grimm und Michael Kinitz auf den Stimmzetteln. Als \u201eNachwuchssportler\u201c schickt der ACG Ole Getschmann ins Rennen.<\/p>\n<div id=\"attachment_3085\" style=\"width: 810px\" class=\"wp-caption alignnone\"><img loading=\"lazy\" decoding=\"async\" aria-describedby=\"caption-attachment-3085\" class=\"wp-image-3085 size-full\" src=\"https:\/\/www.ac-germania.com\/A_ACG\/wordpress\/wp-content\/uploads\/2015\/02\/2015-02-12-001.jpg\" alt=\"2015-02-12-001\" width=\"800\" height=\"398\" srcset=\"https:\/\/www.ac-germania.com\/A_ACG\/wordpress\/wp-content\/uploads\/2015\/02\/2015-02-12-001.jpg 800w, https:\/\/www.ac-germania.com\/A_ACG\/wordpress\/wp-content\/uploads\/2015\/02\/2015-02-12-001-300x149.jpg 300w, https:\/\/www.ac-germania.com\/A_ACG\/wordpress\/wp-content\/uploads\/2015\/02\/2015-02-12-001-150x75.jpg 150w\" sizes=\"auto, (max-width: 800px) 100vw, 800px\" \/><p id=\"caption-attachment-3085\" class=\"wp-caption-text\">Die ACG-Youngster vertraten den Verein erfolgreich auf zahlreichen Turnieren.<\/p><\/div>\n<div id=\"attachment_3088\" style=\"width: 810px\" class=\"wp-caption alignnone\"><img loading=\"lazy\" decoding=\"async\" aria-describedby=\"caption-attachment-3088\" class=\"wp-image-3088 size-full\" src=\"https:\/\/www.ac-germania.com\/A_ACG\/wordpress\/wp-content\/uploads\/2015\/02\/2015-02-12-005.jpg\" alt=\"2015-02-12-005\" width=\"800\" height=\"387\" srcset=\"https:\/\/www.ac-germania.com\/A_ACG\/wordpress\/wp-content\/uploads\/2015\/02\/2015-02-12-005.jpg 800w, https:\/\/www.ac-germania.com\/A_ACG\/wordpress\/wp-content\/uploads\/2015\/02\/2015-02-12-005-300x145.jpg 300w, https:\/\/www.ac-germania.com\/A_ACG\/wordpress\/wp-content\/uploads\/2015\/02\/2015-02-12-005-150x73.jpg 150w\" sizes=\"auto, (max-width: 800px) 100vw, 800px\" \/><p id=\"caption-attachment-3088\" class=\"wp-caption-text\">Ole Getschmann sicherte sich im Januar den Landesmeistertitel der A-Jugend.<\/p><\/div>\n<p>Sportsch\u00fclerin Katharina Gilewitsch erk\u00e4mpfte 2014 bei den weiblichen Sch\u00fclern die Bronzemedaille bei den Deutschen Meisterschaften und darf sich \u00fcber die Nominierung bei den \u201eNachwuchssportlerinnen\u201c freuen.<\/p>\n<div id=\"attachment_3087\" style=\"width: 810px\" class=\"wp-caption alignnone\"><img loading=\"lazy\" decoding=\"async\" aria-describedby=\"caption-attachment-3087\" class=\"wp-image-3087 size-full\" src=\"https:\/\/www.ac-germania.com\/A_ACG\/wordpress\/wp-content\/uploads\/2015\/02\/2015-02-12-004.jpg\" alt=\"2015-02-12-004\" width=\"800\" height=\"395\" srcset=\"https:\/\/www.ac-germania.com\/A_ACG\/wordpress\/wp-content\/uploads\/2015\/02\/2015-02-12-004.jpg 800w, https:\/\/www.ac-germania.com\/A_ACG\/wordpress\/wp-content\/uploads\/2015\/02\/2015-02-12-004-300x148.jpg 300w, https:\/\/www.ac-germania.com\/A_ACG\/wordpress\/wp-content\/uploads\/2015\/02\/2015-02-12-004-150x74.jpg 150w\" sizes=\"auto, (max-width: 800px) 100vw, 800px\" \/><p id=\"caption-attachment-3087\" class=\"wp-caption-text\">Katharina Gilewitsch \u00fcberzeugte 2014 mit der Bronzemedaille bei den Deutschen Meisterschaften.<\/p><\/div>\n<p>In den kommenden Wochen werden wir in Zusammenarbeit mit der Th\u00fcringer Allgemeine unsere Kandidaten im Detail vorstellen, au\u00dferdem finden Sie die Stimmzettel in den Tagesausgaben der Th\u00fcringer Allgemeine. Die Auszeichnungsveranstaltung findet am 20.03. genau wie in den Vorjahren am Burghof Kyffh\u00e4user statt.<\/p>\n<p><strong>Wir sind froh auch in diesem Jahr Teil der Abstimmung zu sein und bedanken uns schon jetzt f\u00fcr jede Stimme.<\/strong><\/p>\n","protected":false},"excerpt":{"rendered":"<p>Wie jedes Jahr sucht der Kyffh\u00e4user-Kreissportbund die Sportler des Jahres im Kyffh\u00e4userkreis. Im vergangenen Jahr konnte er AC Germania Artern in jeder Kategorie den Sportler bzw. die Sportlerin des Jahres stellen, auch das Regionalligateam sowie die Jugendmannschaft sicherten sich die meisten Stimmen. \u201eAuf dieses Ergebnis bin ich sehr Stolz, es \u2026 <a class=\"continue-reading-link\" href=\"https:\/\/www.ac-germania.com\/?p=3082\">Weiterlesen <span class=\"meta-nav\">&rarr; <\/span><\/a><\/p>\n","protected":false},"author":1,"featured_media":3085,"comment_status":"open","ping_status":"open","sticky":false,"template":"","format":"standard","meta":{"footnotes":""},"categories":[8],"tags":[],"class_list":["post-3082","post","type-post","status-publish","format-standard","has-post-thumbnail","hentry","category-news-2015"],"_links":{"self":[{"href":"https:\/\/www.ac-germania.com\/index.php?rest_route=\/wp\/v2\/posts\/3082","targetHints":{"allow":["GET"]}}],"collection":[{"href":"https:\/\/www.ac-germania.com\/index.php?rest_route=\/wp\/v2\/posts"}],"about":[{"href":"https:\/\/www.ac-germania.com\/index.php?rest_route=\/wp\/v2\/types\/post"}],"author":[{"embeddable":true,"href":"https:\/\/www.ac-germania.com\/index.php?rest_route=\/wp\/v2\/users\/1"}],"replies":[{"embeddable":true,"href":"https:\/\/www.ac-germania.com\/index.php?rest_route=%2Fwp%2Fv2%2Fcomments&post=3082"}],"version-history":[{"count":0,"href":"https:\/\/www.ac-germania.com\/index.php?rest_route=\/wp\/v2\/posts\/3082\/revisions"}],"wp:featuredmedia":[{"embeddable":true,"href":"https:\/\/www.ac-germania.com\/index.php?rest_route=\/wp\/v2\/media\/3085"}],"wp:attachment":[{"href":"https:\/\/www.ac-germania.com\/index.php?rest_route=%2Fwp%2Fv2%2Fmedia&parent=3082"}],"wp:term":[{"taxonomy":"category","embeddable":true,"href":"https:\/\/www.ac-germania.com\/index.php?rest_route=%2Fwp%2Fv2%2Fcategories&post=3082"},{"taxonomy":"post_tag","embeddable":true,"href":"https:\/\/www.ac-germania.com\/index.php?rest_route=%2Fwp%2Fv2%2Ftags&post=3082"}],"curies":[{"name":"wp","href":"https:\/\/api.w.org\/{rel}","templated":true}]}}