{"id":308,"date":"2013-02-08T17:35:36","date_gmt":"2013-02-08T15:35:36","guid":{"rendered":"http:\/\/www.ac-germania.com\/A_ACG\/wordpress\/?p=308"},"modified":"2013-02-08T17:35:36","modified_gmt":"2013-02-08T15:35:36","slug":"wichtiger-wegweiser","status":"publish","type":"post","link":"https:\/\/www.ac-germania.com\/?p=308","title":{"rendered":"Wichtiger Wegweiser"},"content":{"rendered":"<p>In Frankfurt\/Oder finden morgen die Mitteldeutschen Ringer-Meisterschaften\u00a0 und die Tagung zur Ligeneinteilung statt.<\/p>\n<p>Seinen 30. Geburtstag am Samstag kann Stephan Knopf nicht genie\u00dfen. Zumindest vorerst nicht. Denn bis zum Nachmittag ist der Athlet vom AC Germania Artern bei den Mitteldeutschen Meisterschaften der M\u00e4nner im Freistil und im griechisch-r\u00f6mischen Stil in Frankfurt\/Oder gefragt.<\/p>\n<p>\u201eWir reisen bereits Freitag an, um Samstag ausgeruht auf die Matte gehen zu k\u00f6nnen. Und dann muss ich an meinem Geburtstag auch nicht so fr\u00fch aufstehen\u201c, scherzt Knopf (60 kg). Gemeinsam mit Jan Gabor Scholz (55 kg) und AC-Trainer Michael Getschmann wird \u201eKn\u00f6pfchen\u201c den Weg in die gro\u00dfe und moderne Brandenburghalle auf sich nehmen. Ein Fragezeichen steht noch hinter dem Einsatz von Schwerathlet Daniel Geist (120 kg). Zumindest sein Start ist ebenso geplant wie jener von zahlreichen bekannten Athleten. \u201eDas Feld wird sehr stark eingesch\u00e4tzt. Wir erwarten viele Ringer aus dem Bundesliga- beziehungsweise Nationalkader. Das Ziel ist eine Medaille\u201c, \u00fcbt sich Knopf in Zur\u00fcckhaltung.<\/p>\n<p>Fast wichtiger als die Ergebnisse der Arterner Sportler ist das Resultat der Tagung des Ligaverbandes, die ebenfalls am Samstag in Frankfurt\/Oder durchgef\u00fchrt wird. Dort treffen sich Vereinsvertreter sowie die Verantwortlichen der Landesverb\u00e4nde, um \u00fcber die Zukunft der Landes- beziehungsweise Regionalligen zu beraten. Aus diesem Grund ist Getschmann quasi auch in doppelter Mission unterwegs. Nach dem Aufstieg von Regionalligameister RV L\u00fcbtheen darf auch Thalheim 2013 in der zweiten Liga starten. Damit ist zugleich die zweij\u00e4hrige Aufstiegssperre, die die Sachsen nach ihrem freiwilligen R\u00fcckzug aus der ersten Liga auferlegt bekamen, nun hinf\u00e4llig. Dagegen steigt die Reserve der Wettkampfgemeinschaftt Leipzig\/Taucha freiwillig ab. Somit besteht die Regionalliga Mitteldeutschland momentan erst aus f\u00fcnf Mannschaften.<\/p>\n<p>Da auch die Oberliga-Meister aus Sachsen (Lugau) und Th\u00fcringen (Zella-Mehlis) aufgrund des gro\u00dfen Kostenunterschiedes zwischen Ober- und Regionalliga nicht aufsteigen wollen, m\u00fcssen die Verbandsoberen nun eine L\u00f6sung finden. Gehofft wird noch auf die Meldung vom SC Roland Hamburg (Erster der Oberliga Nord\/Ost) und des SAV Torgelow.<\/p>\n<p>Entsprechend genau werden auch die Arterner Germanen auf die Zukunft der Regionalliga und folglich auf ihre eigene schauen. Mit dem m\u00f6glichen Fall, dass keine Regionalliga zustande kommt, wollen sie sich noch nicht besch\u00e4ftigen. Vielmehr hoffen sie sicher auf ein doppeltes Geburtstagsgeschenk f\u00fcr Stephan Knopf.<\/p>\n","protected":false},"excerpt":{"rendered":"<p>In Frankfurt\/Oder finden morgen die Mitteldeutschen Ringer-Meisterschaften\u00a0 und die Tagung zur Ligeneinteilung statt. Seinen 30. Geburtstag am Samstag kann Stephan Knopf nicht genie\u00dfen. Zumindest vorerst nicht. Denn bis zum Nachmittag ist der Athlet vom AC Germania Artern bei den Mitteldeutschen Meisterschaften der M\u00e4nner im Freistil und im griechisch-r\u00f6mischen Stil in \u2026 <a class=\"continue-reading-link\" href=\"https:\/\/www.ac-germania.com\/?p=308\">Weiterlesen <span class=\"meta-nav\">&rarr; <\/span><\/a><\/p>\n","protected":false},"author":1,"featured_media":0,"comment_status":"open","ping_status":"open","sticky":false,"template":"","format":"standard","meta":{"footnotes":""},"categories":[4],"tags":[],"class_list":["post-308","post","type-post","status-publish","format-standard","hentry","category-news-2013"],"_links":{"self":[{"href":"https:\/\/www.ac-germania.com\/index.php?rest_route=\/wp\/v2\/posts\/308","targetHints":{"allow":["GET"]}}],"collection":[{"href":"https:\/\/www.ac-germania.com\/index.php?rest_route=\/wp\/v2\/posts"}],"about":[{"href":"https:\/\/www.ac-germania.com\/index.php?rest_route=\/wp\/v2\/types\/post"}],"author":[{"embeddable":true,"href":"https:\/\/www.ac-germania.com\/index.php?rest_route=\/wp\/v2\/users\/1"}],"replies":[{"embeddable":true,"href":"https:\/\/www.ac-germania.com\/index.php?rest_route=%2Fwp%2Fv2%2Fcomments&post=308"}],"version-history":[{"count":0,"href":"https:\/\/www.ac-germania.com\/index.php?rest_route=\/wp\/v2\/posts\/308\/revisions"}],"wp:attachment":[{"href":"https:\/\/www.ac-germania.com\/index.php?rest_route=%2Fwp%2Fv2%2Fmedia&parent=308"}],"wp:term":[{"taxonomy":"category","embeddable":true,"href":"https:\/\/www.ac-germania.com\/index.php?rest_route=%2Fwp%2Fv2%2Fcategories&post=308"},{"taxonomy":"post_tag","embeddable":true,"href":"https:\/\/www.ac-germania.com\/index.php?rest_route=%2Fwp%2Fv2%2Ftags&post=308"}],"curies":[{"name":"wp","href":"https:\/\/api.w.org\/{rel}","templated":true}]}}