{"id":3059,"date":"2015-02-01T12:43:07","date_gmt":"2015-02-01T11:43:07","guid":{"rendered":"http:\/\/www.ac-germania.com\/?p=3059"},"modified":"2015-02-01T12:43:07","modified_gmt":"2015-02-01T11:43:07","slug":"zwei-medaillen-bei-den-mitteldeutschen-meisterschaften-fuer-den-acg","status":"publish","type":"post","link":"https:\/\/www.ac-germania.com\/?p=3059","title":{"rendered":"Zwei Medaillen bei den Mitteldeutschen Meisterschaften f\u00fcr den ACG"},"content":{"rendered":"<p>Die Athleten der Altersklassen B-Jugend und Junioren hatten nach den Landesmeisterschaften vergangenes Wochenende in Halle nur eine Woche Vorbereitungszeit auf den n\u00e4chsten Wettkampfh\u00f6hepunkt. Auf dem Plan standen die Mitteldeutschen-Meisterschaften in beiden Stilarten in Plauen.<\/p>\n<div id=\"attachment_3060\" style=\"width: 810px\" class=\"wp-caption alignnone\"><img loading=\"lazy\" decoding=\"async\" aria-describedby=\"caption-attachment-3060\" class=\"wp-image-3060 size-full\" src=\"https:\/\/www.ac-germania.com\/A_ACG\/wordpress\/wp-content\/uploads\/2015\/02\/2015-02-01-001.jpg\" alt=\"2015-02-01-001\" width=\"800\" height=\"530\" srcset=\"https:\/\/www.ac-germania.com\/A_ACG\/wordpress\/wp-content\/uploads\/2015\/02\/2015-02-01-001.jpg 800w, https:\/\/www.ac-germania.com\/A_ACG\/wordpress\/wp-content\/uploads\/2015\/02\/2015-02-01-001-300x199.jpg 300w, https:\/\/www.ac-germania.com\/A_ACG\/wordpress\/wp-content\/uploads\/2015\/02\/2015-02-01-001-150x99.jpg 150w\" sizes=\"auto, (max-width: 800px) 100vw, 800px\" \/><p id=\"caption-attachment-3060\" class=\"wp-caption-text\">Teilnehmerfeld der Mitteldeutschen Meisterschaften 2015 in Plauen. (Bild: ASV Plauen)<\/p><\/div>\n<p>Aus unterschiedlichsten Gr\u00fcnden stellte der AC Germania \u201enur\u201c f\u00fcnf Sportler in beiden Altersklassen. Als Betreuer fungierte dieses Mal Tim Walther, er konnte aufgrund einer Verletzung selbst nicht ins Wettkampfgeschehen eingreifen.<\/p>\n<p>Bei den Junioren r\u00fcckte Doppellandesmeister Anulak Eisenhardt (60kg\/GR) eine Gewichts- und Altersklasse auf um wichtige Wettkampferfahrung zu sammeln. \u201eWeb\u201c k\u00e4mpfte gegen die \u00e4lteren und physisch st\u00e4rkeren Athleten gut mit, musste sich aber zweimal geschlagen geben und wurde am Ende dritter. Sehenswert war der Kampf gegen den Plauener Cedric Riedel, hier bekamen die Zuschauer insgesamt 42(!) Wertungspunkte und teils spektakul\u00e4re W\u00fcrfe von beiden Sportler zu sehen.<\/p>\n<div id=\"attachment_3061\" style=\"width: 810px\" class=\"wp-caption alignnone\"><img loading=\"lazy\" decoding=\"async\" aria-describedby=\"caption-attachment-3061\" class=\"wp-image-3061 size-full\" src=\"https:\/\/www.ac-germania.com\/A_ACG\/wordpress\/wp-content\/uploads\/2015\/02\/2015-02-01-002.jpg\" alt=\"2015-02-01-002\" width=\"800\" height=\"447\" srcset=\"https:\/\/www.ac-germania.com\/A_ACG\/wordpress\/wp-content\/uploads\/2015\/02\/2015-02-01-002.jpg 800w, https:\/\/www.ac-germania.com\/A_ACG\/wordpress\/wp-content\/uploads\/2015\/02\/2015-02-01-002-300x168.jpg 300w, https:\/\/www.ac-germania.com\/A_ACG\/wordpress\/wp-content\/uploads\/2015\/02\/2015-02-01-002-150x84.jpg 150w\" sizes=\"auto, (max-width: 800px) 100vw, 800px\" \/><p id=\"caption-attachment-3061\" class=\"wp-caption-text\">Anulak Eisenhardt (blau) im Kampf gegen Cedric Riedel. (Foto: ASV Plauen)<\/p><\/div>\n<p>Ein weiterer Aufw\u00e4rtstrend war auch bei Nick Ratayczak (74kg\/GR) zu erkennen, nach zwei Auftaktniederlagen k\u00e4mpfte sich Nick mit einem Punktsieg \u00fcber Sascha Giese (Zella-Mehlis) und technisch \u00dcberlegen gegen Lucas Fauth (Berlin) zur\u00fcck ins Turnier. Im Kampf um Platz 3 musste sich Nick dem Magdeburger Dennis Guillon geschlagen geben und wurde am Ende vierter. Sportsch\u00fcler Alexander Gilewitsch (84kg\/FR) musste sich nur im Finale seinem Dauerrivalen Robin K\u00f6nig vom KFC Leipzig geschlagen geben und wurde Vizemeister.<\/p>\n<p>Einen schweren Stand hatten die beiden B-Jugendlichen Georg Schulz (42kg\/FR) und Jan Erik Reinhardt (69kg\/FR). In ihren stark besetzten Gewichtsklassen konnten sich beide ACG-Youngster dieses Mal nicht unter den Top-3 Platzieren, trugen aber mit ihren vierten und achten Platz zum guten Gesamtergebnis bei.<\/p>\n<p>Der Landesverband Sachsen-Anhalt, f\u00fcr welchen die Germanen starten belegte unter allen teilnehmenden Verb\u00e4nden einen hervorragenden zweiten Platz, damit ist auch hier ein deutlicher Aufw\u00e4rtstrend in der Nachwuchsarbeit zu erkennen.<\/p>\n<p><strong>Die Platzierungen unserer Starter im \u00dcberblick:<\/strong><\/p>\n<p><strong>B-Jugend (FR)<\/strong><\/p>\n<p>42kg Georg Schulz | 8. Platz<br \/>\n69kg Jan Erik Reinhardt | 4. Platz<\/p>\n<p><strong>Junioren (GR)<\/strong><\/p>\n<p>60kg Anulak Eisenhardt | 3. Platz<br \/>\n74kg Nick Ratayczak | 4. Platz<\/p>\n<p><strong>Junioren (Freistil)<\/strong><\/p>\n<p>84kg Alexander Gilewitsch | 2. Platz<\/p>\n","protected":false},"excerpt":{"rendered":"<p>Die Athleten der Altersklassen B-Jugend und Junioren hatten nach den Landesmeisterschaften vergangenes Wochenende in Halle nur eine Woche Vorbereitungszeit auf den n\u00e4chsten Wettkampfh\u00f6hepunkt. Auf dem Plan standen die Mitteldeutschen-Meisterschaften in beiden Stilarten in Plauen. Aus unterschiedlichsten Gr\u00fcnden stellte der AC Germania \u201enur\u201c f\u00fcnf Sportler in beiden Altersklassen. Als Betreuer fungierte \u2026 <a class=\"continue-reading-link\" href=\"https:\/\/www.ac-germania.com\/?p=3059\">Weiterlesen <span class=\"meta-nav\">&rarr; <\/span><\/a><\/p>\n","protected":false},"author":1,"featured_media":3061,"comment_status":"open","ping_status":"open","sticky":false,"template":"","format":"standard","meta":{"footnotes":""},"categories":[8],"tags":[],"class_list":["post-3059","post","type-post","status-publish","format-standard","has-post-thumbnail","hentry","category-news-2015"],"_links":{"self":[{"href":"https:\/\/www.ac-germania.com\/index.php?rest_route=\/wp\/v2\/posts\/3059","targetHints":{"allow":["GET"]}}],"collection":[{"href":"https:\/\/www.ac-germania.com\/index.php?rest_route=\/wp\/v2\/posts"}],"about":[{"href":"https:\/\/www.ac-germania.com\/index.php?rest_route=\/wp\/v2\/types\/post"}],"author":[{"embeddable":true,"href":"https:\/\/www.ac-germania.com\/index.php?rest_route=\/wp\/v2\/users\/1"}],"replies":[{"embeddable":true,"href":"https:\/\/www.ac-germania.com\/index.php?rest_route=%2Fwp%2Fv2%2Fcomments&post=3059"}],"version-history":[{"count":0,"href":"https:\/\/www.ac-germania.com\/index.php?rest_route=\/wp\/v2\/posts\/3059\/revisions"}],"wp:featuredmedia":[{"embeddable":true,"href":"https:\/\/www.ac-germania.com\/index.php?rest_route=\/wp\/v2\/media\/3061"}],"wp:attachment":[{"href":"https:\/\/www.ac-germania.com\/index.php?rest_route=%2Fwp%2Fv2%2Fmedia&parent=3059"}],"wp:term":[{"taxonomy":"category","embeddable":true,"href":"https:\/\/www.ac-germania.com\/index.php?rest_route=%2Fwp%2Fv2%2Fcategories&post=3059"},{"taxonomy":"post_tag","embeddable":true,"href":"https:\/\/www.ac-germania.com\/index.php?rest_route=%2Fwp%2Fv2%2Ftags&post=3059"}],"curies":[{"name":"wp","href":"https:\/\/api.w.org\/{rel}","templated":true}]}}