{"id":3023,"date":"2015-01-02T11:51:26","date_gmt":"2015-01-02T10:51:26","guid":{"rendered":"http:\/\/www.ac-germania.com\/?p=3023"},"modified":"2015-01-02T11:51:26","modified_gmt":"2015-01-02T10:51:26","slug":"nach-zweitliga-aufstieg-artern-braucht-neuen-vereinspraesidenten","status":"publish","type":"post","link":"https:\/\/www.ac-germania.com\/?p=3023","title":{"rendered":"Nach Zweitliga-Aufstieg:  Artern braucht  neuen Vereinspr\u00e4sidenten"},"content":{"rendered":"<p>Der ACG-Vorsitzende\u00a0 Gerd Pillep stellt sich nach 45 Jahren bei der n\u00e4chsten Mitgliederversammlung nicht\u00a0 zur Wiederwahl<\/p>\n<h5>Das Interview wurde gef\u00fchrt von: <a href=\"http:\/\/artern.thueringer-allgemeine.de\/\" target=\"_blank\">Alexander Krospe (Th\u00fcringer Allgemeine)<\/a><\/h5>\n<div id=\"attachment_3029\" style=\"width: 523px\" class=\"wp-caption aligncenter\"><img loading=\"lazy\" decoding=\"async\" aria-describedby=\"caption-attachment-3029\" class=\"wp-image-3029 size-full\" src=\"https:\/\/www.ac-germania.com\/A_ACG\/wordpress\/wp-content\/uploads\/2014\/12\/2015-01-02-001.jpg\" alt=\"2015-01-02-001\" width=\"513\" height=\"196\" srcset=\"https:\/\/www.ac-germania.com\/A_ACG\/wordpress\/wp-content\/uploads\/2014\/12\/2015-01-02-001.jpg 513w, https:\/\/www.ac-germania.com\/A_ACG\/wordpress\/wp-content\/uploads\/2014\/12\/2015-01-02-001-300x115.jpg 300w, https:\/\/www.ac-germania.com\/A_ACG\/wordpress\/wp-content\/uploads\/2014\/12\/2015-01-02-001-150x57.jpg 150w\" sizes=\"auto, (max-width: 513px) 100vw, 513px\" \/><p id=\"caption-attachment-3029\" class=\"wp-caption-text\">ACG-Pr\u00e4sident Gerd Pillep (r) mit Meistertrainer Michael Getschmann (l) nach dem letzten Kampf gegen Lugau.<\/p><\/div>\n<p>&nbsp;<\/p>\n<p><strong>Gerd Pillep, die Weihnachtsfeiertage d\u00fcrften Sie nach dem Aufstieg des AC Germania Artern in die 2. Ringer-Bundesliga sehr genossen haben. Was haben Sie beim gr\u00f6\u00dften Erfolg der Vereinsgeschichte gef\u00fchlt?<\/strong><\/p>\n<p><em>Das ist ein Riesenerfolg, der viele V\u00e4ter hat und f\u00fcr den sehr viele Menschen verantwortlich sind.\u00a0\u00a0 In unserem Verein haben wir eine besondere F\u00fclle an Helfern. Da sitzen viele\u00a0\u00a0 in einem Boot. Aber ich sage bewusst, dass es ein Riesenerfolg ist. Gegen die Bezeichnung \u201eGr\u00f6\u00dfter Erfolg der Vereinsgeschichte\u201c wehre ich mich. Es ist einer der vielen sch\u00f6nen Erfolge und H\u00f6hepunkte. Ein weiterer war zum Beispiel der Gewinn der deutschen Meisterschaft mit der Nachwuchsmannschaft im Jahr 2003. Da waren wir die Besten der gesamten Bundesrepublik.<\/em><\/p>\n<p><strong>Was bedeutet der Aufstieg f\u00fcr Artern und speziell den AC Germania?<\/strong><\/p>\n<p><em>Das bedeutet vor allem, dass sich alle Mitstreiter noch mehr strecken\u00a0 m\u00fcssen.\u00a0 Wir wissen, dass das eine verdammt harte Herausforderung wird, in finanzieller, aber auch in sportlicher Hinsicht.<\/em><\/p>\n<p><strong>Um welchen Betrag muss der AC Germania\u00a0 seinen Etat f\u00fcr die 2.\u00a0 Bundesliga aufstocken?<\/strong><\/p>\n<p><em>An einer genauen Zahl l\u00e4sst sich das schwer festmachen. Aber mindestens 30 Prozent mehr Etat muss man schon rechnen.<\/em><\/p>\n<p><strong>Wie holt man das Geld rein? M\u00fcssen sich die Zuschauer auf h\u00f6here Eintrittspreise einstellen?<\/strong><\/p>\n<p><em>Ja, die Eintrittspreise k\u00f6nnen erh\u00f6ht werden. Wir wollen uns da an den Preisen der Vereine aus dem Umfeld orientieren, die ebenfalls in der zweiten Liga ringen. Von bisher drei Euro wird wohl eine Erh\u00f6hung auf f\u00fcnf Euro stattfinden. Ich denke, das sind immer noch sehr moderate Preise.<\/em><\/p>\n<p><strong>F\u00fcr die 2. Bundesliga wird die Unstruthalle nicht den Anforderungen des deutschen Ringerbundes entsprechen. Wie soll diese Problematik angegangen werden?<\/strong><\/p>\n<p><em>Die Halle entspricht in der Tat nicht den Voraussetzungen des Bundesliga-Reglements. Es gibt aber die M\u00f6glichkeit der Sonderregelung und die wollen wir wahrnehmen. Wir werden einen Antrag stellen und das m\u00fcsste dann auch funktionieren. Wir sind ein Verein, der von unten nach oben kommt, da sollte das eigentlich kein Problem sein.<\/em><\/p>\n<p><strong>Wird ungeachtet dessen etwas an der Halle passieren?<\/strong><\/p>\n<p><em>Es gibt ein paar Tr\u00fcmpfe. Die Eing\u00e4nge und Notausg\u00e4nge\u00a0 reichen nicht aus f\u00fcr so viele Zuschauer. Da sind wir dran, das etwas passiert. Die Halle an sich ist ein relativ hohles Wesen. Es ist nur ein bestimmtes Volumen da. Beispielsweise eine Wand rauszurei\u00dfen, ist nicht billig. Mehr aus der Halle\u00a0 zu machen, ist also keine kostenbillige Variante.<\/em><\/p>\n<p><strong>Wie soll das finanziert werden?<\/strong><\/p>\n<p><em>Kyffh\u00e4user-Kreissportbund-Pr\u00e4sident Dr. Andreas R\u00e4uber hat ja gl\u00fccklicherweise bereits seine Unterst\u00fctzung zugesagt. Allerdings sind wir relativ sp\u00e4t dran. Die F\u00f6rdermittel f\u00fcr 2015 sind schon\u00a0 zu gro\u00dfen Teilen vergeben. Aber wir konnten den Aufstieg ja nicht ahnen.\u00a0\u00a0 Deshalb sind Sponsoren und Unternehmen gern gesehen. Es muss ja kein Geldbetrag sein, der uns hilft, sondern auch Materialien oder die handwerkliche Arbeit. Bisher haben unsere Aktivit\u00e4ten viel gebracht. Thomas Grosche und Steffen Knoll knien sich in das Thema rein. Letztendlich sollen die Hallenma\u00dfnahmen ja nicht nur f\u00fcr ein Jahr, sondern f\u00fcr l\u00e4nger sein. In dem Zusammenhang muss man auch sagen, dass uns die Stadt Artern sehr viel hilft und wirtschaftlich ebenfalls entgegen kommt. Im Januar haben wir wahrscheinlich auch eine Besprechung mit der Stadt wegen der Halle.<\/em><\/p>\n<p><strong>Wie wird der Kader in der n\u00e4chsten Saison aussehen?<\/strong><\/p>\n<p><em>Klar ist, dass wir einen leistungsst\u00e4rkeren Kader in der 2. Bundesliga brauchen. Aber wir wollen auf keinen Fall ohne unsere Eigengew\u00e4chse in die 2. Bundesliga gehen. Die sollen ihre Eins\u00e4tze und Erfahrungen bekommen. Deshalb machen wir schlie\u00dflich die Kinder- und Jugendarbeit und einige unserer Talente haben ja in der abgelaufenen\u00a0 Regionalliga-Saison gezeigt, dass sie mithalten k\u00f6nnen.<\/em><\/p>\n<p><strong>Michael Getschmann hat trotz R\u00fccktrittsgedanken versprochen, auch in der kommenden Saison Trainer der M\u00e4nnermannschaft zu bleiben. Wie sieht die Zukunft des AC Germania in anderen Bereichen aus?<\/strong><\/p>\n<p><em>Ich kann verk\u00fcnden, dass ich\u00a0 nicht mehr f\u00fcr das Amt des Vorsitzenden kandidieren werde. Ich bin jetzt 73 Jahre alt, da m\u00fcssen j\u00fcngere Kr\u00e4fte ran. Dem Verein ist dieser Schritt lange bekannt und ich hoffe, dass wir diesen Schritt bew\u00e4ltigen werden. Die Mitgliederversammlung muss\u00a0 im ersten Quartal 2015, also bis sp\u00e4testens zum M\u00e4rz stattfinden. Einen genauen Termin\u00a0 daf\u00fcr haben wir noch nicht.<\/em><\/p>\n<p><strong>Das ist ein Hammer! Ringen in Artern ohne Gerd Pillep kann man sich nur schwer vorstellen. Wer soll denn Nachfolger werden?<\/strong><\/p>\n<p><em>Es gibt im Vorstand gemeinsame \u00dcberlegungen. Wir haben Jemanden im Auge.\u00a0 Am 13. Januar findet eine erweiterte Vorstandssitzung statt, vielleicht haben wir dann den Kandidaten.<\/em><\/p>\n<p><strong>Ihr Erbe nach 45 Jahren als ACG-Pr\u00e4sident anzutreten, wird alles andere als einfach. Und das, wo der AC Germania gerade den vielleicht schwierigsten Schritt der Vereinsgeschichte geht. Wie soll die Abl\u00f6sung aussehen?<\/strong><\/p>\n<p><em>Ich stehe meinem Nachfolger nat\u00fcrlich mit Rat und Tat zur Seite. Aber irgendwann muss man diesen Schritt gehen. Selbstverst\u00e4ndlich bleibe ich dem Verein auch in der Zukunft erhalten. Wir werden das schon packen!<\/em><\/p>\n","protected":false},"excerpt":{"rendered":"<p>Der ACG-Vorsitzende\u00a0 Gerd Pillep stellt sich nach 45 Jahren bei der n\u00e4chsten Mitgliederversammlung nicht\u00a0 zur Wiederwahl Das Interview wurde gef\u00fchrt von: Alexander Krospe (Th\u00fcringer Allgemeine) &nbsp; Gerd Pillep, die Weihnachtsfeiertage d\u00fcrften Sie nach dem Aufstieg des AC Germania Artern in die 2. Ringer-Bundesliga sehr genossen haben. Was haben Sie beim \u2026 <a class=\"continue-reading-link\" href=\"https:\/\/www.ac-germania.com\/?p=3023\">Weiterlesen <span class=\"meta-nav\">&rarr; <\/span><\/a><\/p>\n","protected":false},"author":1,"featured_media":3029,"comment_status":"open","ping_status":"open","sticky":false,"template":"","format":"standard","meta":{"footnotes":""},"categories":[8],"tags":[],"class_list":["post-3023","post","type-post","status-publish","format-standard","has-post-thumbnail","hentry","category-news-2015"],"_links":{"self":[{"href":"https:\/\/www.ac-germania.com\/index.php?rest_route=\/wp\/v2\/posts\/3023","targetHints":{"allow":["GET"]}}],"collection":[{"href":"https:\/\/www.ac-germania.com\/index.php?rest_route=\/wp\/v2\/posts"}],"about":[{"href":"https:\/\/www.ac-germania.com\/index.php?rest_route=\/wp\/v2\/types\/post"}],"author":[{"embeddable":true,"href":"https:\/\/www.ac-germania.com\/index.php?rest_route=\/wp\/v2\/users\/1"}],"replies":[{"embeddable":true,"href":"https:\/\/www.ac-germania.com\/index.php?rest_route=%2Fwp%2Fv2%2Fcomments&post=3023"}],"version-history":[{"count":0,"href":"https:\/\/www.ac-germania.com\/index.php?rest_route=\/wp\/v2\/posts\/3023\/revisions"}],"wp:featuredmedia":[{"embeddable":true,"href":"https:\/\/www.ac-germania.com\/index.php?rest_route=\/wp\/v2\/media\/3029"}],"wp:attachment":[{"href":"https:\/\/www.ac-germania.com\/index.php?rest_route=%2Fwp%2Fv2%2Fmedia&parent=3023"}],"wp:term":[{"taxonomy":"category","embeddable":true,"href":"https:\/\/www.ac-germania.com\/index.php?rest_route=%2Fwp%2Fv2%2Fcategories&post=3023"},{"taxonomy":"post_tag","embeddable":true,"href":"https:\/\/www.ac-germania.com\/index.php?rest_route=%2Fwp%2Fv2%2Ftags&post=3023"}],"curies":[{"name":"wp","href":"https:\/\/api.w.org\/{rel}","templated":true}]}}